{"id":226321,"date":"2021-11-15T06:42:22","date_gmt":"2021-11-15T06:42:22","guid":{"rendered":"https:\/\/dimensionturistica.com\/es\/?p=226321"},"modified":"2021-11-15T06:42:22","modified_gmt":"2021-11-15T06:42:22","slug":"romper-barreras-para-viajar-con-libertad","status":"publish","type":"post","link":"https:\/\/dimensionturistica.com\/es\/romper-barreras-para-viajar-con-libertad\/","title":{"rendered":"Romper barreras para viajar con libertad"},"content":{"rendered":"<p> <br \/>\n<\/p>\n<div id=\"article-body-content\" data-action=\"toggle\" data-status=\"on\">\n<p id=\"paragraph_1\">Hace 33 a\u00f1os, cuando Jos\u00e9 Antonio S\u00e1nchez estrenaba la veintena, &#8220;cuando empezaba a volar&#8221;, cuando miles de proyectos y planes de futuro revoloteaban por su inquieta cabeza con las ilusiones propias de la edad, todo cambi\u00f3 para siempre. El deadly destino se cruz\u00f3 de camino al bar de copas que sus padres iban a inaugurar aquella tarde en Madrid y Jos\u00e9 Antonio no logr\u00f3 llegar a su destino. Todo se par\u00f3 para \u00e9l en la carretera donde un accidente de tr\u00e1fico colision\u00f3 bruscamente con sus planes haciendo a\u00f1icos los esquemas de su vida y desde entonces ha convivido con la par\u00e1lisis en su cuerpo.<\/p>\n<p id=\"paragraph_2\">Con vitalidad y mucha fuerza de voluntad lanza un mensaje de esperanza y optimismo: &#8220;Aunque no con la misma intensidad, se pueden hacer muchas cosas con el apoyo necesario&#8221;. Gracias a esta filosof\u00eda de vida el madrile\u00f1o de 53 a\u00f1os <strong>ha perseguido sus inquietudes sin que la silla de ruedas haya sido para \u00e9l una limitaci\u00f3n.<\/strong>\u00a0<\/p>\n<h3 class=\"content__summary-title\">Fuera barreras<\/h3>\n<p id=\"paragraph_3\">Fue jugador del primer<strong> equipo de rugby<\/strong> que se fund\u00f3 en Espa\u00f1a gracias a Aspaym Madrid, ha participado en varios <strong>campeonatos nacionales de ping pong<\/strong>, ha competido en <strong>torneos de dardos<\/strong> con cerbatana, no ha cesado en su pasi\u00f3n por la lectura y no rechaza<strong> el plan que m\u00e1s le llena &#8220;disfrutar de los amigos en una buena terraza al sol&#8221;.<\/strong><\/p>\n<p id=\"paragraph_4\">Precisamente, Jos\u00e9 Antonio atiende a EL ESPA\u00d1OL- Noticias de Castilla y Le\u00f3n desde una terraza en el casco antiguo de Zamora junto a su grupo, pues gracias a su participaci\u00f3n en un proyecto piloto que ha puesto en marcha la\u00a0<strong>Plataforma Representativa Estatal de Personas con Discapacidad F\u00edsica <\/strong>(Predif) puede viajar con m\u00e1s libertad y, sobre todo, de una forma mucho m\u00e1s asequible.<\/p>\n<p id=\"paragraph_5\">Se trata de una iniciativa que presta la ayuda necesaria para que, personas con discapacidad, mayores o con problemas de movilidad puedan disfrutar del turismo y conocer mundo gracias a la<strong> asistencia private de las personas que les esperan en destino<\/strong> para ayudarles en todo lo que necesiten.<\/p>\n<p id=\"paragraph_6\">&#8220;Hay muchos tipos de discapacidad, yo soy un gran discapacitado tetrapl\u00e9jico que necesito ayuda a la hora de comer, de asearme, de abrir alguna puerta, de vestirme, de pasar de la silla a la cama, a veces necesito a dos personas para <strong>esas peque\u00f1as cosas en las que no reparas hasta que no te sucede<\/strong> y en los viajes pasa lo mismo. Necesito un asistente de principio a fin&#8221;, explica el madrile\u00f1o.\u00a0<\/p>\n<p id=\"paragraph_7\">Con su participaci\u00f3n en este proyecto han logrado abaratar los costes que supone una persona 24 horas juntos a ellos desde el inicio del viaje, porque monitores y asistentes les esperan en <strong>Valladolid, que junto a Madrid y Palma de Mallorca son las \u00fanicas ciudades que participan en la iniciativa.<\/strong><\/p>\n<p id=\"paragraph_8\">&#8220;Es una experiencia positiva para nosotros, porque necesitas una persona de confianza ya que muchas cosas en las que te ayudan son \u00edntimas y a la hora de realizar viajes <strong>este proyecto est\u00e1 supliendo muchos gastos como podr\u00edan ser los de contratar a una persona que vaya contigo desde el inicio<\/strong>, pagarle le viaje, el alojamiento y el trabajo de asistencia. Es como pagar las vacaciones a otra persona para que t\u00fa puedas disfrutarlas&#8221;, puntualiza Jos\u00e9 Antonio mientras \u00e9l y su grupo visitan Zamora.\u00a0<\/p>\n<div class=\"article-media \" itemscope=\"\" itemtype=\"http:\/\/schema.org\/ImageObject\">\n<p><img decoding=\"async\" alt=\"Jos\u00e9 Antonio de visita por Zamora\" data-imgm=\"true\" height=\"180\" loading=\"lazy\" sizes=\"auto, (max-width: 479px) 100vw, (max-width: 1023px) 80vw, 40vw\" src=\"https:\/\/s1.eestatic.com\/2021\/11\/12\/actualidad\/626698539_214708057_1024x576.jpg\" srcset=\"https:\/\/s1.eestatic.com\/2021\/11\/12\/actualidad\/626698539_214708060_320x180.jpg 320w, https:\/\/s1.eestatic.com\/2021\/11\/12\/actualidad\/626698539_214708059_640x360.jpg 640w, https:\/\/s1.eestatic.com\/2021\/11\/12\/actualidad\/626698539_214708058_864x486.jpg 864w, https:\/\/s1.eestatic.com\/2021\/11\/12\/actualidad\/626698539_214708057_1024x576.jpg 1024w, https:\/\/s1.eestatic.com\/2021\/11\/12\/actualidad\/626698539_214708056_1706x960.jpg 1706w\" width=\"320\"\/><\/p>\n<div class=\"article-media__caption\">\n<p>\n                    <span class=\"article-media__caption-description\"><br \/>\n                                    Jos\u00e9 Antonio de visita por Zamora<br \/>\n                            <\/span><\/p>\n<\/div><\/div>\n<p id=\"paragraph_9\">Han tenido una ruta planificada de lo m\u00e1s ajetreada para<strong> conocer Castilla y Le\u00f3n casi al completo,<\/strong> pues desde que llegaron el pasado domingo no han parado. Se alojan en Valladolid, pero han visitado &#8220;un mont\u00f3n de lugares y de verdad que es un lujo&#8221;, se\u00f1ala el usuario de Predif. El pasado mi\u00e9rcoles les recibi\u00f3 el presidente de la Diputaci\u00f3n, Conrado \u00cdscar y les ense\u00f1\u00f3 el hist\u00f3rico Palacio de Pimentel, quedaron encantados.<\/p>\n<p id=\"paragraph_10\">&#8220;Visitamos el centro de la ciudad, el lunes fuimos a <strong>Le\u00f3n<\/strong>, paramos en Medina de Rioseco para ver el Canal de Castilla, hemos estado en<strong> Salamanca<\/strong>, en Zamora, Toro, <strong>Burgos<\/strong> y Tordesillas. Hacemos turismo a la japonesa&#8221; bromea.<\/p>\n<p id=\"paragraph_11\">Ha realizado decenas de viajes con Predif y celebra esta iniciativa que les permite ser m\u00e1s independientes. A Jos\u00e9 Antonio <strong>no hay barrera que le impida el paso<\/strong>. Ha estado en Lanzarote, Valencia, Andaluc\u00eda, Costa Rica o Malta, entre otros destinos. &#8220;Aunque a\u00fan hay muchas compa\u00f1\u00edas que no permiten viajar solas a personas discapacitadas, en ese sentido hay que mejorar&#8221;, se\u00f1ala Jos\u00e9 Antonio a la vez que anima a otras personas con discapacidad a viajar y conocer mundo.\u00a0<\/p>\n<h3 class=\"content__summary-title\">Asistentes formados<\/h3>\n<p id=\"paragraph_12\">Tal y como explica este veterano usuario de Predif, lleva con ellos desde sus inicios &#8220;desde hace m\u00e1s de 15 a\u00f1os y realmente esta es una de las muchas cosas que hacen. La figura del asistente personal no es tan conocida. Son personas disponibles las 24 horas y esta es una iniciativa privada, pero llevamos unos a\u00f1os trabajando para tener bolsa de trabajo en Predif, Aspaym y distintos proyectos en los que se forma a las personas para que atiendan las necesidades distintas de cada uno&#8221;.<\/p>\n<p id=\"paragraph_13\">Como miembro del proyecto reflexiona sobre la cantidad de barreras que encuentran a la hora de viajar, la accesibilidad de los espacios, del transporte y de los hoteles. &#8220;Cuando est\u00e1s en silla de ruedas todo cambia, tuve que adaptar mi casa y son peque\u00f1as cosas, pero para salir a la calle ten\u00eda que subirme en una silla de oficina para entrar en el ascensor. Aunque a\u00fan <strong>hay mucho desconocimiento de las necesidades reales que tenemos para pasar, como es el caso, una semana de ocio&#8221; <\/strong>puntualiza.<strong> <\/strong><\/p>\n<p id=\"paragraph_14\">Jos\u00e9 Antonio piensa que ser\u00eda interesante &#8220;extenderlo a otras ciudades y a que los asistentes est\u00e9n junto a los monitores todo el d\u00eda, as\u00ed tendr\u00edamos la oportunidad de que se normalicen estos viajes y de poder salir del entorno con m\u00e1s facilidad&#8221;.<strong><br \/><\/strong><\/p>\n<p id=\"paragraph_15\">Coincide con el resto de miembros de este proyecto en que <strong>las administraciones y la sociedad han cambiado mucho<\/strong> en estos 33 a\u00f1os y hay <strong>cada vez m\u00e1s conciencia<\/strong>, pero a\u00fan hay que mejorar. Me ha sorprendido mucho la accesibilidad de Zamora, del casco antiguo y es de agradecer&#8221;, destaca.\u00a0<\/p>\n<h3 class=\"content__summary-title\">Vivir en una residencia<\/h3>\n<p id=\"paragraph_16\">Cont\u00f3 en todo momento con el apoyo de su familia y de sus amigos, &#8220;sobre todo de mi madre, era mi pilar fundamental, por eso, cuando ella falleci\u00f3 me desestructur\u00f3 y tom\u00e9 la decisi\u00f3n de irme a vivir a una residencia de lesionados medulares, aqu\u00ed llevo desde hace diez a\u00f1os&#8221;, se\u00f1ala.<\/p>\n<p id=\"paragraph_17\">El principio y el cambio fueron duros para \u00e9l, &#8220;porque es un cambio muy grande, pero estar all\u00ed me permite hacer muchas actividades, conocer gente que se convierte en familia, mi padre tambi\u00e9n falleci\u00f3 y yo s\u00e9 que mis hermanos est\u00e1n ah\u00ed para lo que necesite, pero estar en una residencia me permite <strong>hacer mi vida con independencia que es lo primordial para desarrollarte como persona<\/strong>&#8220;.<\/p>\n<p><include onerror=\"continue\" src=\"https:\/\/www.elespanol.com\/eemodules\/ESPTagListContentsHTMLMO\/mo.html?p=W10&amp;h=0b72\"\/><\/p>\n<h3 class=\"follow-topics-title\"><span class=\"follow-topics-title__icon\"\/>Sigue los temas que te interesan<\/h3>\n<\/p><\/div>\n\n<p><em> &#8221; Fuentes www.elespanol.com &#8221; <\/em><\/p>\n","protected":false},"excerpt":{"rendered":"<p>Hace 33 a\u00f1os, cuando Jos\u00e9 Antonio S\u00e1nchez estrenaba la veintena, &#8220;cuando empezaba a volar&#8221;, cuando miles de proyectos y planes de futuro revoloteaban por su inquieta cabeza con las ilusiones propias de la edad, todo cambi\u00f3 para siempre. El deadly destino se cruz\u00f3 de camino al bar de copas que sus padres iban a inaugurar [&hellip;]<\/p>\n","protected":false},"author":4,"featured_media":226322,"comment_status":"open","ping_status":"closed","sticky":false,"template":"","format":"standard","meta":{"om_disable_all_campaigns":false,"jnews-multi-image_gallery":[],"jnews_single_post":[],"jnews_primary_category":[],"jnews_social_meta":[],"footnotes":""},"categories":[39],"tags":[8956,544,2824],"class_list":["post-226321","post","type-post","status-publish","format-standard","has-post-thumbnail","hentry","category-viajes","tag-discapacidad","tag-turismo","tag-valladolid"],"_links":{"self":[{"href":"https:\/\/dimensionturistica.com\/es\/wp-json\/wp\/v2\/posts\/226321","targetHints":{"allow":["GET"]}}],"collection":[{"href":"https:\/\/dimensionturistica.com\/es\/wp-json\/wp\/v2\/posts"}],"about":[{"href":"https:\/\/dimensionturistica.com\/es\/wp-json\/wp\/v2\/types\/post"}],"author":[{"embeddable":true,"href":"https:\/\/dimensionturistica.com\/es\/wp-json\/wp\/v2\/users\/4"}],"replies":[{"embeddable":true,"href":"https:\/\/dimensionturistica.com\/es\/wp-json\/wp\/v2\/comments?post=226321"}],"version-history":[{"count":0,"href":"https:\/\/dimensionturistica.com\/es\/wp-json\/wp\/v2\/posts\/226321\/revisions"}],"wp:featuredmedia":[{"embeddable":true,"href":"https:\/\/dimensionturistica.com\/es\/wp-json\/wp\/v2\/media\/226322"}],"wp:attachment":[{"href":"https:\/\/dimensionturistica.com\/es\/wp-json\/wp\/v2\/media?parent=226321"}],"wp:term":[{"taxonomy":"category","embeddable":true,"href":"https:\/\/dimensionturistica.com\/es\/wp-json\/wp\/v2\/categories?post=226321"},{"taxonomy":"post_tag","embeddable":true,"href":"https:\/\/dimensionturistica.com\/es\/wp-json\/wp\/v2\/tags?post=226321"}],"curies":[{"name":"wp","href":"https:\/\/api.w.org\/{rel}","templated":true}]}}