{"id":226138,"date":"2021-11-14T17:53:46","date_gmt":"2021-11-14T17:53:46","guid":{"rendered":"https:\/\/dimensionturistica.com\/es\/?p=226138"},"modified":"2021-11-14T17:53:46","modified_gmt":"2021-11-14T17:53:46","slug":"el-elusivo-sr-col-rizada","status":"publish","type":"post","link":"https:\/\/dimensionturistica.com\/es\/el-elusivo-sr-col-rizada\/","title":{"rendered":"El elusivo Sr. Col Rizada"},"content":{"rendered":"<p> <br \/>\n<\/p>\n<div>\n<p class=\"css-axufdj evys1bk0\">\u201cAs\u00ed es\u201d, le dije. \u201cSiempre salgo con m\u00e1s de lo que planeo\u201d. Tambi\u00e9n tengo una aversi\u00f3n irracional a los carritos de compras, pero no pens\u00e9 que mereciera la pena comentarlo.<\/p>\n<p class=\"css-axufdj evys1bk0\">Coloqu\u00e9 los bocadillos en la cinta transportadora mientras la salsa de pasta y la leche se me escapaban torpemente de los brazos. Cuando mi camote cay\u00f3 en la cinta al otro lado del separador de pl\u00e1stico, el cliente que estaba en la cola detr\u00e1s de m\u00ed dijo: \u201cCreo que esto es tuyo\u201d.<\/p>\n<p class=\"css-axufdj evys1bk0\">\u201cAh, lo siento\u201d, dije, y lo tom\u00e9.<\/p>\n<p class=\"css-axufdj evys1bk0\">\u201cTu comida sana hace quedar mal a la m\u00eda\u201d, dijo con rastros de acento brit\u00e1nico. Mir\u00e9 detr\u00e1s de m\u00ed mientras la cinta transportadora dejaba a la vista sus papas fritas, carne molida y agua San Pellegrino.<\/p>\n<p class=\"css-axufdj evys1bk0\">\u201c\u00bfEso es col rizada?\u201d, pregunt\u00f3.<\/p>\n<p class=\"css-axufdj evys1bk0\">\u201cS\u00ed\u201d, dije, ahora frente a un hombre que en efecto period alto y guapo.<\/p>\n<p class=\"css-axufdj evys1bk0\">\u201c\u00bfTe importa si te pregunto c\u00f3mo la preparas?\u201d, dijo el hombre.<\/p>\n<p class=\"css-axufdj evys1bk0\">Pronto est\u00e1bamos analizando las bondades de las botanas de col rizada, la ensalada de col rizada, la col rizada <em class=\"css-2fg4z9 e1gzwzxm0\">\u00e0 la mode<\/em>, la historia de la col rizada,<a target=\"_blank\" class=\"css-1g7m0tk\" href=\"https:\/\/www.nytimes.com\/es\/2017\/05\/08\/espanol\/el-auge-de-los-superalimentos.html\" title=\"\" rel=\"noopener\"> el futuro de la col rizada, tambi\u00e9n conocida como kale<\/a>. Hasta que llegamos a la salida, donde nos presentamos (\u201cSam\u201d, dijo \u00e9l) antes de continuar nuestra charla fuera. El inc\u00f3modo no-intercambio de n\u00fameros se sent\u00eda como un peso en la brisa que levant\u00f3 un mech\u00f3n de pelo sobre mi ojo izquierdo (lo que esperaba que aumentara mi atractivo).<\/p>\n<p class=\"css-axufdj evys1bk0\">\u201cEstoy aqu\u00ed todo el tiempo\u201d, dijo. \u201cEstoy seguro de que volver\u00e9 a verte por aqu\u00ed\u201d.<\/p>\n<p class=\"css-axufdj evys1bk0\">\u201cS\u00ed\u201d, dije, tratando de contener mi asombro de que todo esto estuviera sucediendo realmente.<\/p>\n<p class=\"css-axufdj evys1bk0\">Entonces llam\u00e9 a Stephanie. \u201c\u00a1Ocurri\u00f3! Es alto. Tiene acento extranjero. Es lindo, m\u00e1s que lindo. \u00bfPero por qu\u00e9 no me pidi\u00f3 mi n\u00famero?\u201d.<\/p>\n<\/div>\n\n<p><em> \u2018 The preceding article may include information circulated by third parties \u2019 <\/em><\/p>\n<p><em> \u2018 Some details of this article were extracted from the following source www.nytimes.com \u2019 <\/em><\/p>\n","protected":false},"excerpt":{"rendered":"<p>\u201cAs\u00ed es\u201d, le dije. \u201cSiempre salgo con m\u00e1s de lo que planeo\u201d. Tambi\u00e9n tengo una aversi\u00f3n irracional a los carritos de compras, pero no pens\u00e9 que mereciera la pena comentarlo. Coloqu\u00e9 los bocadillos en la cinta transportadora mientras la salsa de pasta y la leche se me escapaban torpemente de los brazos. Cuando mi camote [&hellip;]<\/p>\n","protected":false},"author":2,"featured_media":226139,"comment_status":"open","ping_status":"closed","sticky":false,"template":"","format":"standard","meta":{"om_disable_all_campaigns":false,"jnews-multi-image_gallery":[],"jnews_single_post":[],"jnews_primary_category":[],"jnews_social_meta":[],"footnotes":""},"categories":[43],"tags":[],"class_list":["post-226138","post","type-post","status-publish","format-standard","has-post-thumbnail","hentry","category-gourmet"],"_links":{"self":[{"href":"https:\/\/dimensionturistica.com\/es\/wp-json\/wp\/v2\/posts\/226138","targetHints":{"allow":["GET"]}}],"collection":[{"href":"https:\/\/dimensionturistica.com\/es\/wp-json\/wp\/v2\/posts"}],"about":[{"href":"https:\/\/dimensionturistica.com\/es\/wp-json\/wp\/v2\/types\/post"}],"author":[{"embeddable":true,"href":"https:\/\/dimensionturistica.com\/es\/wp-json\/wp\/v2\/users\/2"}],"replies":[{"embeddable":true,"href":"https:\/\/dimensionturistica.com\/es\/wp-json\/wp\/v2\/comments?post=226138"}],"version-history":[{"count":0,"href":"https:\/\/dimensionturistica.com\/es\/wp-json\/wp\/v2\/posts\/226138\/revisions"}],"wp:featuredmedia":[{"embeddable":true,"href":"https:\/\/dimensionturistica.com\/es\/wp-json\/wp\/v2\/media\/226139"}],"wp:attachment":[{"href":"https:\/\/dimensionturistica.com\/es\/wp-json\/wp\/v2\/media?parent=226138"}],"wp:term":[{"taxonomy":"category","embeddable":true,"href":"https:\/\/dimensionturistica.com\/es\/wp-json\/wp\/v2\/categories?post=226138"},{"taxonomy":"post_tag","embeddable":true,"href":"https:\/\/dimensionturistica.com\/es\/wp-json\/wp\/v2\/tags?post=226138"}],"curies":[{"name":"wp","href":"https:\/\/api.w.org\/{rel}","templated":true}]}}