{"id":225906,"date":"2021-11-13T21:45:16","date_gmt":"2021-11-13T21:45:16","guid":{"rendered":"https:\/\/dimensionturistica.com\/es\/?p=225906"},"modified":"2021-11-13T21:45:17","modified_gmt":"2021-11-13T21:45:17","slug":"covid-19-viajes-interprovinciales-mayores-de-45-anos-podran-viajar-solo-con-vacunacion-completa-desde-este-15-de-noviembre-minsa-nndc-lima","status":"publish","type":"post","link":"https:\/\/dimensionturistica.com\/es\/covid-19-viajes-interprovinciales-mayores-de-45-anos-podran-viajar-solo-con-vacunacion-completa-desde-este-15-de-noviembre-minsa-nndc-lima\/","title":{"rendered":"COVID-19 | Viajes interprovinciales: mayores de 45 a\u00f1os podr\u00e1n viajar solo con vacunaci\u00f3n completa desde este 15 de noviembre | Minsa | nndc | LIMA"},"content":{"rendered":"<p> <br \/>\n<\/p>\n<div>\n<div class=\"story-contents__author flex \">\n<div class=\"story-contents__author-info flex\">\n<div><img src=\"https:\/\/elcomercio.pe\/resizer\/kLgcE1ljj5ITKlqbPPw1vJcDKl0=\/57x57\/smart\/filters:format(jpeg):quality(75)\/s3.amazonaws.com\/arc-authors\/elcomercio\/5f71beb8-bb6d-4743-9ed2-fc9ea6159daa.jpg\" alt=\"Redacci\u00f3n EC\" decoding=\"auto\" class=\" story-contents__author-image\" itemprop=\"image\" title=\"Redacci\u00f3n EC\"\/><\/div>\n<\/div>\n<\/div>\n<p><time class=\"story-contents__time\" datetime=\"2021-11-13T16:30:40-05:00\">Lima,  13 de noviembre de 2021<\/time><time datetime=\"2021-11-13T16:30:40-05:00\">Actualizado el 13\/11\/2021 04:30 p.m.<\/time><\/p>\n<\/div>\n<div id=\"contenedor\">\n<section>\n<p itemprop=\"description\" class=\"story-contents__font-paragraph \"><b>A partir de este lunes 15 de noviembre, seg\u00fan lo dispuesto en el <\/b><a rel=\"nofollow noopener\" target=\"_blank\" itemprop=\"url\" href=\"https:\/\/busquedas.elperuano.pe\/normaslegales\/decreto-supremo-que-prorroga-el-estado-de-emergencia-naciona-decreto-supremo-n-167-2021-pcm-2006935-1\/\"><b>Decreto Supremo 167-2021-PCM<\/b><\/a><b>, los pasajeros del servicio de transporte interprovincial terrestre mayores de 45 a\u00f1os solo podr\u00e1n abordar si acreditan sus dos dosis de la vacuna contra el <\/b><a rel=\"nofollow noopener\" target=\"_blank\" itemprop=\"url\" href=\"https:\/\/elcomercio.pe\/noticias\/covid-19\"><b>COVID-19<\/b><\/a><b>.<\/b><\/p>\n<blockquote class=\"story-contents__blockquote\"><p><b>MIRA: <\/b><a rel=\"nofollow noopener\" target=\"_blank\" href=\"https:\/\/elcomercio.pe\/lima\/transporte\/el-acuerdo-oculto-entre-colectiveros-informales-con-la-sutran-y-el-mtc-taxis-colectivos-juan-francisco-silva-atu-transporte-informal-combis-noticia\/\"><i><u><b>El acuerdo oculto entre colectiveros informales, la Sutr\u00e1n y el MTC<\/b><\/u><\/i><\/a><\/p><\/blockquote>\n<p itemprop=\"description\" class=\"story-contents__font-paragraph \">Seg\u00fan la norma, esto cumple para los cuatro niveles de alerta (moderado, alto, muy alto y extremo); adem\u00e1s, sirve para fomentar la vacunaci\u00f3n contra el coronavirus (<b>COVID-19<\/b>), seg\u00fan lo indicado por el ministro de Salud, Hernando Cevallos.<\/p>\n<p itemprop=\"description\" class=\"story-contents__font-paragraph \">Cevallos remarc\u00f3 que muchas personas deben realizar viajes de largas horas en el inside de un bus y que <b>el objetivo es que, al ser eventualmente contagiados, no desarrollen complicaciones de la enfermedad.<\/b><\/p>\n<h2 class=\"\"><mark class=\"hl_yellow\"><b>VIDEO RECOMENDADO<\/b><\/mark><\/h2>\n<div class=\"jwplayer-lazy \" id=\"l7mkwqHA\" data-hasads=\"1\" data-playerid=\"fB2Mdnsl\"><img src=\"https:\/\/elcomercio.pe\/resizer\/J_ZCQLqO-BRRa4TCu4PcHjd9IHk=\/580x326\/smart\/filters:format(jpeg):quality(75)\/cdn.jwplayer.com\/v2\/media\/l7mkwqHA\/poster.jpg\" alt=\"Minsa actualiza protocolos COVID: tener una mascarilla KN95 ser\u00e1 suficiente para ingresar a diversos locales\" decoding=\"async\" id=\"image_l7mkwqHA\" class=\"lazy \" style=\"width:100%\"\/><\/div><figcaption class=\"s-multimedia__caption\">El uso de mascarilla sigue siendo obligatorio para ingresar a diversos locales a nivel nacional. Sin embargo, en la nueva actualizaci\u00f3n de protocolos de bioseguridad indica que si una persona tiene una mascarilla KN95 ya no ser\u00e1 necesario usar doble de este elemento. En el siguiente video, conoce los cambios realizados. <a rel=\"nofollow noopener\" target=\"_blank\" href=\"\"><\/figcaption><h2 class=\"\"><\/h2>\n<p itemprop=\"description\" class=\"story-contents__font-paragraph \"><i><b>\u201cSi bien la vacuna es voluntaria, no tiene ning\u00fan ciudadano derecho a contagiar a otro ciudadano<\/b><\/i><i>. Al no estar vacunado las posibilidades de contagio son mayores\u201d<\/i>, expres\u00f3 sobre esta medida.<\/p>\n<p itemprop=\"description\" class=\"story-contents__font-paragraph \"><i>\u201cSi uno viaja en un \u00f3mnibus interprovincial, que tiene que viajar varias horas, con una persona que se sienta al lado, tienes el derecho a tener menos posibilidades de que te contagie<\/i>\u201d, agreg\u00f3 sobre el tema.<\/p>\n<p itemprop=\"description\" class=\"story-contents__font-paragraph \">De lado, otra medida que entrar\u00e1 en vigencia desde este<b> lunes 15 de noviembre, indica que los trabajadores del sector salud deber\u00e1n tener la vacunaci\u00f3n completa <\/b>para cumplir sus labores de manera presencial en sus centros de trabajo.<\/p>\n<h2 class=\"\"><mark class=\"hl_yellow\"><b>Toque de queda<\/b><\/mark><\/h2>\n<p itemprop=\"description\" class=\"story-contents__font-paragraph \">De acuerdo con el dispositivo legal, el <a rel=\"nofollow noopener\" target=\"_blank\" itemprop=\"url\" href=\"https:\/\/elcomercio.pe\/noticias\/toque-de-queda\/\">toque de queda<\/a> (inmovilizaci\u00f3n social obligatoria) en Lima y Callao ahora comenzar\u00e1 a la 2 de la madrugada y va hasta las 4 de la ma\u00f1ana del d\u00eda siguiente.<\/p>\n<blockquote class=\"story-contents__blockquote\"><p><b>MIRA:<\/b> <a rel=\"nofollow noopener\" target=\"_blank\" href=\"https:\/\/elcomercio.pe\/lima\/covid-19-mas-de-40-mil-docentes-aun-no-acuden-por-su-segunda-dosis-de-vacuna-a-nivel-nacional-ministerio-de-salud-nndc-noticia\/\"><i><u><b>M\u00e1s de 40 mil docentes en el pa\u00eds a\u00fan no acuden por su segunda dosis de vacuna contra el COVID-19<\/b><\/u><\/i><\/a><\/p><\/blockquote>\n<p itemprop=\"description\" class=\"story-contents__font-paragraph \">Vale recordar que hasta <b>el domingo 16 de octubre<\/b>, la medida restrictiva iniciaba a la 1 de la ma\u00f1ana, y hasta el 3 de septiembre, empezaba a la medianoche.<\/p>\n<p itemprop=\"description\" class=\"story-contents__font-paragraph \">Por otro lado, este fin de semana se brindar\u00e1 facilidades para movilizarse durante la madrugada a las personas que tienen programadas la aplicaci\u00f3n de dosis de <b>vacunas contra el COVID-19<\/b>.<\/p>\n<h2 class=\"\"><mark class=\"hl_yellow\"><b>Autos particulares podr\u00e1n round<\/b><\/mark><\/h2>\n<p itemprop=\"description\" class=\"story-contents__font-paragraph \">Lima y Callao no tienen la restricci\u00f3n de uso de <a rel=\"nofollow noopener\" target=\"_blank\" itemprop=\"url\" href=\"https:\/\/elcomercio.pe\/lima\/transporte\/estado-de-emergencia-en-lima-y-callao-conoce-si-este-domingo-14-de-noviembre-se-podra-hacer-uso-de-autos-particulares-pandemia-covid-19-nndc-noticia\/\">autos particulares<\/a> los domingos, mientras que el transporte interprovincial en ambos lugares funcionar\u00e1 sin restricciones. Esto quiere decir que el domingos 14 de noviembre estar\u00e1 permitido la salida de autos.<\/p>\n<div class=\"story-content__stamp-trust\">\n<div class=\"story-content__stamp-trust__box-left\">\n<p>Conforme a los criterios de<\/p>\n<p><a rel=\"nofollow noopener\" target=\"_blank\" href=\"https:\/\/elcomercio.pe\/buenas-practicas\/#trust-project\"><img decoding=\"async\" src=\"https:\/\/d1ts5g4ys243sh.cloudfront.net\/proyectos_especiales_prod\/especiales\/banner-trust-project\/logo-trust.png\" alt=\"Trust Project\" width=\"100%\" height=\"26\" class=\"lazy \"\/><\/a><\/div>\n<p><a rel=\"nofollow noopener\" target=\"_blank\" href=\"https:\/\/elcomercio.pe\/buenas-practicas\/\" class=\"story-content__stamp-trust__link\">Saber m\u00e1s<\/a><\/div>\n<h2 class=\"\"><mark class=\"hl_yellow\"><b>VIDEO RECOMENDADO<\/b><\/mark><\/h2>\n<div class=\"jwplayer-lazy \" id=\"bS3sDYNg\" data-hasads=\"1\" data-playerid=\"fB2Mdnsl\"><img src=\"https:\/\/elcomercio.pe\/resizer\/UySLiLHDph1NwfQgd9-lD7GqjSs=\/580x326\/smart\/filters:format(jpeg):quality(75)\/cdn.jwplayer.com\/v2\/media\/bS3sDYNg\/poster.jpg\" alt=\"Venta del avi\u00f3n presidencial: Per\u00fa y otros pa\u00edses que intentaron realizar esta acci\u00f3n\" decoding=\"async\" id=\"image_bS3sDYNg\" class=\"lazy \" style=\"width:100%\"\/><\/div><figcaption class=\"s-multimedia__caption\">El presidente de la Rep\u00fablica, Pedro Castillo, anunci\u00f3, desde Ayacucho, que pondr\u00e1 a la venta el avi\u00f3n presidencial como parte de una serie de medidas de austeridad. Los recursos obtenidos ser\u00e1n destinados a la salud y educaci\u00f3n de los ni\u00f1os y ni\u00f1as del Per\u00fa. <a rel=\"nofollow noopener\" target=\"_blank\" href=\"\"><\/figcaption><h2 class=\"\"><mark class=\"hl_yellow\"><b>TE PUEDE INTERESAR<\/b><\/mark><\/h2>\n<\/section>\n<\/div>\n\n<p><em> &#8221; Fuentes elcomercio.pe &#8221; <\/em><\/p>\n","protected":false},"excerpt":{"rendered":"<p>Lima, 13 de noviembre de 2021Actualizado el 13\/11\/2021 04:30 p.m. A partir de este lunes 15 de noviembre, seg\u00fan lo dispuesto en el Decreto Supremo 167-2021-PCM, los pasajeros del servicio de transporte interprovincial terrestre mayores de 45 a\u00f1os solo podr\u00e1n abordar si acreditan sus dos dosis de la vacuna contra el COVID-19. MIRA: El acuerdo [&hellip;]<\/p>\n","protected":false},"author":4,"featured_media":225907,"comment_status":"open","ping_status":"closed","sticky":false,"template":"","format":"standard","meta":{"om_disable_all_campaigns":false,"jnews-multi-image_gallery":[],"jnews_single_post":[],"jnews_primary_category":[],"jnews_social_meta":[],"footnotes":""},"categories":[39],"tags":[55,510,12368],"class_list":["post-225906","post","type-post","status-publish","format-standard","has-post-thumbnail","hentry","category-viajes","tag-coronavirus","tag-covid-19","tag-viajes-interprovinciales"],"_links":{"self":[{"href":"https:\/\/dimensionturistica.com\/es\/wp-json\/wp\/v2\/posts\/225906","targetHints":{"allow":["GET"]}}],"collection":[{"href":"https:\/\/dimensionturistica.com\/es\/wp-json\/wp\/v2\/posts"}],"about":[{"href":"https:\/\/dimensionturistica.com\/es\/wp-json\/wp\/v2\/types\/post"}],"author":[{"embeddable":true,"href":"https:\/\/dimensionturistica.com\/es\/wp-json\/wp\/v2\/users\/4"}],"replies":[{"embeddable":true,"href":"https:\/\/dimensionturistica.com\/es\/wp-json\/wp\/v2\/comments?post=225906"}],"version-history":[{"count":0,"href":"https:\/\/dimensionturistica.com\/es\/wp-json\/wp\/v2\/posts\/225906\/revisions"}],"wp:featuredmedia":[{"embeddable":true,"href":"https:\/\/dimensionturistica.com\/es\/wp-json\/wp\/v2\/media\/225907"}],"wp:attachment":[{"href":"https:\/\/dimensionturistica.com\/es\/wp-json\/wp\/v2\/media?parent=225906"}],"wp:term":[{"taxonomy":"category","embeddable":true,"href":"https:\/\/dimensionturistica.com\/es\/wp-json\/wp\/v2\/categories?post=225906"},{"taxonomy":"post_tag","embeddable":true,"href":"https:\/\/dimensionturistica.com\/es\/wp-json\/wp\/v2\/tags?post=225906"}],"curies":[{"name":"wp","href":"https:\/\/api.w.org\/{rel}","templated":true}]}}