{"id":225892,"date":"2021-11-13T20:35:55","date_gmt":"2021-11-13T20:35:55","guid":{"rendered":"https:\/\/dimensionturistica.com\/es\/?p=225892"},"modified":"2021-11-13T20:35:55","modified_gmt":"2021-11-13T20:35:55","slug":"cinco-de-las-mejores-chefs-latinas-cocinan-en-costa-rica-y-exponen-sus-ingredientes-al-mundo","status":"publish","type":"post","link":"https:\/\/dimensionturistica.com\/es\/cinco-de-las-mejores-chefs-latinas-cocinan-en-costa-rica-y-exponen-sus-ingredientes-al-mundo\/","title":{"rendered":"Cinco de las mejores chefs latinas cocinan en Costa Rica y exponen sus ingredientes al mundo"},"content":{"rendered":"<p> <br \/>\n<\/p>\n<p>                                            <b> <a target=\"_blank\" href=\"https:\/\/www.larepublica.net\/proveedor-contenido-independiente\/15\" rel=\"noopener\">Melissa Gonz\u00e1lez <\/a> <\/b><\/p>\n<p>                    melissagonzalez.asesora@larepublica.internet |<br \/>\n                    S\u00e1bado 13 noviembre, 2021<br \/>\n                                        10:20 am\n                                    <\/p>\n<div>\n<p>Cinco talentosas y destacadas cooks latinoamericanas, est\u00e1n de visita en el pa\u00eds invitadas a conocer los ingredientes ticos y unir sus destrezas en la cocina.<\/p>\n<p>Se trata de La peruana Arlette Eulert, la colombiana Catalina V\u00e9lez, la guatemalteca Mirciny Moliviatis, la mexicana Sof\u00eda Cortina y Deborah de Corral, argentina radicada en Miami, Estados Unidos.<\/p>\n<p>Ellas llegaron para realizar exploraci\u00f3n culinaria en varios destinos. <\/p>\n<p>\n                                <a target=\"_blank\" class=\"leemas\" href=\"https:\/\/www.larepublica.net\/noticia\/prestigiosa-guia-francesa-selecciona-al-chef-tico-randy-siles-para-cocinar-en-su-lanzamiento\" rel=\"noopener\"><br \/>\n                                    Lea m\u00e1s: Prestigiosa gu\u00eda francesa selecciona al chef tico Randy Siles para cocinar en su lanzamiento<br \/>\n                                <\/a>\n                                <\/p>\n<p>Entre las actividades que han realizado est\u00e1 la cena \u201cA 10 manos Costa Rica\u201d, en el <a target=\"_blank\" href=\"https:\/\/www.larepublica.net\/noticia\/silvestre-una-experiencia-de-innovacion-entre-lo-cotidiano\" rel=\"noopener\">restaurante Silvestre<\/a> en barrio Am\u00f3n, donde cada una prepar\u00f3 una receta con ingredientes locales, con el apoyo del chef <a target=\"_blank\" href=\"https:\/\/www.larepublica.net\/noticia\/santiago-fernandez-llevara-la-cocina-tica-por-el-mundo\" rel=\"noopener\">Santiago Fern\u00e1ndez<\/a>, quien previo al evento hizo una investigaci\u00f3n sobre los productos que est\u00e1n en este momento de temporada como insumos para la cita.<\/p>\n<p>\u201cLa gastronom\u00eda est\u00e1 regresando a la ra\u00edz durante muchos a\u00f1os hemos visto ese cambio de usar los ingredientes locales, es un motor gigante para la econom\u00eda. Los chefs tenemos una responsabilidad muy grande en apoyo al ambiente, en el no desperdicio y te alimentes consiente\u201d, dijo Moliviatis.<\/p>\n<p>Durante el evento la marca de agua mineral S.Pellegrino lanz\u00f3 su edici\u00f3n Lujo Twin Immersive  Assortment S.Pellegrino &amp; Acqua Panna, dise\u00f1ada para capturar los mejores momentos  alrededor de la mesa. <\/p>\n<p>\n                                <a target=\"_blank\" class=\"leemas\" href=\"https:\/\/www.larepublica.net\/noticia\/nace-primera-plataforma-de-productores-y-cocineros-locales-en-costa-rica-marco-antonio-ganoza-chef\" rel=\"noopener\"><br \/>\n                                    Lea m\u00e1s: Nace primera plataforma de productores y cocineros locales en Costa Rica: Marco Antonio Ganoza, chef<br \/>\n                                <\/a>\n                                <\/p>\n<p>\u201cEn Costa Rica, el Chef Santiago es el Chef S. Pellegrino y ser\u00e1 anfitri\u00f3n de esta nueva edici\u00f3n. Santiago por su amplia trayectoria y por su trabajo de investigaci\u00f3n sobre ingredientes costarricenses es el aliado id\u00f3neo para colocar a nuestro pa\u00eds en el mapa de la gastronom\u00eda mundial\u201d, dijo Adriana Vargas, Gerente de marca San Pellegrino para Costa Rica.  <\/p>\n<p><strong>Quienes son <\/strong><\/p>\n<p><strong>Sof\u00eda Cortina:<\/strong> Fue galardonada como \u201cLatin America\u2019s Best Pastry Chef 2020\u201d por la premiaci\u00f3n de \u201c<a target=\"_blank\" href=\"https:\/\/www.larepublica.net\/noticia\/chef-de-50-best-restaurants-cocinara-en-costa-rica\" rel=\"noopener\">Latin America&#8217;s 50 Best Restaurants<\/a> 2020\u201d, el evento m\u00e1s importante de gastronom\u00eda que reconoce lo mejor de la regi\u00f3n.<\/p>\n<p>Cortina trabaj\u00f3 en el restaurante Pujol, del chef Enrique Olvera, y en el a\u00f1o 2013 decidi\u00f3 estudiar en Barcelona, Espa\u00f1a, tomando un curso en la escuela de pasteler\u00eda Espaisucre y trabajando en el restaurante \u201cDos Palillos\u201d, de Albert Raurich.<\/p>\n<blockquote class=\"instagram-media\" data-instgrm-permalink=\"https:\/\/www.instagram.com\/tv\/CF0FWH6jS79\/?utm_source=ig_embed&amp;utm_campaign=loading\" data-instgrm-version=\"14\" style=\" background:#FFF; border:0; border-radius:3px; box-shadow:0 0 1px 0 rgba(0,0,0,0.5),0 1px 10px 0 rgba(0,0,0,0.15); margin: 1px; max-width:540px; min-width:326px; padding:0; width:99.375%; width:-webkit-calc(100% - 2px); width:calc(100% - 2px);\"\/>\n<p><strong>Arlette Eulert:<\/strong>  La prestigiosa lista de Los 50 Mejores Restaurantes del Mundo la eligi\u00f3 en su expedici\u00f3n \u201c50 Best Explores\u201d.<\/p>\n<p>Tambi\u00e9n estudi\u00f3 en la escuela Le Cordon Bleu Per\u00fa, su experiencia laboral empez\u00f3 de la mano del chef peruano Rafael Osterling, ha trabajado en Sucre (Guayaquil), Ibai Restaurant (Barcelona), Gaig restaurant (Barcelona), Nobu (Londres) y Dom Restaurant (Sao Paulo). <\/p>\n<p>Hace cinco a\u00f1os abri\u00f3 su propio restaurante llamado Matria, en Lima, Per\u00fa.<\/p>\n<blockquote class=\"instagram-media\" data-instgrm-permalink=\"https:\/\/www.instagram.com\/tv\/CMLfhEtlyoP\/?utm_source=ig_embed&amp;utm_campaign=loading\" data-instgrm-version=\"14\" style=\" background:#FFF; border:0; border-radius:3px; box-shadow:0 0 1px 0 rgba(0,0,0,0.5),0 1px 10px 0 rgba(0,0,0,0.15); margin: 1px; max-width:540px; min-width:326px; padding:0; width:99.375%; width:-webkit-calc(100% - 2px); width:calc(100% - 2px);\"\/>\n<p><strong>Catalina V\u00e9lez: <\/strong> chef certificada por el Atlanta Artwork Institute y el Cordon Bleu de Par\u00eds. <\/p>\n<p>Tras varios a\u00f1os de estar al frente de sus exitosos restaurantes \u201cKIVA\u201d y \u201cLUNA\u201d, referentes gastron\u00f3micos en la ciudad de Cali, Colombia, ahora dedica su tiempo a la investigaci\u00f3n de la alimentaci\u00f3n consciente y al oficio que ejercen los agricultores campesinos y las cocineras tradicionales. <\/p>\n<p>Su prop\u00f3sito es crear un concepto alineado con su filosof\u00eda de vida, impulsada en la soberan\u00eda alimentaria al inside de comunidades que habitan en zonas de conflicto y situaci\u00f3n de pobreza. <\/p>\n<blockquote class=\"instagram-media\" data-instgrm-permalink=\"https:\/\/www.instagram.com\/p\/B925M3oHAed\/?utm_source=ig_embed&amp;utm_campaign=loading\" data-instgrm-version=\"14\" style=\" background:#FFF; border:0; border-radius:3px; box-shadow:0 0 1px 0 rgba(0,0,0,0.5),0 1px 10px 0 rgba(0,0,0,0.15); margin: 1px; max-width:540px; min-width:326px; padding:0; width:99.375%; width:-webkit-calc(100% - 2px); width:calc(100% - 2px);\"\/>\n<p><strong>Mircinys Moliviatis: <\/strong>Es una reconocida chef y conductora guatemalteca apasionada por la gastronom\u00eda, se ha caracterizado por ser una profesional innovadora, que conoce y aprecia las m\u00e1s modernas t\u00e9cnicas y tendencias europeas. <\/p>\n<p>Adquiri\u00f3 conocimientos de los cooks espa\u00f1oles Juan Mari Arzak y Jordi Butr\u00f3n, pas\u00f3 una temporada en \u201cBulli\u201d, antiguo restaurante del chef Ferr\u00e1n Adri\u00e1, permiti\u00e9ndole ser testigo de la revoluci\u00f3n de la cocina del siglo XXI.<\/p>\n<blockquote class=\"instagram-media\" data-instgrm-permalink=\"https:\/\/www.instagram.com\/tv\/CKUWfkDDfKw\/?utm_source=ig_embed&amp;utm_campaign=loading\" data-instgrm-version=\"14\" style=\" background:#FFF; border:0; border-radius:3px; box-shadow:0 0 1px 0 rgba(0,0,0,0.5),0 1px 10px 0 rgba(0,0,0,0.15); margin: 1px; max-width:540px; min-width:326px; padding:0; width:99.375%; width:-webkit-calc(100% - 2px); width:calc(100% - 2px);\"\/>\n<p><strong>Deborah de Corral:<\/strong> Cocinera estudiosa de las nuevas tendencias, sabores del mundo y corrientes est\u00e9ticas gastro, sorprende con su pasi\u00f3n para sintetizar modernidad, simplicidad y sofisticaci\u00f3n. En 2015 se mud\u00f3 a Miami, Estados Unidos d\u00f3nde tuvo bajo su responsabilidad el restaurante de \u201cStandard Hotel\u201d. Actualmente est\u00e1 a cargo de \u201cTigre\u201d, su flamante restaurante en la zona de  Little River.<\/p>\n<blockquote class=\"instagram-media\" data-instgrm-permalink=\"https:\/\/www.instagram.com\/tv\/B-xJZLOFI2v\/?utm_source=ig_embed&amp;utm_campaign=loading\" data-instgrm-version=\"14\" style=\" background:#FFF; border:0; border-radius:3px; box-shadow:0 0 1px 0 rgba(0,0,0,0.5),0 1px 10px 0 rgba(0,0,0,0.15); margin: 1px; max-width:540px; min-width:326px; padding:0; width:99.375%; width:-webkit-calc(100% - 2px); width:calc(100% - 2px);\"\/><\/div>\n<p><script>\n            setTimeout(function() { \n                var element = document.createElement(\"script\");\n                element.src = \"https:\/\/www.larepublica.net\/js\/app.js?id=dca74f0d54bc5cd9f899\";\n                document.querySelector(\"head\").appendChild(element);\n            }, 1000);\n            setTimeout(function() { \n                var $navbarBurgers = Array.prototype.slice.call(document.querySelectorAll('.navbar-burger'), 0);\n                \/\/ Check if there are any navbar burgers\n                if ($navbarBurgers.length > 0) {\n                    \/\/ Add a click event on each of them\n                    $navbarBurgers.forEach(function ($el) {\n                        $el.addEventListener('click', function () {\n                            \/\/ Get the target from the \"data-target\" attribute\n                            var target = $el.dataset.target;\n                            var $target = document.getElementById(target);\n                            \/\/ Toggle the class on both the \"navbar-burger\" and the \"navbar-menu\"\n                            $el.classList.toggle('is-active');\n                            $target.classList.toggle('is-active');\n                        });\n                    });\n                }\n                \/\/ (function(w,d,s,l,i){w[l]=w[l]||[];w[l].push({'gtm.start':\n                \/\/ new Date().getTime(),event:'gtm.js'});var f=d.getElementsByTagName(s)[0],\n                \/\/ j=d.createElement(s),dl=l!='dataLayer'?'&l=\"+l:\"';j.async=true;j.src=\n                \/\/ 'https:\/\/www.googletagmanager.com\/gtm.js?id='+i+dl;f.parentNode.insertBefore(j,f);\n                \/\/ })(window,document,'script','dataLayer','GTM-NXK42CQ');\n                \/\/ !function(f,b,e,v,n,t,s){if(f.fbq)return;n=f.fbq=function(){n.callMethod?\n                \/\/ n.callMethod.apply(n,arguments):n.queue.push(arguments)};if(!f._fbq)f._fbq=n;\n                \/\/ n.push=n;n.loaded=!0;n.version='2.0';n.queue=[];t=b.createElement(e);t.async=!0;\n                \/\/ t.src=v;s=b.getElementsByTagName(e)[0];s.parentNode.insertBefore(t,s)}(window,\n                \/\/ document,'script','https:\/\/connect.facebook.net\/en_US\/fbevents.js');\n                \/\/ fbq('init', '143267720877988');\n                \/\/ fbq('track', \"PageView\"); \n            }, 4000);\n            setTimeout(function() { \n                var element = document.createElement(\"script\");\n                element.src = \"https:\/\/ads.vidoomy.com\/larepublica_11451.js\";\n                document.querySelector(\"head\").appendChild(element);\n                (function(w,d,s,l,i){w[l]=w[l]||[];w[l].push({'gtm.start':\n                new Date().getTime(),event:'gtm.js'});var f=d.getElementsByTagName(s)[0],\n                j=d.createElement(s),dl=l!='dataLayer'?'&l=\"+l:\"';j.async=true;j.src=\"https:\/\/www.googletagmanager.com\/gtm.js?id=\"+i+dl;f.parentNode.insertBefore(j,f);\n                })(window,document,'script','dataLayer','GTM-NXK42CQ');\n                !function(f,b,e,v,n,t,s){if(f.fbq)return;n=f.fbq=function(){n.callMethod?\n                n.callMethod.apply(n,arguments):n.queue.push(arguments)};if(!f._fbq)f._fbq=n;\n                n.push=n;n.loaded=!0;n.version='2.0';n.queue=[];t=b.createElement(e);t.async=!0;\n                t.src=v;s=b.getElementsByTagName(e)[0];s.parentNode.insertBefore(t,s)}(window,\n                document,'script','https:\/\/connect.facebook.net\/en_US\/fbevents.js');\n                fbq('init', '143267720877988');\n                fbq('track', \"PageView\");\n            }, 10000);\n        <\/script><script async defer src=\"https:\/\/platform.instagram.com\/en_US\/embeds.js\"><\/script><br \/>\n<br \/><\/p>\n<p><em> \u2018 The preceding article may include information circulated by third parties \u2019 <\/em><\/p>\n<p><em> \u2018 Some details of this article were extracted from the following source www.larepublica.net \u2019 <\/em><\/p>\n","protected":false},"excerpt":{"rendered":"<p>Melissa Gonz\u00e1lez melissagonzalez.asesora@larepublica.internet | S\u00e1bado 13 noviembre, 2021 10:20 am Cinco talentosas y destacadas cooks latinoamericanas, est\u00e1n de visita en el pa\u00eds invitadas a conocer los ingredientes ticos y unir sus destrezas en la cocina. Se trata de La peruana Arlette Eulert, la colombiana Catalina V\u00e9lez, la guatemalteca Mirciny Moliviatis, la mexicana Sof\u00eda Cortina y [&hellip;]<\/p>\n","protected":false},"author":2,"featured_media":225893,"comment_status":"open","ping_status":"closed","sticky":false,"template":"","format":"standard","meta":{"om_disable_all_campaigns":false,"jnews-multi-image_gallery":[],"jnews_single_post":[],"jnews_primary_category":[],"jnews_social_meta":[],"footnotes":""},"categories":[43],"tags":[],"class_list":["post-225892","post","type-post","status-publish","format-standard","has-post-thumbnail","hentry","category-gourmet"],"_links":{"self":[{"href":"https:\/\/dimensionturistica.com\/es\/wp-json\/wp\/v2\/posts\/225892","targetHints":{"allow":["GET"]}}],"collection":[{"href":"https:\/\/dimensionturistica.com\/es\/wp-json\/wp\/v2\/posts"}],"about":[{"href":"https:\/\/dimensionturistica.com\/es\/wp-json\/wp\/v2\/types\/post"}],"author":[{"embeddable":true,"href":"https:\/\/dimensionturistica.com\/es\/wp-json\/wp\/v2\/users\/2"}],"replies":[{"embeddable":true,"href":"https:\/\/dimensionturistica.com\/es\/wp-json\/wp\/v2\/comments?post=225892"}],"version-history":[{"count":0,"href":"https:\/\/dimensionturistica.com\/es\/wp-json\/wp\/v2\/posts\/225892\/revisions"}],"wp:featuredmedia":[{"embeddable":true,"href":"https:\/\/dimensionturistica.com\/es\/wp-json\/wp\/v2\/media\/225893"}],"wp:attachment":[{"href":"https:\/\/dimensionturistica.com\/es\/wp-json\/wp\/v2\/media?parent=225892"}],"wp:term":[{"taxonomy":"category","embeddable":true,"href":"https:\/\/dimensionturistica.com\/es\/wp-json\/wp\/v2\/categories?post=225892"},{"taxonomy":"post_tag","embeddable":true,"href":"https:\/\/dimensionturistica.com\/es\/wp-json\/wp\/v2\/tags?post=225892"}],"curies":[{"name":"wp","href":"https:\/\/api.w.org\/{rel}","templated":true}]}}