{"id":225613,"date":"2021-11-13T06:44:18","date_gmt":"2021-11-13T06:44:18","guid":{"rendered":"https:\/\/dimensionturistica.com\/es\/?p=225613"},"modified":"2021-11-13T06:44:18","modified_gmt":"2021-11-13T06:44:18","slug":"huerta-inclusion-social-y-los-platos-de-mama-un-restaurante-top-en-busca-de-la-gastronomia-sostenible","status":"publish","type":"post","link":"https:\/\/dimensionturistica.com\/es\/huerta-inclusion-social-y-los-platos-de-mama-un-restaurante-top-en-busca-de-la-gastronomia-sostenible\/","title":{"rendered":"Huerta, inclusi\u00f3n social y los platos de mam\u00e1. Un restaurante top, en busca de la gastronom\u00eda sostenible"},"content":{"rendered":"<p> <br \/>\n<\/p>\n<div><head><meta charset=\"utf-8\"\/><meta name=\"viewport\" content=\"width=device-width,initial-scale=1.0,minimum-scale=0.5,maximum-scale=5.0,user-scalable=yes\"\/><meta name=\"theme-color\" content=\"#ffffff\"\/><title>Huerta, inclusi\u00f3n social y los platos de mam\u00e1. Un restaurante high, en busca de la gastronom\u00eda sostenible &#8211; LA NACION<\/title><link id=\"fusion-output-type-styles\" rel=\"stylesheet\" type=\"text\/css\" href=\"https:\/\/www.lanacion.com.ar\/pf\/dist\/components\/output-types\/default.css?d=586\"\/><link id=\"fusion-template-styles\" rel=\"stylesheet\" type=\"text\/css\" href=\"https:\/\/www.lanacion.com.ar\/pf\/dist\/components\/combinations\/default.css?d=586\"\/><link id=\"preload-img\" rel=\"preload\" href=\"https:\/\/resizer.glanacion.com\/resizer\/6e15NGpq2cGvKLk4Zv3OHbpq8Ac=\/879x586\/smart\/filters:quality(80)\/cloudfront-us-east-1.images.arcpublishing.com\/lanacionar\/XVSXODEC5NCNBDBLBLKP4T2HIU.JPG\" as=\"image\" media=\"(min-width: 1280.1px)\"\/><link id=\"preload-img\" rel=\"preload\" href=\"https:\/\/resizer.glanacion.com\/resizer\/4YTOKxkFAi7IZhbCKJky18HEOQA=\/1119x746\/smart\/filters:quality(80)\/cloudfront-us-east-1.images.arcpublishing.com\/lanacionar\/XVSXODEC5NCNBDBLBLKP4T2HIU.JPG\" as=\"image\" media=\"(min-width: 1024.1px and max-width: 1280px)\"\/><link id=\"preload-img\" rel=\"preload\" href=\"https:\/\/resizer.glanacion.com\/resizer\/eVBK0FtppMd24CQ0UDt69Qi0M60=\/768x512\/smart\/filters:quality(80)\/cloudfront-us-east-1.images.arcpublishing.com\/lanacionar\/XVSXODEC5NCNBDBLBLKP4T2HIU.JPG\" as=\"image\" media=\"(min-width: 768.1px and max-width: 1024px)\"\/><link id=\"preload-img\" rel=\"preload\" href=\"https:\/\/resizer.glanacion.com\/resizer\/CY1jO_iidY-37PxLJdGSZRCAbJU=\/351x234\/smart\/filters:quality(80)\/cloudfront-us-east-1.images.arcpublishing.com\/lanacionar\/XVSXODEC5NCNBDBLBLKP4T2HIU.JPG\" as=\"image\" media=\"(min-width: 375.1px and max-width: 768px)\"\/><link id=\"preload-img\" rel=\"preload\" href=\"https:\/\/resizer.glanacion.com\/resizer\/eEBI8Da0Hcv59H8XfBV6gvuMTj4=\/309x206\/smart\/filters:quality(80)\/cloudfront-us-east-1.images.arcpublishing.com\/lanacionar\/XVSXODEC5NCNBDBLBLKP4T2HIU.JPG\" as=\"image\" media=\"(max-width: 375px)\"\/><link href=\"https:\/\/www.googletagmanager.com\" rel=\"preconnect\"\/><link href=\"https:\/\/www.googletagmanager.com\" rel=\"dns-prefetch\"\/><link href=\"https:\/\/static.glanacion.com\" rel=\"preconnect\"\/><link href=\"https:\/\/static.glanacion.com\" rel=\"dns-prefetch\"\/><link href=\"https:\/\/www.google-analytics.com\" rel=\"preconnect\"\/><link href=\"https:\/\/www.google-analytics.com\" rel=\"dns-prefetch\"\/><link href=\"https:\/\/sb.scorecardresearch.com\" rel=\"preconnect\"\/><link href=\"https:\/\/sb.scorecardresearch.com\" rel=\"dns-prefetch\"\/><link href=\"https:\/\/securepubads.g.doubleclick.net\" rel=\"preconnect\"\/><link href=\"https:\/\/securepubads.g.doubleclick.net\" rel=\"dns-prefetch\"\/><link href=\"https:\/\/c.amazon-adsystem.com\" rel=\"preconnect\"\/><link href=\"https:\/\/c.amazon-adsystem.com\" rel=\"dns-prefetch\"\/><link href=\"https:\/\/www.googletagservices.com\" rel=\"preconnect\"\/><link href=\"https:\/\/www.googletagservices.com\" rel=\"dns-prefetch\"\/><link href=\"https:\/\/tag.navdmp.com\" rel=\"preconnect\"\/><link href=\"https:\/\/tag.navdmp.com\" rel=\"dns-prefetch\"\/><link href=\"https:\/\/s.go-mpulse.net\" rel=\"preconnect\"\/><link href=\"https:\/\/s.go-mpulse.net\" rel=\"dns-prefetch\"\/><link href=\"https:\/\/c.go-mpulse.net\" rel=\"preconnect\"\/><link href=\"https:\/\/c.go-mpulse.net\" rel=\"dns-prefetch\"\/><link href=\"https:\/\/static.hotjar.com\" rel=\"preconnect\"\/><link href=\"https:\/\/static.hotjar.com\" rel=\"dns-prefetch\"\/><link href=\"https:\/\/cdn.jsdelivr.net\" rel=\"preconnect\"\/><link href=\"https:\/\/cdn.jsdelivr.net\" rel=\"dns-prefetch\"\/><link href=\"https:\/\/ingresar.lanacion.com.ar\" rel=\"preconnect\"\/><link href=\"https:\/\/ingresar.lanacion.com.ar\" rel=\"dns-prefetch\"\/><link href=\"https:\/\/api-ingresar.lanacion.com.ar\" rel=\"preconnect\"\/><link href=\"https:\/\/api-ingresar.lanacion.com.ar\" rel=\"dns-prefetch\"\/><link href=\"https:\/\/especialess3.lanacion.com.ar\" rel=\"preconnect\"\/><link href=\"https:\/\/especialess3.lanacion.com.ar\" rel=\"dns-prefetch\"\/><link href=\"https:\/\/www.datadoghq-browser-agent.com\" rel=\"preconnect\"\/><link href=\"https:\/\/www.datadoghq-browser-agent.com\" rel=\"dns-prefetch\"\/><meta name=\"parsely-section\" content=\"La-nacion-revista\"\/><noscript><img decoding=\"async\" src=\"https:\/\/sb.scorecardresearch.com\/p?c1=2&amp;c2=6906398&amp;cv=2.0&amp;cj=1\"\/><\/noscript><link href=\"https:\/\/cdn.petametrics.com\" rel=\"preconnect\"\/><meta property=\"fb_app_id\" content=\"205326199490321\"\/><meta property=\"og:type\" content=\"article\"\/><meta property=\"og:title\" content=\"Huerta, inclusi\u00f3n social y los platos de mam\u00e1. Un restaurante top, en busca de la gastronom\u00eda sostenible\"\/><meta property=\"og:description\" content=\"\u201cEl rol de cocinero en la sociedad ha cambiado\u201d, dice Joan Roca, uno de los tres hermanos que en Espa\u00f1a llevan adelante El Celler de Can Roca, que cree que es hora de ser conscientes\"\/><meta property=\"og:image\" content=\"https:\/\/resizer.glanacion.com\/resizer\/eYsilz5FSRyKIlEJ_2md1ZIgCzo=\/768x0\/filters:quality(80)\/cloudfront-us-east-1.images.arcpublishing.com\/lanacionar\/XVSXODEC5NCNBDBLBLKP4T2HIU.JPG\"\/><meta property=\"og:url\" content=\"https:\/\/www.lanacion.com.ar\/la-nacion-revista\/huerta-inclusion-social-y-los-platos-de-mama-un-restaurante-top-en-busca-de-la-gastronomia-nid13112021\/\"\/><meta property=\"article:published_time\" content=\"2021-11-13T03:39:00Z\"\/><meta property=\"og:site_name\" content=\"LA NACION\"\/><link rel=\"canonical\" href=\"https:\/\/www.lanacion.com.ar\/la-nacion-revista\/huerta-inclusion-social-y-los-platos-de-mama-un-restaurante-top-en-busca-de-la-gastronomia-nid13112021\/\"\/><link rel=\"amphtml\" href=\"https:\/\/www.lanacion.com.ar\/la-nacion-revista\/huerta-inclusion-social-y-los-platos-de-mama-un-restaurante-top-en-busca-de-la-gastronomia-nid13112021\/?outputType=amp\"\/><meta name=\"title\" content=\"Huerta, inclusi\u00f3n social y los platos de mam\u00e1. Un restaurante top, en busca de la gastronom\u00eda sostenible - LA NACION\"\/><meta name=\"description\" content=\"\u201cEl rol de cocinero en la sociedad ha cambiado\u201d, dice Joan Roca, uno de los tres hermanos que en Espa\u00f1a llevan adelante El Celler de Can Roca, que cree que es hora de ser conscientes - LA NACION\"\/><meta name=\"vf:container_id\" content=\"UFSZWJIBAVBHNP7ICCHNUP4XDM\"\/><meta name=\"vf:lang\" content=\"es\"\/><meta name=\"vf:url\" content=\"https:\/\/www.lanacion.com.ar\/la-nacion-revista\/huerta-inclusion-social-y-los-platos-de-mama-un-restaurante-top-en-busca-de-la-gastronomia-nid13112021\/\"\/><meta name=\"robots\" content=\"max-image-preview:large\"\/><link rel=\"shortcut icon\" type=\"image\/x-icon\" href=\"https:\/\/www.lanacion.com.ar\/pf\/resources\/images\/favicon.ico?d=586\"\/><link rel=\"icon\" type=\"image\/png\" sizes=\"16x16\" href=\"https:\/\/www.lanacion.com.ar\/pf\/resources\/images\/favicon-16.png?d=586\"\/><link rel=\"icon\" type=\"image\/png\" sizes=\"32x32\" href=\"https:\/\/www.lanacion.com.ar\/pf\/resources\/images\/favicon-32.png?d=586\"\/><link rel=\"shortcut icon\" type=\"image\/png\" sizes=\"192x192\" href=\"https:\/\/www.lanacion.com.ar\/pf\/resources\/images\/favicon-192.png?d=586\"\/><link rel=\"shortcut icon\" type=\"image\/png\" sizes=\"512x512\" href=\"https:\/\/www.lanacion.com.ar\/pf\/resources\/images\/favicon-512.png?d=586\"\/><link rel=\"apple-touch-icon\" href=\"https:\/\/www.lanacion.com.ar\/pf\/resources\/images\/favicon-192.png?d=586\"\/><link rel=\"apple-touch-icon\" sizes=\"512x512\" href=\"https:\/\/www.lanacion.com.ar\/pf\/resources\/images\/favicon-512.png?d=586\"\/><link rel=\"manifest\" href=\"https:\/\/www.lanacion.com.ar\/manifest.json\"\/><meta property=\"article:opinion\" content=\"false\"\/><\/p>\n<p>                              <\/head><body class=\"ln\" id=\"wp_automatic_ReadabilityBody\"><noscript><iframe loading=\"lazy\" src=\"https:\/\/www.googletagmanager.com\/gtm.js?id=GTM-GHV6\" height=\"0\" width=\"0\" style=\"display:none;visibility:hidden\"><\/iframe><\/noscript><\/p>\n<div id=\"notificacion-modal-pwa\" class=\"modal --notification --apps\"><a target=\"_blank\" href=\"https:\/\/www.lanacion.com.ar\/\" title=\"LA NACION\" class=\"com-link\" rel=\"noopener\"><i class=\"com-logo logo-la-nacion\"\/><\/a><\/p>\n<p class=\" com-text --sueca --threexs\">Descarg\u00e1 la aplicaci\u00f3n de LA NACION. Es r\u00e1pida y liviana.<\/p>\n<p><button id=\"notificacion-pwa-no\" data-event=\"\" data-section=\"\" type=\"button\" title=\"\" on=\"\" class=\"com-button  --secondary --compact  \"><span class=\" com-text\">No, gracias<\/span><\/button><button id=\"notificacion-pwa-si\" data-event=\"\" data-section=\"\" type=\"button\" title=\"\" on=\"\" class=\"com-button  --primary --compact  \"><span class=\" com-text\">Aceptar<\/span><\/button><\/p>\n<\/div>\n<div id=\"notificacion-modal\" class=\"modal --notification\"><a target=\"_blank\" href=\"https:\/\/www.lanacion.com.ar\/\" title=\"LA NACION\" class=\"com-link\" rel=\"noopener\"><i class=\"com-logo logo-la-nacion\"\/><\/a><\/p>\n<p class=\" com-text --sueca --threexs\">\u00bfQuer\u00e9s recibir notificaciones de alertas?<\/p>\n<p><button id=\"notificacion-no\" data-event=\"\" data-section=\"\" type=\"button\" title=\"\" on=\"\" class=\"com-button  --secondary --compact  \"><span class=\" com-text\">No, gracias<\/span><\/button><button id=\"notificacion-si\" data-event=\"\" data-section=\"\" type=\"button\" title=\"\" on=\"\" class=\"com-button  --primary --compact  \"><span class=\" com-text\">Aceptar<\/span><\/button><\/p>\n<\/div>\n<div id=\"notificacion-modal-error\" class=\"modal --notification\"><a target=\"_blank\" href=\"https:\/\/www.lanacion.com.ar\/\" title=\"LA NACION\" class=\"com-link\" rel=\"noopener\"><i class=\"com-logo logo-la-nacion\"\/><\/a><\/p>\n<p class=\" com-text --sueca --threexs\">Ha ocurrido un error de conexi\u00f3n<\/p>\n<p><button id=\"notificacion-error-btn\" data-event=\"\" data-section=\"\" type=\"button\" title=\"\" on=\"\" class=\"com-button  --primary --compact  \"><span class=\" com-text\">Cerrar<\/span><\/button><\/p>\n<\/div>\n<p><\/body><\/div>\n\n<p><em> \u2018 The preceding article may include information circulated by third parties \u2019 <\/em><\/p>\n<p><em> \u2018 Some details of this article were extracted from the following source www.lanacion.com.ar \u2019 <\/em><\/p>\n","protected":false},"excerpt":{"rendered":"<p>Huerta, inclusi\u00f3n social y los platos de mam\u00e1. Un restaurante high, en busca de la gastronom\u00eda sostenible &#8211; LA NACION Descarg\u00e1 la aplicaci\u00f3n de LA NACION. Es r\u00e1pida y liviana. No, graciasAceptar \u00bfQuer\u00e9s recibir notificaciones de alertas? No, graciasAceptar Ha ocurrido un error de conexi\u00f3n Cerrar \u2018 The preceding article may include information circulated by [&hellip;]<\/p>\n","protected":false},"author":2,"featured_media":225614,"comment_status":"open","ping_status":"closed","sticky":false,"template":"","format":"standard","meta":{"om_disable_all_campaigns":false,"jnews-multi-image_gallery":[],"jnews_single_post":[],"jnews_primary_category":[],"jnews_social_meta":[],"footnotes":""},"categories":[43],"tags":[],"class_list":["post-225613","post","type-post","status-publish","format-standard","has-post-thumbnail","hentry","category-gourmet"],"_links":{"self":[{"href":"https:\/\/dimensionturistica.com\/es\/wp-json\/wp\/v2\/posts\/225613","targetHints":{"allow":["GET"]}}],"collection":[{"href":"https:\/\/dimensionturistica.com\/es\/wp-json\/wp\/v2\/posts"}],"about":[{"href":"https:\/\/dimensionturistica.com\/es\/wp-json\/wp\/v2\/types\/post"}],"author":[{"embeddable":true,"href":"https:\/\/dimensionturistica.com\/es\/wp-json\/wp\/v2\/users\/2"}],"replies":[{"embeddable":true,"href":"https:\/\/dimensionturistica.com\/es\/wp-json\/wp\/v2\/comments?post=225613"}],"version-history":[{"count":0,"href":"https:\/\/dimensionturistica.com\/es\/wp-json\/wp\/v2\/posts\/225613\/revisions"}],"wp:featuredmedia":[{"embeddable":true,"href":"https:\/\/dimensionturistica.com\/es\/wp-json\/wp\/v2\/media\/225614"}],"wp:attachment":[{"href":"https:\/\/dimensionturistica.com\/es\/wp-json\/wp\/v2\/media?parent=225613"}],"wp:term":[{"taxonomy":"category","embeddable":true,"href":"https:\/\/dimensionturistica.com\/es\/wp-json\/wp\/v2\/categories?post=225613"},{"taxonomy":"post_tag","embeddable":true,"href":"https:\/\/dimensionturistica.com\/es\/wp-json\/wp\/v2\/tags?post=225613"}],"curies":[{"name":"wp","href":"https:\/\/api.w.org\/{rel}","templated":true}]}}