{"id":225135,"date":"2021-11-12T16:24:24","date_gmt":"2021-11-12T16:24:24","guid":{"rendered":"https:\/\/dimensionturistica.com\/es\/?p=225135"},"modified":"2021-11-12T16:24:25","modified_gmt":"2021-11-12T16:24:25","slug":"casi-300-agencias-de-espana-y-portugal-asisten-en-punta-umbria-a-la","status":"publish","type":"post","link":"https:\/\/dimensionturistica.com\/es\/casi-300-agencias-de-espana-y-portugal-asisten-en-punta-umbria-a-la\/","title":{"rendered":"Casi 300 agencias de Espa\u00f1a y Portugal asisten en Punta Umbr\u00eda a la&#8230;"},"content":{"rendered":"<p> <br \/>\n<\/p>\n<div>\n<p>   PUNTA UMBR\u00cdA (HUELVA), 12 (EUROPA PRESS)<\/p>\n<p>   Cerca de 300 agencias de viajes de Espa\u00f1a y Portugal participan desde este viernes y hasta el 14 de noviembre en la III Convenci\u00f3n del Grupo DIT Gesti\u00f3n, encuentro que se celebra en la localidad de Punta Umbr\u00eda (Huelva) y que cuenta con la colaboraci\u00f3n de la Consejer\u00eda de Turismo, Regeneraci\u00f3n, Justicia y Administraci\u00f3n Native.<\/p>\n<p>   Seg\u00fan ha informado la Junta en una nota de prensa, DIT Gesti\u00f3n aglutina a casi un millar de agencias independientes, lo que &#8220;lo convierte en el grupo l\u00edder a nivel nacional&#8221;. Sus asociados est\u00e1n repartidos por el mercado nacional y Portugal y cada dos a\u00f1os celebra su convenci\u00f3n, que en esta ocasi\u00f3n acoge Andaluc\u00eda con la implicaci\u00f3n de la Junta y el Patronato Provincial de Turismo de Huelva.<\/p>\n<p>   Al encuentro asistir\u00e1n alrededor de 500 profesionales de esta actividad y, adem\u00e1s, estar\u00e1n presentes proveedores del sector a\u00e9reo como Iberia\/American Airways, Singapur Airways y compa\u00f1\u00edas como Renfe, MSC Cruceros, Balearia, Transmediterr\u00e1nea, Avoris o TUI.<\/p>\n<p>   La Consejer\u00eda de Turismo aprovechar\u00e1 el evento para presentar las novedades del destino a los agentes del grupo y la marca Andaluc\u00eda tendr\u00e1 presencia en publicaciones de medios del sector para promocionar los atractivos de la comunidad, as\u00ed como en las redes sociales de DIT Gesti\u00f3n, materiales y soportes del congreso.<\/p>\n<p>   De igual manera, la delegada territorial de Turismo de la Junta, Mar\u00eda \u00c1ngeles Muriel, inaugurar\u00e1 la convenci\u00f3n y los t\u00e9cnicos de la Junta realizar\u00e1n una presentaci\u00f3n del destino dentro del programa oficial del certamen y se dispondr\u00e1 de una zona de trabajo para poner en contacto a representantes de la oferta andaluza con las agencias presentes en la convenci\u00f3n.<\/p>\n<p>   El acuerdo con el grupo tur\u00edstico tambi\u00e9n contempla la realizaci\u00f3n de dos viajes de familiarizaci\u00f3n centrados en la formaci\u00f3n de los agentes de viajes participantes en los mismos, habi\u00e9ndose desarrollado uno en septiembre y el siguiente tendr\u00e1 lugar en diciembre para que conozcan de primera mano el destino Huelva.<\/p>\n<p>   El programa, adem\u00e1s de ponencias y mesas redondas donde se abordar\u00e1n temas de actualidad como el rumbo del sector tras la pandemia de Covid-19 o la nueva realidad del transporte y su relaci\u00f3n con las agencias de viajes, incluye excursiones a zonas de la provincia y degustaciones gastron\u00f3micas de productos de la zona.<\/p>\n<\/p><\/div>\n<p><script async defer crossorigin=\"anonymous\" src=\"https:\/\/connect.facebook.net\/es_ES\/sdk.js#xfbml=1&#038;version=v8.0&#038;appId=638312966378642&#038;autoLogAppEvents=1\" nonce=\"VcYS2JKJ\"><\/script><script async defer crossorigin=\"anonymous\" src=\"https:\/\/connect.facebook.net\/es_ES\/sdk.js#xfbml=1&#038;version=v10.0&#038;appId=638312966378642&#038;autoLogAppEvents=1\" nonce=\"LsRqqzO4\"><\/script><script async defer crossorigin=\"anonymous\" src=\"https:\/\/connect.facebook.net\/es_ES\/sdk.js#xfbml=1&#038;version=v8.0&#038;appId=638312966378642&#038;autoLogAppEvents=1\" nonce=\"0b73ePDH\"><\/script><script async defer crossorigin=\"anonymous\" src=\"https:\/\/connect.facebook.net\/es_ES\/sdk.js#xfbml=1&#038;version=v8.0&#038;appId=638312966378642&#038;autoLogAppEvents=1\" nonce=\"FFEYVe2C\"><\/script><script async defer crossorigin=\"anonymous\" src=\"https:\/\/connect.facebook.net\/es_ES\/sdk.js#xfbml=1&#038;version=v10.0&#038;appId=638312966378642&#038;autoLogAppEvents=1\" nonce=\"s441p1nY\"><\/script><script async defer crossorigin=\"anonymous\" src=\"https:\/\/connect.facebook.net\/es_ES\/sdk.js#xfbml=1&#038;version=v10.0&#038;appId=638312966378642&#038;autoLogAppEvents=1\" nonce=\"sE0fYxEe\"><\/script><script async defer crossorigin=\"anonymous\" src=\"https:\/\/connect.facebook.net\/es_ES\/sdk.js#xfbml=1&#038;version=v10.0&#038;appId=638312966378642&#038;autoLogAppEvents=1\" nonce=\"LsRqqzO4\"><\/script><br \/>\n<br \/><\/p>\n<p><em> &#8221; Fuentes www.teleprensa.com &#8221; <\/em><\/p>\n","protected":false},"excerpt":{"rendered":"<p>PUNTA UMBR\u00cdA (HUELVA), 12 (EUROPA PRESS) Cerca de 300 agencias de viajes de Espa\u00f1a y Portugal participan desde este viernes y hasta el 14 de noviembre en la III Convenci\u00f3n del Grupo DIT Gesti\u00f3n, encuentro que se celebra en la localidad de Punta Umbr\u00eda (Huelva) y que cuenta con la colaboraci\u00f3n de la Consejer\u00eda de [&hellip;]<\/p>\n","protected":false},"author":4,"featured_media":225136,"comment_status":"open","ping_status":"closed","sticky":false,"template":"","format":"standard","meta":{"om_disable_all_campaigns":false,"jnews-multi-image_gallery":[],"jnews_single_post":[],"jnews_primary_category":[],"jnews_social_meta":[],"footnotes":""},"categories":[40],"tags":[770,1511],"class_list":["post-225135","post","type-post","status-publish","format-standard","has-post-thumbnail","hentry","category-industria","tag-espana","tag-portugal"],"_links":{"self":[{"href":"https:\/\/dimensionturistica.com\/es\/wp-json\/wp\/v2\/posts\/225135","targetHints":{"allow":["GET"]}}],"collection":[{"href":"https:\/\/dimensionturistica.com\/es\/wp-json\/wp\/v2\/posts"}],"about":[{"href":"https:\/\/dimensionturistica.com\/es\/wp-json\/wp\/v2\/types\/post"}],"author":[{"embeddable":true,"href":"https:\/\/dimensionturistica.com\/es\/wp-json\/wp\/v2\/users\/4"}],"replies":[{"embeddable":true,"href":"https:\/\/dimensionturistica.com\/es\/wp-json\/wp\/v2\/comments?post=225135"}],"version-history":[{"count":0,"href":"https:\/\/dimensionturistica.com\/es\/wp-json\/wp\/v2\/posts\/225135\/revisions"}],"wp:featuredmedia":[{"embeddable":true,"href":"https:\/\/dimensionturistica.com\/es\/wp-json\/wp\/v2\/media\/225136"}],"wp:attachment":[{"href":"https:\/\/dimensionturistica.com\/es\/wp-json\/wp\/v2\/media?parent=225135"}],"wp:term":[{"taxonomy":"category","embeddable":true,"href":"https:\/\/dimensionturistica.com\/es\/wp-json\/wp\/v2\/categories?post=225135"},{"taxonomy":"post_tag","embeddable":true,"href":"https:\/\/dimensionturistica.com\/es\/wp-json\/wp\/v2\/tags?post=225135"}],"curies":[{"name":"wp","href":"https:\/\/api.w.org\/{rel}","templated":true}]}}