{"id":224596,"date":"2021-11-11T17:50:11","date_gmt":"2021-11-11T17:50:11","guid":{"rendered":"https:\/\/dimensionturistica.com\/es\/?p=224596"},"modified":"2021-11-11T17:50:12","modified_gmt":"2021-11-11T17:50:12","slug":"maxima-de-holanda-y-sus-prendas-y-complementos-en-noruega","status":"publish","type":"post","link":"https:\/\/dimensionturistica.com\/es\/maxima-de-holanda-y-sus-prendas-y-complementos-en-noruega\/","title":{"rendered":"M\u00e1xima de Holanda y sus prendas y complementos en Noruega"},"content":{"rendered":"<p> <br \/>\n<\/p>\n<div>\n<p>Los reyes de los Pa\u00edses Bajos se encuentran de <strong>Visita de Estado a Noruega (del 9 al 11 de noviembre)<\/strong>. Una ocasi\u00f3n m\u00e1s que significativa -es su primer desplazamiento de estas caracter\u00edsticas desde que comenzara la pandemia- para volver a deleitarnos con el <strong><a rel=\"nofollow noopener\" target=\"_blank\" href=\"https:\/\/www.hola.com\/moda\/actualidad\/galeria\/20210517189190\/maxima-de-holanda-estilo-looks\/1\/\">estilo \u00fanico de M\u00e1xima<\/a><\/strong>. La Reina ha querido en esta ocasi\u00f3n, principalmente, <strong>recuperar de su armario seems o joyas impresionantes con las que ha hecho historia<\/strong>. De hecho, ha llevado en su maleta de viaje la tiara de zafiros que eligi\u00f3 para coronar su imagen en la <strong><a rel=\"nofollow noopener\" target=\"_blank\" href=\"https:\/\/www.hola.com\/moda\/actualidad\/galeria\/20210430188723\/maxima-de-holanda-coronacion-aniversario-looks\/1\/\">investidura de su marido como rey<\/a><\/strong> el 30 de abril de 2013 en la Iglesia Nueva de \u00c1msterdam. Pero no ha sido su \u00fanica elecci\u00f3n significativa. De hecho, recopilamos en esta galer\u00eda fotogr\u00e1fica todos sus estilismos en suelo noruego.<\/p>\n<p>&#8211;<strong><a rel=\"nofollow noopener\" target=\"_blank\" href=\"https:\/\/www.hola.com\/realeza\/casa_holanda\/20211109199269\/maxima-guillermo-holanda-visita-estado-noruega\/\">Risas y mucho afecto en la intensa jornada de M\u00e1xima y Guillermo de Holanda con los reyes de Noruega<\/a><\/strong><\/p>\n<p>\u00a0<\/p>\n<h3>Su abrigo de neopreno<\/h3>\n<p>Trondheim es la ciudad que acoge los actos durante el tercer d\u00eda de visita de los reyes de los Pa\u00edses Bajos a Noruega. Para comenzar esta jornada, M\u00e1xima ha recuperado un <strong>abrigo de neopreno con detalles de estrellas bordadas, que pertenece a la Claes Iversen<\/strong>. Por ejemplo, se lo pudimos ver durante su cita con el ya expresidente de Argentina, Mauricio Macri, y la exprimera dama, Juliana Awada,\u00a0en Holanda\u00a0en marzo de 2017. Sin embargo, en esta ocasi\u00f3n, ha preferido ocultarlo bajo un <strong>poncho estilo capa de Valentino\u00a0en la misma tonalidad berenjena<\/strong>. Gama crom\u00e1tica que tambi\u00e9n elige para sus complementos, a excepci\u00f3n de sus zapatos, pues\u00a0opt\u00f3 por sus salones con detalle de PVC y puntera plateada.<\/p>\n<p>&#8211;<strong><a rel=\"nofollow noopener\" target=\"_blank\" href=\"https:\/\/www.hola.com\/moda\/actualidad\/20190209137168\/maxima-de-holanda-zapatos-pvc\/\">La fascinaci\u00f3n de M\u00e1xima por los zapatos m\u00e1s controvertidos<\/a><\/strong><\/p>\n<\/div>\n<p><script>(function(d, s, id) {\n\t\t\tvar js, fjs = d.getElementsByTagName(s)[0];\n\t\t\tif (d.getElementById(id)) return;\n\t\t\tjs = d.createElement(s); js.id = id;\n\t\t\tjs.src = \"\/\/connect.facebook.net\/es_LA\/sdk.js#xfbml=1&version=v2.0\";\n\t\t\tfjs.parentNode.insertBefore(js, fjs);\n\t\t}(document, 'script', 'facebook-jssdk'));<\/script><script>(function(d, s, id) {\n\t\t\tvar js, fjs = d.getElementsByTagName(s)[0];\n\t\t\tif (d.getElementById(id)) return;\n\t\t\tjs = d.createElement(s); js.id = id;\n\t\t\tjs.src = \"\/\/connect.facebook.net\/es_LA\/sdk.js#xfbml=1&version=v2.0\";\n\t\t\tfjs.parentNode.insertBefore(js, fjs);\n\t\t}(document, 'script', 'facebook-jssdk'));<\/script><script>(function(d, s, id) {\n\t\t\tvar js, fjs = d.getElementsByTagName(s)[0];\n\t\t\tif (d.getElementById(id)) return;\n\t\t\tjs = d.createElement(s); js.id = id;\n\t\t\tjs.src = \"\/\/connect.facebook.net\/es_LA\/sdk.js#xfbml=1&version=v2.0\";\n\t\t\tfjs.parentNode.insertBefore(js, fjs);\n\t\t}(document, 'script', 'facebook-jssdk'));<\/script><script>(function(d, s, id) {\n\t\t\tvar js, fjs = d.getElementsByTagName(s)[0];\n\t\t\tif (d.getElementById(id)) return;\n\t\t\tjs = d.createElement(s); js.id = id;\n\t\t\tjs.src = \"\/\/connect.facebook.net\/es_LA\/sdk.js#xfbml=1&version=v2.0\";\n\t\t\tfjs.parentNode.insertBefore(js, fjs);\n\t\t}(document, 'script', 'facebook-jssdk'));<\/script><script>(function(d, s, id) {\n\t\t\tvar js, fjs = d.getElementsByTagName(s)[0];\n\t\t\tif (d.getElementById(id)) return;\n\t\t\tjs = d.createElement(s); js.id = id;\n\t\t\tjs.src = \"\/\/connect.facebook.net\/es_LA\/sdk.js#xfbml=1&version=v2.0\";\n\t\t\tfjs.parentNode.insertBefore(js, fjs);\n\t\t}(document, 'script', 'facebook-jssdk'));<\/script><script>(function(d, s, id) {\n\t\t\tvar js, fjs = d.getElementsByTagName(s)[0];\n\t\t\tif (d.getElementById(id)) return;\n\t\t\tjs = d.createElement(s); js.id = id;\n\t\t\tjs.src = \"\/\/connect.facebook.net\/es_LA\/sdk.js#xfbml=1&version=v2.0\";\n\t\t\tfjs.parentNode.insertBefore(js, fjs);\n\t\t}(document, 'script', 'facebook-jssdk'));<\/script><script>(function(d, s, id) {\n\t\t\tvar js, fjs = d.getElementsByTagName(s)[0];\n\t\t\tif (d.getElementById(id)) return;\n\t\t\tjs = d.createElement(s); js.id = id;\n\t\t\tjs.src = \"\/\/connect.facebook.net\/es_LA\/sdk.js#xfbml=1&version=v2.0\";\n\t\t\tfjs.parentNode.insertBefore(js, fjs);\n\t\t}(document, 'script', 'facebook-jssdk'));<\/script><script>(function(d, s, id) {\n\t\t\tvar js, fjs = d.getElementsByTagName(s)[0];\n\t\t\tif (d.getElementById(id)) return;\n\t\t\tjs = d.createElement(s); js.id = id;\n\t\t\tjs.src = \"\/\/connect.facebook.net\/es_LA\/sdk.js#xfbml=1&version=v2.0\";\n\t\t\tfjs.parentNode.insertBefore(js, fjs);\n\t\t}(document, 'script', 'facebook-jssdk'));<\/script><script>(function(d, s, id) {\n\t\t\tvar js, fjs = d.getElementsByTagName(s)[0];\n\t\t\tif (d.getElementById(id)) return;\n\t\t\tjs = d.createElement(s); js.id = id;\n\t\t\tjs.src = \"\/\/connect.facebook.net\/es_LA\/sdk.js#xfbml=1&version=v2.0\";\n\t\t\tfjs.parentNode.insertBefore(js, fjs);\n\t\t}(document, 'script', 'facebook-jssdk'));<\/script><br \/>\n<br \/><\/p>\n<p><em> &#8221; Fuentes www.hola.com &#8221; <\/em><\/p>\n","protected":false},"excerpt":{"rendered":"<p>Los reyes de los Pa\u00edses Bajos se encuentran de Visita de Estado a Noruega (del 9 al 11 de noviembre). Una ocasi\u00f3n m\u00e1s que significativa -es su primer desplazamiento de estas caracter\u00edsticas desde que comenzara la pandemia- para volver a deleitarnos con el estilo \u00fanico de M\u00e1xima. La Reina ha querido en esta ocasi\u00f3n, principalmente, [&hellip;]<\/p>\n","protected":false},"author":4,"featured_media":0,"comment_status":"open","ping_status":"closed","sticky":false,"template":"","format":"standard","meta":{"om_disable_all_campaigns":false,"jnews-multi-image_gallery":[],"jnews_single_post":[],"jnews_primary_category":[],"jnews_social_meta":[],"footnotes":""},"categories":[41],"tags":[35543,5516,14971,35541,16405,2758,9248,35542],"class_list":["post-224596","post","type-post","status-publish","format-standard","hentry","category-cruceros","tag-complementos","tag-joyas","tag-looks","tag-looks-realeza","tag-maxima-de-holanda","tag-noruega","tag-vestido","tag-viaje-noruega"],"_links":{"self":[{"href":"https:\/\/dimensionturistica.com\/es\/wp-json\/wp\/v2\/posts\/224596","targetHints":{"allow":["GET"]}}],"collection":[{"href":"https:\/\/dimensionturistica.com\/es\/wp-json\/wp\/v2\/posts"}],"about":[{"href":"https:\/\/dimensionturistica.com\/es\/wp-json\/wp\/v2\/types\/post"}],"author":[{"embeddable":true,"href":"https:\/\/dimensionturistica.com\/es\/wp-json\/wp\/v2\/users\/4"}],"replies":[{"embeddable":true,"href":"https:\/\/dimensionturistica.com\/es\/wp-json\/wp\/v2\/comments?post=224596"}],"version-history":[{"count":0,"href":"https:\/\/dimensionturistica.com\/es\/wp-json\/wp\/v2\/posts\/224596\/revisions"}],"wp:attachment":[{"href":"https:\/\/dimensionturistica.com\/es\/wp-json\/wp\/v2\/media?parent=224596"}],"wp:term":[{"taxonomy":"category","embeddable":true,"href":"https:\/\/dimensionturistica.com\/es\/wp-json\/wp\/v2\/categories?post=224596"},{"taxonomy":"post_tag","embeddable":true,"href":"https:\/\/dimensionturistica.com\/es\/wp-json\/wp\/v2\/tags?post=224596"}],"curies":[{"name":"wp","href":"https:\/\/api.w.org\/{rel}","templated":true}]}}