{"id":224456,"date":"2021-11-11T14:00:15","date_gmt":"2021-11-11T14:00:15","guid":{"rendered":"https:\/\/dimensionturistica.com\/es\/?p=224456"},"modified":"2021-11-11T14:00:15","modified_gmt":"2021-11-11T14:00:15","slug":"la-ciudad-de-hellin-seleccionada-para-el-plan-territorial-de-sostenibilidad-turistica","status":"publish","type":"post","link":"https:\/\/dimensionturistica.com\/es\/la-ciudad-de-hellin-seleccionada-para-el-plan-territorial-de-sostenibilidad-turistica\/","title":{"rendered":"La ciudad de Hell\u00edn seleccionada para el Plan Territorial de Sostenibilidad Tur\u00edstica"},"content":{"rendered":"<p> <br \/>\n<\/p>\n<div>\n<h2>\nCon un importe de 3 millones y medio de euros para desarrollarlo<\/h2>\n<p>El alcalde de Hell\u00edn, Ram\u00f3n Garc\u00eda, junto a la concejala de Industria, Comercio y Turismo, Mar\u00eda Jes\u00fas L\u00f3pez han comparecido en rueda de prensa hoy tras el anuncio del presidente de Castilla-La Mancha, Emiliano Garc\u00eda-Web page, de que la ciudad ha sido una de las seleccionadas en el Plan Territorial de Sostenibilidad Tur\u00edstica y recibir\u00e1 un importe world de tres millones y medio de euros para desarrollarlo.<\/p>\n<p>Ram\u00f3n Garc\u00eda ha indicado su \u201csatisfacci\u00f3n y agradecimiento al presidente Emiliano Garc\u00eda- Page por la concesi\u00f3n de este plan de sostenibilidad, que pone en primer plano la industria tur\u00edstica como eje de progreso de la ciudad en los pr\u00f3ximos a\u00f1os. \u201cEs un plan, indic\u00f3, en el que hemos trabajado mucho, a dos bandas, la concejala de Turismo y yo mismo, y ahora solo pido a la oposici\u00f3n que reme en el mismo barco por el progreso de Hell\u00edn que este plan nos ofrece\u201d.<\/p>\n<p>\u201cYo, continu\u00f3, me encuentro satisfecho por dos motivos, por comprobar que el presidente de Castilla-La Mancha, cumple con su palabra en beneficio de Hell\u00edn y sus ciudadanos, y la otra es para agradecer a Mar\u00eda Jes\u00fas L\u00f3pez y su equipo el trabajo realizado que ha tenido como primera meta la presentaci\u00f3n del Plan de Sostenibilidad Tur\u00edsticas, en el que muchos no cre\u00edan.<\/p>\n<p>M\u00e1s adelante el primer edil, asegur\u00f3 que el turismo period la base del resurgimiento econ\u00f3mico del municipio de Hell\u00edn y para eso hab\u00eda que tener un plan indicado que es el que se ha otorgado.<\/p>\n<p>\u201cNosotros ya tenemos, nuestro museo en funcionamiento, el Parque Arqueol\u00f3gico del Tolmo de Minateda, las Pinturas Rupestres del Abrigo Grande, accesible para todo el mundo, y ahora vienen otra serie de proyectos que est\u00e1n incluidos en este plan de sostenibilidad tur\u00edstica, que vamos a llevar a cabo con este dinero otorgado para que Hell\u00edn, en el menor tiempo posible, para que el municipio sea un foco tur\u00edstico importante en toda Castilla-La Mancha\u201d.<\/p>\n<p>Por \u00faltimo, Ram\u00f3n Garc\u00eda, pidi\u00f3 a la oposici\u00f3n su cooperaci\u00f3n en sacar adelante estos proyectos tan importantes para Hell\u00edn y su comarca.<\/p>\n<p><strong>Desarrollar un eje con gran potencia tur\u00edstica <\/strong><br \/>La concejala Mar\u00eda Jes\u00fas L\u00f3pez, por su parte, ha expresado que \u201ces el fruto de un trabajo iniciado en 2019. La concesi\u00f3n de este plan extraordinario permitir\u00e1 el desarrollo de todo un eje con un gran potencial tur\u00edstico, el sur de nuestro t\u00e9rmino municipal, y es un reto y un orgullo que la Junta de Castilla-La Mancha nos haya incluido en los municipios elegidos junto a otros de mayor tama\u00f1o como Toledo y Talavera de la Reina con m\u00e1s 80.000 habitantes, cuando Hell\u00edn tiene 32.000\u201d.<\/p>\n<p>Ya, a preguntas de los informadores, la concejala accedi\u00f3 a nombrar algunos de los proyectos que est\u00e1n comprendidos en este plan de sostenibilidad tur\u00edstica, entre ellos el desarrollo del Corredor Tur\u00edstico entre Minateda y Las Minas; la V\u00eda Verde del Pantano de Camarillas; poner como punto de referencia la remodelaci\u00f3n de la estaci\u00f3n de Agram\u00f3n, para llevar a cabo las visitas tur\u00edsticas al Tolmo y al Abrigo Grande de Minateda; el Pit\u00f3n de Cancarix; la puesta en valor de la zona de residencia con un tenting en la pedan\u00eda de Ca\u00f1ada de Agra y terminar las excavaciones del conjunto monumental de las Torres de Isso.<\/p>\n<\/p><\/div>\n\n<p><em> &#8221; Fuentes elfarodehellin.com &#8221; <\/em><\/p>\n","protected":false},"excerpt":{"rendered":"<p>Con un importe de 3 millones y medio de euros para desarrollarlo El alcalde de Hell\u00edn, Ram\u00f3n Garc\u00eda, junto a la concejala de Industria, Comercio y Turismo, Mar\u00eda Jes\u00fas L\u00f3pez han comparecido en rueda de prensa hoy tras el anuncio del presidente de Castilla-La Mancha, Emiliano Garc\u00eda-Web page, de que la ciudad ha sido una [&hellip;]<\/p>\n","protected":false},"author":4,"featured_media":224457,"comment_status":"open","ping_status":"closed","sticky":false,"template":"","format":"standard","meta":{"om_disable_all_campaigns":false,"jnews-multi-image_gallery":[],"jnews_single_post":[],"jnews_primary_category":[],"jnews_social_meta":[],"footnotes":""},"categories":[40],"tags":[603,35523],"class_list":["post-224456","post","type-post","status-publish","format-standard","has-post-thumbnail","hentry","category-industria","tag-ayuntamiento","tag-ok"],"_links":{"self":[{"href":"https:\/\/dimensionturistica.com\/es\/wp-json\/wp\/v2\/posts\/224456","targetHints":{"allow":["GET"]}}],"collection":[{"href":"https:\/\/dimensionturistica.com\/es\/wp-json\/wp\/v2\/posts"}],"about":[{"href":"https:\/\/dimensionturistica.com\/es\/wp-json\/wp\/v2\/types\/post"}],"author":[{"embeddable":true,"href":"https:\/\/dimensionturistica.com\/es\/wp-json\/wp\/v2\/users\/4"}],"replies":[{"embeddable":true,"href":"https:\/\/dimensionturistica.com\/es\/wp-json\/wp\/v2\/comments?post=224456"}],"version-history":[{"count":0,"href":"https:\/\/dimensionturistica.com\/es\/wp-json\/wp\/v2\/posts\/224456\/revisions"}],"wp:featuredmedia":[{"embeddable":true,"href":"https:\/\/dimensionturistica.com\/es\/wp-json\/wp\/v2\/media\/224457"}],"wp:attachment":[{"href":"https:\/\/dimensionturistica.com\/es\/wp-json\/wp\/v2\/media?parent=224456"}],"wp:term":[{"taxonomy":"category","embeddable":true,"href":"https:\/\/dimensionturistica.com\/es\/wp-json\/wp\/v2\/categories?post=224456"},{"taxonomy":"post_tag","embeddable":true,"href":"https:\/\/dimensionturistica.com\/es\/wp-json\/wp\/v2\/tags?post=224456"}],"curies":[{"name":"wp","href":"https:\/\/api.w.org\/{rel}","templated":true}]}}