{"id":224296,"date":"2021-11-11T07:00:38","date_gmt":"2021-11-11T07:00:38","guid":{"rendered":"https:\/\/dimensionturistica.com\/es\/?p=224296"},"modified":"2021-11-11T07:00:39","modified_gmt":"2021-11-11T07:00:39","slug":"najat-kaanache-una-chef-que-no-cocina-desde-el-ego","status":"publish","type":"post","link":"https:\/\/dimensionturistica.com\/es\/najat-kaanache-una-chef-que-no-cocina-desde-el-ego\/","title":{"rendered":"Najat Kaanache, una chef que no cocina desde el ego"},"content":{"rendered":"<p> <br \/>\n<\/p>\n<div>\n<p data-gtm-element-container=\"modulo-texto-link\" class=\"paragraph\">Aprendi\u00f3 en The French Laundry, Noma o ElBulli y hoy es una de las cooks con m\u00e1s renombre del mundo. Pero la historia culinaria de Najat Kaanache no comenz\u00f3 en aquellas cocinas,\u00a0sino en Orio (Guip\u00fazcoa), lugar al que emigraron sus padres desde Marruecos y donde ella naci\u00f3. All\u00ed recibi\u00f3 sus primeras clases, casi sin darse cuenta, de la mano de su abuela. &#8220;Recog\u00edamos la le\u00f1a, las casta\u00f1as y las moras nosotros mismos. Los domingos hab\u00eda pastel de lim\u00f3n y su aroma cubr\u00eda toda la casa, y otras veces se hac\u00edan lentejas con comino, cosa que a mi me daba mucha verg\u00fcenza&#8221;, recordaba Najaat\u00a0Kaanache en una conversaci\u00f3n con <i>Comer <\/i>durante el Gastronomic Discussion board.\u00a0<\/p>\n<p><span class=\"content-ad-module  hidden-ad\"><\/p>\n<p><span class=\"content-ad visible-xs roba-container  hidden-ad\"><span class=\"ad-unit roba\"><\/p>\n<p>                <\/span><\/span><span class=\"content-ad visible-md irr-container  hidden-ad\"><span class=\"ad-unit irr\"><\/p>\n<p>                <\/span><\/span><span class=\"content-html\"><span class=\"intext-md hidden-xs hidden-md\"\/><\/span><\/span><\/p>\n<figure class=\"composite-image image-container \" data-gtm-element-container=\"button-gallery\"><picture><source media=\"(min-width: 638px)\" data-srcset=\"https:\/\/www.lavanguardia.com\/files\/content_image_desktop_filter\/uploads\/2021\/11\/10\/618bb2624f17e.jpeg\"><source media=\"(min-width: 480px)\" data-srcset=\"https:\/\/www.lavanguardia.com\/files\/content_image_intermediate_filter\/uploads\/2021\/11\/10\/618bb2624f17e.jpeg\"><img decoding=\"async\" data-full-src=\"https:\/\/www.lavanguardia.com\/uploads\/2021\/11\/10\/618bb2624f17e.jpeg\" alt=\"Najat Kaanache\" src=\"https:\/\/www.lavanguardia.com\/files\/content_image_mobile_filter\/uploads\/2021\/11\/10\/618bb2624f17e.jpeg\" class=\"lazy\"\/><\/source><\/source><\/picture><figcaption class=\"figure-caption\">\n<p class=\"caption-title \">Najat Kaanache preparando uno de sus platos\u00a0<\/p>\n<p>                    <span class=\"caption-author \">Instagram\/ @najatkaanache<\/span><\/p>\n<\/figcaption><\/figure>\n<p data-gtm-element-container=\"modulo-texto-link\" class=\"paragraph\">Por aquel entonces, los ni\u00f1os del barrio la llamaban &#8220;conguito&#8221; y se re\u00edan de su olor a comino, del que la mayor\u00eda de veces eran responsables esas lentejas que se preparaban en su hogar. Pero hoy asegura que tuvo suerte: &#8220;Com\u00edamos de todo. Un d\u00eda hab\u00eda lentejas, otro pescado, al siguiente alubias o garbanzos, carne una vez por semana&#8230; El pan lo hac\u00edamos con la harina que tra\u00eda la <i>ama<\/i> (mam\u00e1)\u00a0de la f\u00e1brica que hab\u00eda en Orio, y los domingos el\u00a0<i>aita <\/i>(pap\u00e1)\u00a0preparaba donuts&#8221;, cuenta. Aunque esos donuts fueron motivo de discordia en alguna ocasi\u00f3n. Ella y sus hermanos no quer\u00edan rosquillas caseras, sino las que ven\u00edan envueltas en pl\u00e1stico y com\u00edan el resto de ni\u00f1os, que entonces val\u00edan 25 pesetas. &#8220;So\u00f1\u00e1bamos con esas 25 pesetas&#8221;, revela la cocinera.<\/p>\n<p><span class=\"content-highlights \"><\/p>\n<p>    <span class=\"module-title-container\"><\/p>\n<h2 class=\"module-title\">Yo pensaba que \u00e9ramos pobres, pero \u00e9ramos muy ricos<\/h2>\n<p><\/span><br \/>\n    <span class=\"author\"><br \/>\n                    <span><\/p>\n<p>        <span class=\"author-name\">Najaat Kaanache<\/span><span class=\"author-job\">Chef<\/span><\/span><br \/>\n    <\/span><br \/>\n<\/span><span class=\"content-ad-module  hidden-ad\"><\/p>\n<p><span class=\"content-ad visible-xs irr-container  hidden-ad\"><span class=\"ad-unit irr\"><\/p>\n<p>                <\/span><\/span><span class=\"content-html\"><span class=\"intext-xs hidden-xs hidden-md\"\/><\/span><\/span><\/p>\n<p data-gtm-element-container=\"modulo-texto-link\" class=\"paragraph\">Muchos a\u00f1os despu\u00e9s su mentalidad ha cambiado, y aprecia los alimentos que protagonizaron la dieta de su ni\u00f1ez, en su mayor\u00eda cultivados en las tierras de Orio. &#8220;Yo pensaba que \u00e9ramos pobres, pero \u00e9ramos muy ricos&#8221;, admite.\u00a0La educaci\u00f3n que recibi\u00f3 le vali\u00f3 para familiarizarse desde muy peque\u00f1a con la sostenibilidad, que su familia llevaba a cabo cada d\u00eda sin esfuerzo. &#8220;En Marruecos lo <a target=\"_blank\" href=\"https:\/\/www.lavanguardia.com\/comer\/tendencias\/20201208\/6062420\/cinco-senales-que-estas-restaurante-sostenible-fresco-local-organico-estacional.html\" rel=\"noopener\">sostenible <\/a>es algo normal, natural, virgen. Si se cultiva una berenjena se hace en un suelo fuerte, con un sol impresionante, y se prepara el mejor <i>zaalouk <\/i>del mundo. Se aprovechan todas las partes del vegetal, y ese conocimiento no viene de un libro, sino que pasa de generaci\u00f3n en generaci\u00f3n&#8221;, explica.\u00a0<\/p>\n<p data-gtm-element-container=\"modulo-texto-link\" class=\"paragraph\">De la cocina marroqu\u00ed tambi\u00e9n resalta lo saludables que son sus platos, que ella redescubri\u00f3 cuando decidi\u00f3 abrir un restaurante en la Medina de Fez, considerada Patrimonio de la Humanidad desde 1981. &#8220;Me encontr\u00e9 con productos como la chufa blanca de miel, todo el abanico de hongos que crecen en Marruecos, el <a target=\"_blank\" href=\"https:\/\/www.lavanguardia.com\/comer\/materia-prima\/20191222\/472332652019\/elaboraciones-recetas-taco-foie-fiestas-versatil.html\" rel=\"noopener\">foie <\/a>natural de Rabat&#8230; Adem\u00e1s de sus encurtidos, salados y curados. Ah\u00ed se elaboran platos sanos y equilibrados, con mucha verdura y carbohidratos, adem\u00e1s de carne y pescados. Tambi\u00e9n es cocina mediterr\u00e1nea&#8221;, insiste\u00a0Najat Kaanache. &#8220;Es un pa\u00eds sobre el que se piensa muy poco, pero que tiene un poder gastron\u00f3mico muy grande&#8221;.\u00a0<\/p>\n<p><span class=\"content-ad-module  hidden-ad\"><\/p>\n<p><span class=\"content-ad visible-xs roba-container  hidden-ad\"><span class=\"ad-unit roba\"><\/p>\n<p>                <\/span><\/span><\/span><span class=\"content-free-html  \"><span class=\"block-element container-center\"><\/p>\n<blockquote class=\"instagram-media\" data-instgrm-captioned=\"\" data-instgrm-version=\"6\" style=\"background: #FFF; border: 0; border-radius: 3px; box-shadow: 0 0 1px 0 rgba(0,&#10;0, 0, 0.5), 0 1px 10px 0 rgba(0, 0, 0, 0.15); margin: 1px; max-width: 658px; padding: 0;&#10;width: 99.375%; width: -webkit-calc(100% - 2px); width: calc(100% - 2px);\"><p>\n<span class=\"block-element\" style=\"padding: 8px;\"> <span class=\"block-element\" style=\"background: #F8F8F8; line-height: 0; margin-top: 40px; padding: 62.5%&#10;0; text-align: center; width: 100%;\"> <span class=\"block-element\" style=\"background:&#10;url(data:image\/png;base64,iVBORw0KGgoAAAANSUhEUgAAACwAAAAsCAMAAAApWqozAAAAGFBMVEUiIiI9PT0eH&#10;h4gIB4hIBkcHBwcHBwcHBydr+JQAAAACHRSTlMABA4YHyQsM5jtaMwAAADfSURBVDjL7ZVBEgMhCAQBAf\/\/&#10;42xcNbpAqakcM0ftUmFAAIBE81IqBJdS3lS6zs3bIpB9WED3YYXFPmHRfT8sgyrCP1x8uEUxLMzNWElFOYCV6mHWWwM&#10;zdPEKHlhLw7NWJqkHc4uIZphavDzA2JPzUDsBZziNae2S6owH8xPmX8G7zzgKEOPUoYHvGz1TBCxMkd3kwNVbU0gKHk&#10;x+iZILf77IofhrY1nYFnB\/lQPb79drWOyJVa\/DAvg9B\/rLB4cC+Nqgdz\/TvBbBnr6GBReqn\/&#10;nRmDgaQEej7WhonozjF+Y2I\/fZou\/qAAAAAElFTkSuQmCC); display: block; height: 44px; margin: 0&#10;auto -44px; position: relative; top: -22px; width: 44px;\"\/><br \/>\n<\/span><\/p>\n<p><\/span>\n<\/p><\/blockquote>\n<p><\/span><\/span><\/p>\n<p data-gtm-element-container=\"modulo-texto-link\" class=\"paragraph\">A este restaurante lo llam\u00f3 Nur, que significa luz en marroqu\u00ed. &#8220;Le di ese nombre porque quer\u00eda iluminar la Medina de Fez, y creo que con el resto del equipo lo hemos conseguido&#8221;, asegura. All\u00ed sirve cocina andalus\u00ed, que a su vez tiene un pasado colonizador franc\u00e9s, espa\u00f1ol y portugu\u00e9s.\u00a0Kaanache, que ha viajado por todo el mundo, afirma que ella es de todas partes, de ah\u00ed que se la conozca como la &#8220;chef peregrina&#8221;, y sus platos tambi\u00e9n beben de esos conocimientos adquiridos en otros pa\u00edses. Cube que la cocina es una forma de establecer paz y de hacer arte.\u00a0<\/p>\n<p data-gtm-element-container=\"modulo-texto-link\" class=\"paragraph\">Cuando le preguntamos si fue dif\u00edcil abrir su establecimiento en Marruecos, responde con un contundente no. &#8220;\u00c1frica <i>&#8216;is run by women<\/i>&#8216; (est\u00e1 al cargo de las mujeres), y ellas nunca han tenido problemas para trabajar en una cocina. Siempre se me ha respetado como l\u00edder. Pero es muy importante el respeto mutuo y el di\u00e1logo&#8221;, se\u00f1ala la chef. &#8220;La vida es como un espejo, la gente te ver\u00e1 como t\u00fa quieras que te vean. Puedes hacer que te vean como un hombre o una mujer, o que te vean como una persona&#8221;.\u00a0<\/p>\n<p><span class=\"content-highlights \"><\/p>\n<p>    <span class=\"module-title-container\"><\/p>\n<h2 class=\"module-title\">La vida es como un espejo, la gente te ver\u00e1 como t\u00fa quieras que te vean<\/h2>\n<p><\/span><br \/>\n    <span class=\"author\"><br \/>\n                    <span><\/p>\n<p>        <span class=\"author-name\">Najaat Kaanache<\/span><span class=\"author-job\">Chef<\/span><\/span><br \/>\n    <\/span><br \/>\n<\/span><span class=\"content-ad-module  hidden-ad\"><\/p>\n<p><span class=\"content-ad visible-xs roba-container  hidden-ad\"><span class=\"ad-unit roba\"><\/p>\n<p>                <\/span><\/span><\/span><\/p>\n<p data-gtm-element-container=\"modulo-texto-link\" class=\"paragraph\">Nur ha sido reconocido como uno de los mejores restaurantes de \u00c1frica, seg\u00fan el r\u00e1nking brit\u00e1nico The World&#8217;s 50 Greatest Eating places. Adem\u00e1s, Kaanache regenta otras cocinas alrededor del mundo, de Texas (Souk) a Ciudad de M\u00e9xico (C\u00daS) y Roma (Coyoacan).\u00a0A principios de este a\u00f1o, la chef ha publicado su primer libro, <i>Najat <\/i>(Planeta Gastro), donde recoge algunas de sus mejores recetas y relata c\u00f3mo esa ni\u00f1a nacida en una familia inmigrante de Orio pas\u00f3 por algunas de las cocinas m\u00e1s prestigiosas del planeta.\u00a0<\/p>\n<p data-gtm-element-container=\"modulo-texto-link\" class=\"paragraph\">Le preguntamos si le queda algo por hacer, y revela que le gustar\u00eda formar parte de algo que todav\u00eda no se ha alcanzado: terminar con el hambre en el mundo. &#8220;No estamos para premios y no premios. Yo no cocino desde el ego, cocino desde el hambre&#8221;, asegura. &#8220;Una de las se\u00f1oras de la limpieza de\u00a0Nur viene con su hijo al trabajo, y no puedo decirle que no. No tiene donde dejarlo y necesita el dinero. El ni\u00f1o tiene ocho meses, todos lo cuidamos y le damos de comer&#8221;.\u00a0<\/p>\n<p><span class=\"content-ad-module  hidden-ad\"><\/p>\n<p><span class=\"content-ad visible-xs roba-container  hidden-ad\"><span class=\"ad-unit roba\"><\/p>\n<p>                <\/span><\/span><\/span>\n<\/div>\n<p><script type=\"script\/gg\">\n  gg.didomi.doWhenConsent(!window.didomiBypass, 'c:facebooka-frU9M5JY', function () {\n  !function(f,b,e,v,n,t,s)\n  {if(f.fbq)return;n=f.fbq=function()\n  {n.callMethod? n.callMethod.apply(n,arguments):n.queue.push(arguments)};\n  if(!f._fbq)f._fbq=n;n.push=n;n.loaded=!0;n.version='2.0';\n  n.queue=[];t=b.createElement(e);t.async=!0;\n  t.src=v;s=b.getElementsByTagName(e)[0];\n  s.parentNode.insertBefore(t,s)}(window, document,'script',\n  'https:\/\/connect.facebook.net\/en_US\/fbevents.js');\n  fbq('init', '316167066837274');\n  fbq('track', 'PageView');\n  });\n<\/script><br \/>\n<br \/><\/p>\n<p><em> \u2018 The preceding article may include information circulated by third parties \u2019 <\/em><\/p>\n<p><em> \u2018 Some details of this article were extracted from the following source www.lavanguardia.com \u2019 <\/em><\/p>\n","protected":false},"excerpt":{"rendered":"<p>Aprendi\u00f3 en The French Laundry, Noma o ElBulli y hoy es una de las cooks con m\u00e1s renombre del mundo. Pero la historia culinaria de Najat Kaanache no comenz\u00f3 en aquellas cocinas,\u00a0sino en Orio (Guip\u00fazcoa), lugar al que emigraron sus padres desde Marruecos y donde ella naci\u00f3. All\u00ed recibi\u00f3 sus primeras clases, casi sin darse [&hellip;]<\/p>\n","protected":false},"author":2,"featured_media":224297,"comment_status":"open","ping_status":"closed","sticky":false,"template":"","format":"standard","meta":{"om_disable_all_campaigns":false,"jnews-multi-image_gallery":[],"jnews_single_post":[],"jnews_primary_category":[],"jnews_social_meta":[],"footnotes":""},"categories":[43],"tags":[],"class_list":["post-224296","post","type-post","status-publish","format-standard","has-post-thumbnail","hentry","category-gourmet"],"_links":{"self":[{"href":"https:\/\/dimensionturistica.com\/es\/wp-json\/wp\/v2\/posts\/224296","targetHints":{"allow":["GET"]}}],"collection":[{"href":"https:\/\/dimensionturistica.com\/es\/wp-json\/wp\/v2\/posts"}],"about":[{"href":"https:\/\/dimensionturistica.com\/es\/wp-json\/wp\/v2\/types\/post"}],"author":[{"embeddable":true,"href":"https:\/\/dimensionturistica.com\/es\/wp-json\/wp\/v2\/users\/2"}],"replies":[{"embeddable":true,"href":"https:\/\/dimensionturistica.com\/es\/wp-json\/wp\/v2\/comments?post=224296"}],"version-history":[{"count":0,"href":"https:\/\/dimensionturistica.com\/es\/wp-json\/wp\/v2\/posts\/224296\/revisions"}],"wp:featuredmedia":[{"embeddable":true,"href":"https:\/\/dimensionturistica.com\/es\/wp-json\/wp\/v2\/media\/224297"}],"wp:attachment":[{"href":"https:\/\/dimensionturistica.com\/es\/wp-json\/wp\/v2\/media?parent=224296"}],"wp:term":[{"taxonomy":"category","embeddable":true,"href":"https:\/\/dimensionturistica.com\/es\/wp-json\/wp\/v2\/categories?post=224296"},{"taxonomy":"post_tag","embeddable":true,"href":"https:\/\/dimensionturistica.com\/es\/wp-json\/wp\/v2\/tags?post=224296"}],"curies":[{"name":"wp","href":"https:\/\/api.w.org\/{rel}","templated":true}]}}