{"id":223598,"date":"2021-11-10T09:05:30","date_gmt":"2021-11-10T09:05:30","guid":{"rendered":"https:\/\/dimensionturistica.com\/es\/?p=223598"},"modified":"2021-11-10T09:05:31","modified_gmt":"2021-11-10T09:05:31","slug":"tour10-estara-presente-en-la-feria-de-turismo-tianguis-turistico-mexico","status":"publish","type":"post","link":"https:\/\/dimensionturistica.com\/es\/tour10-estara-presente-en-la-feria-de-turismo-tianguis-turistico-mexico\/","title":{"rendered":"Tour10 estar\u00e1 presente en la feria de turismo &#8220;Tianguis tur\u00edstico M\u00e9xico&#8221;"},"content":{"rendered":"<p> <br \/>\n<\/p>\n<div>\n<p>Tour10 estar\u00e1 presente en la pr\u00f3xima feria de turismo \u201cTianguis Tur\u00edstico M\u00e9xico\u201d que se celebrar\u00e1 entre los d\u00edas 16 y el 19 de Noviembre de 2021 en M\u00e9rida, Yucat\u00e1n.<\/p>\n<p>Se trata de uno de los eventos m\u00e1s relevante del sector tur\u00edstico en M\u00e9xico (este a\u00f1o en su 45 edici\u00f3n) organizado cada a\u00f1o por la secretar\u00eda de Fomento Tur\u00edstico de Yucat\u00e1n. En \u00e9l participan representantes del gobierno mexicano, aerol\u00edneas, cadenas hoteleras as\u00ed como turoperadores, agentes de viajes, organizadores de eventos, and many others.<\/p>\n<p>Estas jornadas tienen como principal objetivo dar a conocer en profundidad el producto \u201cM\u00e9xico\u201d como un destino de excelencia y calidad a nivel internacional.<\/p>\n<p>Tour10 tendr\u00e1 la oportunidad de asistir a diferentes presentaciones y workshops para conocer de primera mano todos los atractivos del destino y por supuesto mantendr\u00e1 reuniones con importantes cadenas y hoteles independientes que operan en la zona como Iberostar Motels &amp; Resorts, Finest Western Motels, Vacation Inn Motels &amp; Resorts, Posadas o la asociaci\u00f3n de hoteleros de Riviera Maya.<\/p>\n<p>El objetivo de la estancia en M\u00e9xico ser\u00e1 afianzar o llegar a nuevos acuerdos comerciales para completar el portfolio de Tour10 en la zona \u201cCaribe y Riviera Maya\u201d y adem\u00e1s estrechar lazos con un mercado cada vez m\u00e1s demandado por los clientes en Espa\u00f1a, ahora tambi\u00e9n m\u00e1s accesible con la reciente apertura de fronteras de EEUU.<\/p>\n<div class=\"wysiwyg-photo\"><img decoding=\"async\" src=\"https:\/\/static.hosteltur.com\/app\/public\/uploads\/img\/releases\/2021\/11\/10\/L_095259_sin-titulo-1.jpg\" alt=\"Imagen nota de prensa Hosteltur\" width=\"1078\" height=\"315\"\/><\/div><\/div>\n\n<p><em> &#8221; Fuentes www.hosteltur.com &#8221; <\/em><\/p>\n","protected":false},"excerpt":{"rendered":"<p>Tour10 estar\u00e1 presente en la pr\u00f3xima feria de turismo \u201cTianguis Tur\u00edstico M\u00e9xico\u201d que se celebrar\u00e1 entre los d\u00edas 16 y el 19 de Noviembre de 2021 en M\u00e9rida, Yucat\u00e1n. Se trata de uno de los eventos m\u00e1s relevante del sector tur\u00edstico en M\u00e9xico (este a\u00f1o en su 45 edici\u00f3n) organizado cada a\u00f1o por la secretar\u00eda [&hellip;]<\/p>\n","protected":false},"author":4,"featured_media":223599,"comment_status":"open","ping_status":"closed","sticky":false,"template":"","format":"standard","meta":{"om_disable_all_campaigns":false,"jnews-multi-image_gallery":[],"jnews_single_post":[],"jnews_primary_category":[],"jnews_social_meta":[],"footnotes":""},"categories":[40],"tags":[572],"class_list":["post-223598","post","type-post","status-publish","format-standard","has-post-thumbnail","hentry","category-industria","tag-distribucion"],"_links":{"self":[{"href":"https:\/\/dimensionturistica.com\/es\/wp-json\/wp\/v2\/posts\/223598","targetHints":{"allow":["GET"]}}],"collection":[{"href":"https:\/\/dimensionturistica.com\/es\/wp-json\/wp\/v2\/posts"}],"about":[{"href":"https:\/\/dimensionturistica.com\/es\/wp-json\/wp\/v2\/types\/post"}],"author":[{"embeddable":true,"href":"https:\/\/dimensionturistica.com\/es\/wp-json\/wp\/v2\/users\/4"}],"replies":[{"embeddable":true,"href":"https:\/\/dimensionturistica.com\/es\/wp-json\/wp\/v2\/comments?post=223598"}],"version-history":[{"count":0,"href":"https:\/\/dimensionturistica.com\/es\/wp-json\/wp\/v2\/posts\/223598\/revisions"}],"wp:featuredmedia":[{"embeddable":true,"href":"https:\/\/dimensionturistica.com\/es\/wp-json\/wp\/v2\/media\/223599"}],"wp:attachment":[{"href":"https:\/\/dimensionturistica.com\/es\/wp-json\/wp\/v2\/media?parent=223598"}],"wp:term":[{"taxonomy":"category","embeddable":true,"href":"https:\/\/dimensionturistica.com\/es\/wp-json\/wp\/v2\/categories?post=223598"},{"taxonomy":"post_tag","embeddable":true,"href":"https:\/\/dimensionturistica.com\/es\/wp-json\/wp\/v2\/tags?post=223598"}],"curies":[{"name":"wp","href":"https:\/\/api.w.org\/{rel}","templated":true}]}}