{"id":222545,"date":"2021-11-08T20:46:22","date_gmt":"2021-11-08T20:46:22","guid":{"rendered":"https:\/\/dimensionturistica.com\/es\/?p=222545"},"modified":"2021-11-08T20:46:23","modified_gmt":"2021-11-08T20:46:23","slug":"el-crucero-la-belle-des-oceans-elige-arrecife-como-puerto-base","status":"publish","type":"post","link":"https:\/\/dimensionturistica.com\/es\/el-crucero-la-belle-des-oceans-elige-arrecife-como-puerto-base\/","title":{"rendered":"El crucero &#8216;La belle des oceans&#8217; elige Arrecife como puerto base"},"content":{"rendered":"<p> <br \/>\n<\/p>\n<div>\n<p>                <span itemprop=\"articleBody\"><\/p>\n<p><strong><img decoding=\"async\" itemprop=\"image\" src=\"https:\/\/www.lancelotdigital.com\/images\/2021\/11\/20211105_crucero_Arrecife.webp\"\/><\/strong><\/p>\n<p>&#13;<\/p>\n<p><strong>Realizar\u00e1 toda la temporada de invierno en Canarias<\/strong><\/p>\n<p>&#13;<br \/>\n&#13;<br \/>\n &#13;<\/p>\n<p>\u00a0<\/p>\n<p>&#13;<\/p>\n<li class=\"texto\"><i class=\"fa fa-file-text-o\"\/>Lancelot Digital<\/li>\n<p>&#13;<\/p>\n<p>\u00a0<\/p>\n<p>&#13;<\/p>\n<p class=\"text-align-justify\">El Puerto de Arrecife en Lanzarote\u00a0acoge estos d\u00edas al crucero \u2018La belle des oceans\u2019. Este buque de la naviera Croisieurope realizar\u00e1 la temporada de invierno en Canarias y tendr\u00e1 Arrecife como su puerto base.<\/p>\n<p>&#13;<\/p>\n<p class=\"text-align-justify\">\u00a0<\/p>\n<p>&#13;<\/p>\n<p class=\"text-align-justify\">Proveniente de Niza, este domingo est\u00e1 prevista su partida hacia el Puerto de Las Palmas. Regresar\u00e1 a Arrecife el 19 de noviembre. En cada estancia en la capital lanzarote\u00f1a permanecer\u00e1 varios d\u00edas, dando as\u00ed ocasi\u00f3n a sus pasajeros a conocer en profundidad la isla.<\/p>\n<p>&#13;<\/p>\n<p class=\"text-align-justify\">\u00a0<\/p>\n<p>&#13;<\/p>\n<p class=\"text-align-justify\">Es de resaltar que esta naviera est\u00e1 especializada en cruceros de r\u00edo con clientela principalmente francesa, por lo que del resultado de su presencia esta temporada en Canarias, con puerto base en Arrecife, podr\u00eda consolidar su incursi\u00f3n en el sector de cruceros oce\u00e1nicos.<\/p>\n<p>&#13;<\/p>\n<p class=\"text-align-justify\">\u00a0<\/p>\n<p>&#13;<\/p>\n<p class=\"text-align-justify\">Los arribos programados por \u2018La belle des oceans\u2019 en Arrecife son el 19 de noviembre, el 3 de diciembre, el 17 de diciembre, el 3 de enero, el 21 de enero, el 4 de febrero, el 18 de febrero, el 4 de marzo, el 18 de marzo, el 1 de abril y el 15 de abril. En todos los casos, su puerto anterior y posterior ser\u00e1 Las Palmas, salvo en su partida definitiva el 16 de abril de 2022 cuyo destino ser\u00e1 Agadir.<\/p>\n<p>&#13;<\/p>\n<p class=\"text-align-justify\">\u00a0<\/p>\n<p>&#13;<\/p>\n<p class=\"text-align-justify\">El pasado <a rel=\"nofollow noopener\" target=\"_blank\" href=\"https:\/\/www.lancelotdigital.com\/lanzarote\/comienza-la-nueva-temporada-de-cruceros\">1 de octubre se dio por inaugurada la nueva temporada de cruceros<\/a> que, tras el par\u00f3n obligado por la pandemia, los hosteleros esperaban con ah\u00ednco para volver a la situaci\u00f3n previa al Covid-19.<\/p>\n<p>&#13;<\/p>\n<p>\u00a0<\/p>\n<p>&#13;<\/p>\n<p>\t                    <\/span><\/p><\/div>\n<p><script src=\"https:\/\/connect.facebook.net\/es_ES\/all.js#xfbml=1\" type=\"text\/javascript\"><\/script><script type=\"text\/javascript\">\n\/\/<![CDATA[\n   \twindow.fbAsyncInit = function() {\n\t\tFB.init({ appId: '171342606239806', \n\t\t\tstatus: true, \n\t\t\tcookie: true,\n\t\t\txfbml: true,\n\t\t\toauth: true\n\t\t});\n   \t\t    \n\t  \t\t};\n    \/\/      \n    jQuery(window).load(function() {\n    \t(function(){\n    \t\tif(!document.getElementById('fb-root')) {\n    \t\t\tvar root = document.createElement('div');\n    \t\t\troot.id = 'fb-root';\n    \t\t\tdocument.getElementById('gkfb-root').appendChild(root);\n    \t\t\tvar e = document.createElement('script');\n    \t\t\te.src = document.location.protocol + '\/\/connect.facebook.net\/es_ES\/all.js';\n    \t\t\te.async = true;\n    \t\t\tdocument.getElementById('fb-root').appendChild(e);\n    \t\t}  \n    \t})();\n    });\n    \/\/]]>\n<\/script><br \/>\n<br \/><\/p>\n<p><em> &#8221; Fuentes www.lancelotdigital.com &#8221; <\/em><\/p>\n","protected":false},"excerpt":{"rendered":"<p>&#13; Realizar\u00e1 toda la temporada de invierno en Canarias &#13; &#13; &#13; \u00a0 &#13; Lancelot Digital &#13; \u00a0 &#13; El Puerto de Arrecife en Lanzarote\u00a0acoge estos d\u00edas al crucero \u2018La belle des oceans\u2019. Este buque de la naviera Croisieurope realizar\u00e1 la temporada de invierno en Canarias y tendr\u00e1 Arrecife como su puerto base. &#13; \u00a0 [&hellip;]<\/p>\n","protected":false},"author":4,"featured_media":222546,"comment_status":"open","ping_status":"closed","sticky":false,"template":"","format":"standard","meta":{"om_disable_all_campaigns":false,"jnews-multi-image_gallery":[],"jnews_single_post":[],"jnews_primary_category":[],"jnews_social_meta":[],"footnotes":""},"categories":[41],"tags":[946],"class_list":["post-222545","post","type-post","status-publish","format-standard","has-post-thumbnail","hentry","category-cruceros","tag-lancelot-digital-noticias-lanzarote-diario-digital-periodico-canarias-sucesos-deportes-cultura-vida-social-opinion-semanario-revista"],"_links":{"self":[{"href":"https:\/\/dimensionturistica.com\/es\/wp-json\/wp\/v2\/posts\/222545","targetHints":{"allow":["GET"]}}],"collection":[{"href":"https:\/\/dimensionturistica.com\/es\/wp-json\/wp\/v2\/posts"}],"about":[{"href":"https:\/\/dimensionturistica.com\/es\/wp-json\/wp\/v2\/types\/post"}],"author":[{"embeddable":true,"href":"https:\/\/dimensionturistica.com\/es\/wp-json\/wp\/v2\/users\/4"}],"replies":[{"embeddable":true,"href":"https:\/\/dimensionturistica.com\/es\/wp-json\/wp\/v2\/comments?post=222545"}],"version-history":[{"count":0,"href":"https:\/\/dimensionturistica.com\/es\/wp-json\/wp\/v2\/posts\/222545\/revisions"}],"wp:featuredmedia":[{"embeddable":true,"href":"https:\/\/dimensionturistica.com\/es\/wp-json\/wp\/v2\/media\/222546"}],"wp:attachment":[{"href":"https:\/\/dimensionturistica.com\/es\/wp-json\/wp\/v2\/media?parent=222545"}],"wp:term":[{"taxonomy":"category","embeddable":true,"href":"https:\/\/dimensionturistica.com\/es\/wp-json\/wp\/v2\/categories?post=222545"},{"taxonomy":"post_tag","embeddable":true,"href":"https:\/\/dimensionturistica.com\/es\/wp-json\/wp\/v2\/tags?post=222545"}],"curies":[{"name":"wp","href":"https:\/\/api.w.org\/{rel}","templated":true}]}}