{"id":222357,"date":"2021-11-08T16:20:52","date_gmt":"2021-11-08T16:20:52","guid":{"rendered":"https:\/\/dimensionturistica.com\/es\/?p=222357"},"modified":"2021-11-08T16:20:52","modified_gmt":"2021-11-08T16:20:52","slug":"los-50-jovenes-talentos-que-cocinan-el-futuro-de-la-gastronomia-gente","status":"publish","type":"post","link":"https:\/\/dimensionturistica.com\/es\/los-50-jovenes-talentos-que-cocinan-el-futuro-de-la-gastronomia-gente\/","title":{"rendered":"Los 50 j\u00f3venes talentos que cocinan el futuro de la gastronom\u00eda | Gente"},"content":{"rendered":"<p> <br \/>\n<\/p>\n<div>\n<p class=\"\">Los catalanes Marc Coloma y Bernat A\u00f1a\u00f1os, <a target=\"_blank\" href=\"https:\/\/elpais.com\/economia\/2020-11-16\/la-carne-vegetal-de-nueva-generacion.html\" rel=\"noopener\">revolucionarios de la carne vegetal Heura<\/a>; el australiano <a target=\"_blank\" href=\"https:\/\/www.mrniland.com\/\" rel=\"noopener\">Josh Niland<\/a>, carnicero del pescado con innovadoras t\u00e9cnicas; o la vasca veintea\u00f1era <a target=\"_blank\" href=\"https:\/\/maitanealonso.com\/\" rel=\"noopener\">Maitane Alonso Monasterio<\/a>, que ha inventado una m\u00e1quina para conservar alimentos. As\u00ed es la gente de 50 Subsequent, una lista elaborada por los responsables de la clasificaci\u00f3n culinaria <a target=\"_blank\" href=\"https:\/\/www.theworlds50best.com\/\" rel=\"noopener\">The World\u2019s 50 Best Restaurants<\/a> y que est\u00e1 integrada por emprendedores entre los 20 y los 35 a\u00f1os, originarios de 34 pa\u00edses y seis continentes, que ya trabajan con la gastronom\u00eda como herramienta de cambio y perfilan un futuro mejor.<\/p>\n<figure class=\"a_m a_m-v\"><span class=\"_db a_m_w\"><img alt=\"El chef australiano Josh Niland.\" decoding=\"auto\" class=\"_re lazyload a_m-v\" height=\"439\" srcset=\"https:\/\/imagenes.elpais.com\/resizer\/nYFGJCAAFHw1JIXaKh5p03Eh26M=\/414x0\/cloudfront-eu-central-1.images.arcpublishing.com\/prisa\/5BLUG2CYOJAN5DMJQRG2CSZBEI.jpeg 414w,https:\/\/imagenes.elpais.com\/resizer\/vfQsVn8pNTVlK79TGpru-c8CMkE=\/828x0\/cloudfront-eu-central-1.images.arcpublishing.com\/prisa\/5BLUG2CYOJAN5DMJQRG2CSZBEI.jpeg 640w,https:\/\/imagenes.elpais.com\/resizer\/yO3Blky7EPN6F1g4njc8LCBIB14=\/980x0\/cloudfront-eu-central-1.images.arcpublishing.com\/prisa\/5BLUG2CYOJAN5DMJQRG2CSZBEI.jpeg 1000w,https:\/\/imagenes.elpais.com\/resizer\/b_fzldwAAl41shuehojWzohHY1E=\/1960x0\/cloudfront-eu-central-1.images.arcpublishing.com\/prisa\/5BLUG2CYOJAN5DMJQRG2CSZBEI.jpeg 1960w\" width=\"414\" loading=\"lazy\" src=\"https:\/\/imagenes.elpais.com\/resizer\/nYFGJCAAFHw1JIXaKh5p03Eh26M=\/414x0\/cloudfront-eu-central-1.images.arcpublishing.com\/prisa\/5BLUG2CYOJAN5DMJQRG2CSZBEI.jpeg\"\/><\/span><figcaption class=\"a_m_p\"><span>El chef australiano Josh Niland.<\/span><span class=\"a_m_m\">50Next<\/span><\/figcaption><\/figure>\n<p class=\"\">Ese futuro no solo lo cocinan cooks. Esta lista world y multidisciplinar engloba siete categor\u00edas dentro del \u00e1mbito gastron\u00f3mico para<b> <\/b>reconocer a quienes desarrollan actividades disruptivas e impactantes en producci\u00f3n, tecnolog\u00eda, educaci\u00f3n, industrias creativas, ciencia, hosteler\u00eda y activismo.<\/p>\n<p class=\"\">Algunos de los <i>Subsequent<\/i> (integrantes de la lista) son ya conocidos, otros son an\u00f3nimos que ahora tendr\u00e1n visibilidad. Entre ellos y ellas: Mat\u00edas Muchnick, creativo chileno de la prote\u00edna no animal, con <a target=\"_blank\" href=\"https:\/\/notco.com\/us\/\" rel=\"noopener\">Not Co<\/a>, compa\u00f1\u00eda en la que ha invertido <a target=\"_blank\" href=\"https:\/\/elpais.com\/noticias\/jeff-bezos\/\" rel=\"noopener\">Jeff Bezos, fundador de Amazon<\/a>. <a target=\"_blank\" href=\"https:\/\/jawic.org\/\" rel=\"noopener\">Jhannel Tomlinson<\/a>, activista jamaicana del cambio clim\u00e1tico que empodera a las mujeres a trav\u00e9s del caf\u00e9. <a target=\"_blank\" href=\"https:\/\/sesitechnologies.com\/\" rel=\"noopener\">Isaac Sesi<\/a>, que fabrica tecnolog\u00eda accesible para agricultores de Ghana. El peruano <a target=\"_blank\" href=\"http:\/\/www.eltrinche.com\/datos-calientes\/manuel-choqque-el-transformador-de-papas\/\" rel=\"noopener\">Manuel Choqque<\/a>, que produce en Cusco bellas y nutritivas papas nativas y promueve la agricultura andina.<\/p>\n<figure class=\"a_m a_m-h\"><span class=\"_db a_m_w\"><img alt=\"La mexicana Claudia Albertina Ruiz, chef del restaurante Kokon&#xF3;.\" decoding=\"auto\" class=\"_re lazyload a_m-h\" height=\"367\" srcset=\"https:\/\/imagenes.elpais.com\/resizer\/h1FZsMbNPJ-X3-zfmv0g6nxtkU8=\/414x0\/cloudfront-eu-central-1.images.arcpublishing.com\/prisa\/XIVCPCRIJVA3RJZY6JJ3JR4GKA.jpeg 414w,https:\/\/imagenes.elpais.com\/resizer\/blJVCfWqWA8kgmx1JozpB313ZsI=\/828x0\/cloudfront-eu-central-1.images.arcpublishing.com\/prisa\/XIVCPCRIJVA3RJZY6JJ3JR4GKA.jpeg 640w,https:\/\/imagenes.elpais.com\/resizer\/rYBUyhIOhPMreECopQ_eVvbYiTM=\/980x0\/cloudfront-eu-central-1.images.arcpublishing.com\/prisa\/XIVCPCRIJVA3RJZY6JJ3JR4GKA.jpeg 1000w,https:\/\/imagenes.elpais.com\/resizer\/nDb9aAC9notUhsvOUPNbGtT2w04=\/1960x0\/cloudfront-eu-central-1.images.arcpublishing.com\/prisa\/XIVCPCRIJVA3RJZY6JJ3JR4GKA.jpeg 1960w\" width=\"414\" loading=\"lazy\" src=\"https:\/\/imagenes.elpais.com\/resizer\/h1FZsMbNPJ-X3-zfmv0g6nxtkU8=\/414x0\/cloudfront-eu-central-1.images.arcpublishing.com\/prisa\/XIVCPCRIJVA3RJZY6JJ3JR4GKA.jpeg\"\/><\/span><figcaption class=\"a_m_p\"><span>La mexicana Claudia Albertina Ruiz, chef del restaurante Kokon\u00f3.<\/span><span class=\"a_m_m\">50Next<\/span><\/figcaption><\/figure>\n<p class=\"\">Maya Terro, ucraniana creadora de <a target=\"_blank\" href=\"https:\/\/foodblessed.org\/team\/\" rel=\"noopener\">FoodBlessed<\/a>, se mueve sin descanso en L\u00edbano contra el hambre y el desperdicio alimentario. La cocinera ind\u00edgena Claudia Albertina Ruiz ha roto moldes y discriminaciones a las mujeres y sirve <a target=\"_blank\" href=\"https:\/\/www.slowfood.com\/a-recipe-from-the-cooks-alliance-the-importance-of-indigenous-traditions-to-claudia-albertina-ruiz-santiz\/\" rel=\"noopener\"><i>slow food<\/i> de Chiapas<\/a><i> <\/i>en su restaurante Kokon\u00f3, desde el que ha demostrado a los mexicanos que \u201cel mayor lujo es descubrir y saborear la sabidur\u00eda gastron\u00f3mica de los ancestros\u201d.<\/p>\n<p class=\"\">La brasile\u00f1a Mariana Aleixo coordina proyectos educativos y culinarios liderados por mujeres y cre\u00f3 en 2010 el programa <i>Mar\u00e9 de sabores, <\/i>integr\u00e1ndolo al movimiento comunitario <a target=\"_blank\" href=\"https:\/\/www.redesdamare.org.br\/\" rel=\"noopener\">Redes da Mar\u00e9<\/a>, que opera en 16 favelas de R\u00edo de Janeiro. \u201cCon hambre y sin acceso a una alimentaci\u00f3n saludable la poblaci\u00f3n brasile\u00f1a no estar\u00e1 preparada fisiol\u00f3gicamente para denunciar las violaciones de sus derechos y superar esta crisis social, econ\u00f3mica y pol\u00edtica a la que nos enfrentamos\u201d, advierte Aleixo.<\/p>\n<figure class=\"a_m a_m-h\"><span class=\"_db a_m_w\"><img alt=\"La chef brasile&#xF1;a Mariana Aleixo.\" decoding=\"auto\" class=\"_re lazyload a_m-h\" height=\"229\" srcset=\"https:\/\/imagenes.elpais.com\/resizer\/_YWzKQw4vC_yQPuKOtZVlxQR3Cw=\/414x0\/cloudfront-eu-central-1.images.arcpublishing.com\/prisa\/AA3IKB36DFHMDJGLF6VWHUQ5HM.jpg 414w,https:\/\/imagenes.elpais.com\/resizer\/xBThdbma9S3JcPpzxItGPaNKc0k=\/828x0\/cloudfront-eu-central-1.images.arcpublishing.com\/prisa\/AA3IKB36DFHMDJGLF6VWHUQ5HM.jpg 640w,https:\/\/imagenes.elpais.com\/resizer\/MtPYFKFWBTllunp3UPXBsT0cs9M=\/980x0\/cloudfront-eu-central-1.images.arcpublishing.com\/prisa\/AA3IKB36DFHMDJGLF6VWHUQ5HM.jpg 1000w,https:\/\/imagenes.elpais.com\/resizer\/PWs9gBca8qRcXD4EeWBnalFgwks=\/1960x0\/cloudfront-eu-central-1.images.arcpublishing.com\/prisa\/AA3IKB36DFHMDJGLF6VWHUQ5HM.jpg 1960w\" width=\"414\" loading=\"lazy\" src=\"https:\/\/imagenes.elpais.com\/resizer\/_YWzKQw4vC_yQPuKOtZVlxQR3Cw=\/414x0\/cloudfront-eu-central-1.images.arcpublishing.com\/prisa\/AA3IKB36DFHMDJGLF6VWHUQ5HM.jpg\"\/><\/span><figcaption class=\"a_m_p\"><span>La chef brasile\u00f1a Mariana Aleixo.<\/span><span class=\"a_m_m\">Redes da Mar\u00e9<\/span><\/figcaption><\/figure>\n<p class=\"\">Todas las biograf\u00edas de la lista (con mayor\u00eda femenina) muestran a gente que no se rinde ante la adversidad, que saca partido a sus habilidades para ponerlas al servicio de la comunidad. Aunque tengan beneficio econ\u00f3mico propio generan riqueza para otros y tambi\u00e9n puestos de trabajo. Y suelen romper barreras, tanto sociales como de g\u00e9nero.<\/p>\n<p class=\"\">\u201cEs muy importante perder el miedo a arriesgarnos. Si tenemos una idea que creemos que puede tener un impacto positivo en la sociedad, \u00bfc\u00f3mo vamos a dejarla guardada en un caj\u00f3n?\u201d, afirma la bilba\u00edna <a target=\"_blank\" href=\"https:\/\/maitanealonso.com\/\" rel=\"noopener\">Maitane Alonso Monasterio<\/a>, molesta \u201ccuando dicen que somos <i>ni-ni,<\/i> que ni estudiamos ni trabajamos\u201d. Premiada por el Instituto de Tecnolog\u00eda de Massachusetts (MIT) y cuyo prototipo para alargar la vida de los alimentos ha cautivado a la NASA, Alonso es la m\u00e1s joven de una lista (no rating) que rinde homenaje a esos j\u00f3venes que en tiempos de disaster superan los l\u00edmites y abordan desaf\u00edos con apuestas visionarias y sostenibles.<\/p>\n<figure class=\"a_m a_m-v\"><span class=\"_db a_m_w _pr lb_btn\"><img alt=\"La investigadora bilba&#xED;na Maitane Alonso Monasterio.\" decoding=\"auto\" class=\"_re lazyload a_m-v\" height=\"552\" srcset=\"https:\/\/imagenes.elpais.com\/resizer\/CcGfygvvf2rqB6lckq4Wqt8cPcU=\/414x0\/cloudfront-eu-central-1.images.arcpublishing.com\/prisa\/QZ4RBWGMCNB2JOL3TVWSBIF6R4.jpg 414w,https:\/\/imagenes.elpais.com\/resizer\/nlOw9ucTsEJ_YK3qCLhf_1N-LBk=\/828x0\/cloudfront-eu-central-1.images.arcpublishing.com\/prisa\/QZ4RBWGMCNB2JOL3TVWSBIF6R4.jpg 640w,https:\/\/imagenes.elpais.com\/resizer\/vpJklcXha4UqGBu9DWYl3wh_P3E=\/980x0\/cloudfront-eu-central-1.images.arcpublishing.com\/prisa\/QZ4RBWGMCNB2JOL3TVWSBIF6R4.jpg 1000w,https:\/\/imagenes.elpais.com\/resizer\/O9NemuGEMN9Zc84P3g5r6bwRCbQ=\/1960x0\/cloudfront-eu-central-1.images.arcpublishing.com\/prisa\/QZ4RBWGMCNB2JOL3TVWSBIF6R4.jpg 1960w\" width=\"414\" loading=\"lazy\" src=\"https:\/\/imagenes.elpais.com\/resizer\/CcGfygvvf2rqB6lckq4Wqt8cPcU=\/414x0\/cloudfront-eu-central-1.images.arcpublishing.com\/prisa\/QZ4RBWGMCNB2JOL3TVWSBIF6R4.jpg\"\/><svg class=\"icon_multimedia_ampliar | _pa a_m_i a_m_i-a _dn\" viewbox=\"0 0 40 40\"><use xlink:href=\"#svg-ampliar\"\/><\/svg><\/span><figcaption class=\"a_m_p\"><span>La investigadora bilba\u00edna Maitane Alonso Monasterio.<\/span><span class=\"a_m_m\">50Next<\/span><\/figcaption><\/figure>\n<p class=\"\">\u201cVemos un horizonte 100% vegetal. El mundo necesita una transici\u00f3n proteica y creemos que debe ser liderada desde el Mediterr\u00e1neo\u201d, cuentan Marc Coloma y Bernat A\u00f1a\u00f1os, los responsables de Heura. \u201cCuando empez\u00e1bamos hace cuatro a\u00f1os muchos nos ve\u00edan como unos locos y hoy esos mismos nos confiesan que somos el futuro\u201d, a\u00f1aden los empresarios catalanes. Adem\u00e1s de ellos y de Maitane Alonso hay tres espa\u00f1oles m\u00e1s entre los 18 j\u00f3venes Subsequent<i> <\/i>europeos: la madrile\u00f1a Clara D\u00edez, promotora desde <a target=\"_blank\" href=\"https:\/\/formaje.com\/\" rel=\"noopener\">Formaje<\/a> del queso artesano y ecol\u00f3gico, y los hermanos vascos Ion y Mikel Zapiain, renovadores de una <a target=\"_blank\" href=\"https:\/\/zapiain.eus\/\" rel=\"noopener\">saga productora de sidra<\/a>.<\/p>\n<p class=\"\">Estos 50 magn\u00edficos del 2021 han sido escogidos entre 700 candidatos, seleccionados por el <a target=\"_blank\" href=\"https:\/\/www.bculinary.com\/es\/home\" rel=\"noopener\">Basque Culinary Center,<\/a> que promueve a su vez un galard\u00f3n para cooks transformadores de la sociedad, el <a target=\"_blank\" href=\"https:\/\/www.basqueculinaryworldprize.com\/\" rel=\"noopener\">Basque Culinary World Prize<\/a>. \u201cLos 50 Next representan una visi\u00f3n integradora y contempor\u00e1nea de la gastronom\u00eda. En un contexto mundial marcado por la incertidumbre generada a ra\u00edz de la covid-19 y los retos globales a los que nos enfrentamos resulta vital apoyar el talento joven\u201d, afirma Joxe Mari Aizega, director de esta Universidad gastron\u00f3mica. Y lo corrobora <a target=\"_blank\" href=\"https:\/\/www.william-reed.com\/Brands-and-markets\/Hospitality\/The-World-s-50-Best-Restaurants\/The-World-s-50-Best-Restaurants\" rel=\"noopener\">William Drew<\/a>, director de contenido de 50 Greatest: \u201cA medida que el mundo de la gastronom\u00eda se esfuerza por recuperarse de los efectos devastadores de la pandemia, es m\u00e1s importante que nunca reconocer a la nueva generaci\u00f3n de l\u00edderes\u201d.<\/p>\n<p class=\"\">El reconocimiento presencial a los 50 Subsequent (tanto de 2021 como de 2022) se har\u00e1 el a\u00f1o que viene en Bilbao, ciudad que acogi\u00f3 en 2018 la gala de <a target=\"_blank\" href=\"https:\/\/elpais.com\/elpais\/2018\/06\/19\/estilo\/1529427526_029516.html\" rel=\"noopener\">The World\u2019s 50 Best Restaurants<\/a>.<\/p>\n<figure class=\"a_m a_m-h\"><span class=\"_db a_m_w\"><img alt=\"Lista de los premiados del 50 Next.\" decoding=\"auto\" class=\"_re lazyload a_m-h\" height=\"414\" srcset=\"https:\/\/imagenes.elpais.com\/resizer\/El5Gu1c3qZwidbkwsmn_ushEeMw=\/414x0\/cloudfront-eu-central-1.images.arcpublishing.com\/prisa\/TMKWXJJC5FDSHIRI4CSVY3N3NE.jpg 414w,https:\/\/imagenes.elpais.com\/resizer\/56bbiATYclu3UB2rudS6gpoxBlE=\/828x0\/cloudfront-eu-central-1.images.arcpublishing.com\/prisa\/TMKWXJJC5FDSHIRI4CSVY3N3NE.jpg 640w,https:\/\/imagenes.elpais.com\/resizer\/h1C4vtfQqTpAGwHZczeYIKoAg5c=\/980x0\/cloudfront-eu-central-1.images.arcpublishing.com\/prisa\/TMKWXJJC5FDSHIRI4CSVY3N3NE.jpg 1000w,https:\/\/imagenes.elpais.com\/resizer\/HmtF0TmlUZtBRvXgtsV1hTF-Ugc=\/1960x0\/cloudfront-eu-central-1.images.arcpublishing.com\/prisa\/TMKWXJJC5FDSHIRI4CSVY3N3NE.jpg 1960w\" width=\"414\" loading=\"lazy\" src=\"https:\/\/imagenes.elpais.com\/resizer\/El5Gu1c3qZwidbkwsmn_ushEeMw=\/414x0\/cloudfront-eu-central-1.images.arcpublishing.com\/prisa\/TMKWXJJC5FDSHIRI4CSVY3N3NE.jpg\"\/><\/span><figcaption class=\"a_m_p\"><span>Lista de los premiados del 50 Subsequent.<\/span><span class=\"a_m_m\">50Next<\/span><\/figcaption><\/figure>\n<\/div>\n\n<p><em> \u2018 The preceding article may include information circulated by third parties \u2019 <\/em><\/p>\n<p><em> \u2018 Some details of this article were extracted from the following source elpais.com \u2019 <\/em><\/p>\n","protected":false},"excerpt":{"rendered":"<p>Los catalanes Marc Coloma y Bernat A\u00f1a\u00f1os, revolucionarios de la carne vegetal Heura; el australiano Josh Niland, carnicero del pescado con innovadoras t\u00e9cnicas; o la vasca veintea\u00f1era Maitane Alonso Monasterio, que ha inventado una m\u00e1quina para conservar alimentos. As\u00ed es la gente de 50 Subsequent, una lista elaborada por los responsables de la clasificaci\u00f3n culinaria [&hellip;]<\/p>\n","protected":false},"author":2,"featured_media":222358,"comment_status":"open","ping_status":"closed","sticky":false,"template":"","format":"standard","meta":{"om_disable_all_campaigns":false,"jnews-multi-image_gallery":[],"jnews_single_post":[],"jnews_primary_category":[],"jnews_social_meta":[],"footnotes":""},"categories":[43],"tags":[],"class_list":["post-222357","post","type-post","status-publish","format-standard","has-post-thumbnail","hentry","category-gourmet"],"_links":{"self":[{"href":"https:\/\/dimensionturistica.com\/es\/wp-json\/wp\/v2\/posts\/222357","targetHints":{"allow":["GET"]}}],"collection":[{"href":"https:\/\/dimensionturistica.com\/es\/wp-json\/wp\/v2\/posts"}],"about":[{"href":"https:\/\/dimensionturistica.com\/es\/wp-json\/wp\/v2\/types\/post"}],"author":[{"embeddable":true,"href":"https:\/\/dimensionturistica.com\/es\/wp-json\/wp\/v2\/users\/2"}],"replies":[{"embeddable":true,"href":"https:\/\/dimensionturistica.com\/es\/wp-json\/wp\/v2\/comments?post=222357"}],"version-history":[{"count":0,"href":"https:\/\/dimensionturistica.com\/es\/wp-json\/wp\/v2\/posts\/222357\/revisions"}],"wp:featuredmedia":[{"embeddable":true,"href":"https:\/\/dimensionturistica.com\/es\/wp-json\/wp\/v2\/media\/222358"}],"wp:attachment":[{"href":"https:\/\/dimensionturistica.com\/es\/wp-json\/wp\/v2\/media?parent=222357"}],"wp:term":[{"taxonomy":"category","embeddable":true,"href":"https:\/\/dimensionturistica.com\/es\/wp-json\/wp\/v2\/categories?post=222357"},{"taxonomy":"post_tag","embeddable":true,"href":"https:\/\/dimensionturistica.com\/es\/wp-json\/wp\/v2\/tags?post=222357"}],"curies":[{"name":"wp","href":"https:\/\/api.w.org\/{rel}","templated":true}]}}