{"id":221921,"date":"2021-11-07T22:00:19","date_gmt":"2021-11-07T22:00:19","guid":{"rendered":"https:\/\/dimensionturistica.com\/es\/?p=221921"},"modified":"2021-11-07T22:00:20","modified_gmt":"2021-11-07T22:00:20","slug":"turismo-viajes-peruanos-reducen-en-33-estadia-de-sus-viajes-nacionales-economia","status":"publish","type":"post","link":"https:\/\/dimensionturistica.com\/es\/turismo-viajes-peruanos-reducen-en-33-estadia-de-sus-viajes-nacionales-economia\/","title":{"rendered":"Turismo | Viajes | Peruanos reducen en 33% estad\u00eda de sus viajes nacionales | ECONOMIA"},"content":{"rendered":"<p> <br \/>\n<\/p>\n<div id=\"\">\n<p itemprop=\"description\" class=\"story-content__font--secondary mb-25 title-xs line-h-md mt-20 secondary-font pr-20\"><b>Tras el avance de la vacunaci\u00f3n en el pa\u00eds, se reactivaron las b\u00fasquedas de vuelos nacionales, los cuales aumentaron 514% de junio a setiembre, en comparaci\u00f3n con el mismo per\u00edodo del 2020, seg\u00fan datos del buscador Viajala.<\/b><\/p>\n<p itemprop=\"description\" class=\"story-content__font--secondary mb-25 title-xs line-h-md mt-20 secondary-font pr-20\">No obstante, en cuanto a duraci\u00f3n m\u00e1xima de los viajes dom\u00e9sticos esta se redujo en 33% en el per\u00edodo analizado, debido a que ahora la estad\u00eda es m\u00e1ximo de ocho d\u00edas (antes period 12 d\u00edas).<\/p>\n<p itemprop=\"description\" class=\"story-content__font--secondary mb-25 title-xs line-h-md mt-20 secondary-font pr-20\">Y en tiempo promedio es de solo cinco d\u00edas, dos d\u00edas menos que el mismo per\u00edodo (junio-setiembre) del a\u00f1o pasado, en base al informe anual Bar\u00f3metro 2021 de Viajala.<\/p>\n<p itemprop=\"description\" class=\"story-content__font--secondary mb-25 title-xs line-h-md mt-20 secondary-font pr-20\">\u201cEn el 2020 los viajes eran m\u00e1s largos debido a que se hac\u00edan porque se ten\u00eda que visitar a un familiar o por necesidad; en cambio los de ahora son m\u00e1s cortos y se dan como escapadas de ocio y con posibilidad de ser m\u00e1s frecuentes por los fines de semana largo\u201d, explic\u00f3 el vicepresidente de ventas y cofundador del portal, Josian Chevallier.<\/p>\n<h2 class=\"\"><b>Precios<\/b><\/h2>\n<p itemprop=\"description\" class=\"story-content__font--secondary mb-25 title-xs line-h-md mt-20 secondary-font pr-20\">Entre junio y setiembre del 2021 versus el mismo per\u00edodo del 2020, los precios de los pasajes a\u00e9reos para vuelos dom\u00e9sticos se incrementaron 38%, y se prev\u00e9 que se mantengan hasta el cierre del a\u00f1o; reci\u00e9n en los primeros seis meses del 2022 podr\u00edan disminuir, estim\u00f3 el ejecutivo.<\/p>\n<p itemprop=\"description\" class=\"story-content__font--secondary mb-25 title-xs line-h-md mt-20 secondary-font pr-20\">\u201cEn los meses de junio a setiembre el costo de los vuelos nacionales se elev\u00f3 por la menor frecuencia entre rutas, as\u00ed como por la disminuci\u00f3n de la competencia ante la salida de aerol\u00edneas como Avianca y Peruvian. Este precio se mantendr\u00e1 al cierre del a\u00f1o, ya que el enfoque actual de las aerol\u00edneas es obtener rentabilidad\u201d, dijo Josian Chevallier.<\/p>\n<p itemprop=\"description\" class=\"story-content__font--secondary mb-25 title-xs line-h-md mt-20 secondary-font pr-20\">Sin embargo, anot\u00f3, en el primer semestre del 2022 la situaci\u00f3n se puede revertir, y los precios de los pasajes a\u00e9reos disminuir, ya que se espera una mayor competencia. Y es que aerol\u00edneas como Latam y Viva reanudar\u00e1n la mayor\u00eda de sus vuelos; y compa\u00f1\u00edas como Sky y JetSmart, que ingresaron al mercado peruano antes de la pandemia, \u201cahora pueden comenzar a establecerse realmente\u201d.<\/p>\n<p itemprop=\"description\" class=\"story-content__font--secondary mb-25 title-xs line-h-md mt-20 secondary-font pr-20\">Asimismo, indic\u00f3 que hoy en d\u00eda las personas ya consideran que pueden viajar en las pr\u00f3ximas semanas o meses, y est\u00e1n buscando vuelos con fechas mas cercanas. As\u00ed, buscan vuelos nacionales con 13 d\u00edas de anticipaci\u00f3n.<\/p>\n<h2 class=\"\"><u><b>Ayacucho y Hu\u00e1nuco, destinos tendencia en 2022<\/b><\/u><\/h2>\n<p itemprop=\"description\" class=\"story-content__font--secondary mb-25 title-xs line-h-md mt-20 secondary-font pr-20\">Ayacucho y Hu\u00e1nuco ser\u00edan los destinos locales preferidos el pr\u00f3ximo a\u00f1o, seg\u00fan el buscador Viajala. Esto teniendo en cuenta que las b\u00fasquedas de vuelos a Ayacucho entre junio-setiembre 2021 vs. el mismo per\u00edodo del 2020 aumentaron 54% m\u00e1s que el promedio del mercado dom\u00e9stico, y a que disminuy\u00f3 el precio de los pasajes.<\/p>\n<p itemprop=\"description\" class=\"story-content__font--secondary mb-25 title-xs line-h-md mt-20 secondary-font pr-20\">En el caso de Hu\u00e1nuco, las b\u00fasquedas aumentaron 222% en el per\u00edodo referido, por encima del promedio, y cuenta con precios estables. \u201cEs que los peruanos vienen buscando vuelos de corta duraci\u00f3n y no tan costosos, ya que a\u00fan tienen miedo de que haya cancelaci\u00f3n o suspensi\u00f3n de los viajes\u201d, se\u00f1al\u00f3 Josian Chevallier.<\/p>\n<p itemprop=\"description\" class=\"story-content__font--secondary mb-25 title-xs line-h-md mt-20 secondary-font pr-20\">A ello se suma que vienen buscando destinos que brinden naturaleza y pocas aglomeraciones de personas, agreg\u00f3.<\/p>\n<\/div>\n\n<p><em> &#8221; Fuentes gestion.pe &#8221; <\/em><\/p>\n","protected":false},"excerpt":{"rendered":"<p>Tras el avance de la vacunaci\u00f3n en el pa\u00eds, se reactivaron las b\u00fasquedas de vuelos nacionales, los cuales aumentaron 514% de junio a setiembre, en comparaci\u00f3n con el mismo per\u00edodo del 2020, seg\u00fan datos del buscador Viajala. No obstante, en cuanto a duraci\u00f3n m\u00e1xima de los viajes dom\u00e9sticos esta se redujo en 33% en el [&hellip;]<\/p>\n","protected":false},"author":4,"featured_media":221922,"comment_status":"open","ping_status":"closed","sticky":false,"template":"","format":"standard","meta":{"om_disable_all_campaigns":false,"jnews-multi-image_gallery":[],"jnews_single_post":[],"jnews_primary_category":[],"jnews_social_meta":[],"footnotes":""},"categories":[39],"tags":[544,545,3094],"class_list":["post-221921","post","type-post","status-publish","format-standard","has-post-thumbnail","hentry","category-viajes","tag-turismo","tag-viajes","tag-viajes-nacionales"],"_links":{"self":[{"href":"https:\/\/dimensionturistica.com\/es\/wp-json\/wp\/v2\/posts\/221921","targetHints":{"allow":["GET"]}}],"collection":[{"href":"https:\/\/dimensionturistica.com\/es\/wp-json\/wp\/v2\/posts"}],"about":[{"href":"https:\/\/dimensionturistica.com\/es\/wp-json\/wp\/v2\/types\/post"}],"author":[{"embeddable":true,"href":"https:\/\/dimensionturistica.com\/es\/wp-json\/wp\/v2\/users\/4"}],"replies":[{"embeddable":true,"href":"https:\/\/dimensionturistica.com\/es\/wp-json\/wp\/v2\/comments?post=221921"}],"version-history":[{"count":0,"href":"https:\/\/dimensionturistica.com\/es\/wp-json\/wp\/v2\/posts\/221921\/revisions"}],"wp:featuredmedia":[{"embeddable":true,"href":"https:\/\/dimensionturistica.com\/es\/wp-json\/wp\/v2\/media\/221922"}],"wp:attachment":[{"href":"https:\/\/dimensionturistica.com\/es\/wp-json\/wp\/v2\/media?parent=221921"}],"wp:term":[{"taxonomy":"category","embeddable":true,"href":"https:\/\/dimensionturistica.com\/es\/wp-json\/wp\/v2\/categories?post=221921"},{"taxonomy":"post_tag","embeddable":true,"href":"https:\/\/dimensionturistica.com\/es\/wp-json\/wp\/v2\/tags?post=221921"}],"curies":[{"name":"wp","href":"https:\/\/api.w.org\/{rel}","templated":true}]}}