{"id":221842,"date":"2021-11-07T18:50:56","date_gmt":"2021-11-07T18:50:56","guid":{"rendered":"https:\/\/dimensionturistica.com\/es\/?p=221842"},"modified":"2021-11-07T18:50:57","modified_gmt":"2021-11-07T18:50:57","slug":"turismo-organiza-un-viaje-de-agentes-de-espana-y-portugal-a-extremadura-para-participar-en-el-workshop-de-turiberia","status":"publish","type":"post","link":"https:\/\/dimensionturistica.com\/es\/turismo-organiza-un-viaje-de-agentes-de-espana-y-portugal-a-extremadura-para-participar-en-el-workshop-de-turiberia\/","title":{"rendered":"Turismo organiza un viaje de agentes de Espa\u00f1a y Portugal a Extremadura para participar en el workshop de TURIBERIA"},"content":{"rendered":"<p> <br \/>\n<\/p>\n<div id=\"post-273000\">&#13;<br \/>\n\t\t\t\t\t\t&#13;<br \/>\n&#13;<br \/>\n\t\t\t\t\t\t&#13;<br \/>\n&#13;<br \/>\n&#13;<\/p>\n<hr class=\"hr-thin-bottom\"\/>&#13;<br \/>\n&#13;<br \/>\n\t\t\t\t\t\t\t\t\t\t\t\t&#13;<br \/>\n\t\t\t\t\t\t\t\t\t\t\t\t&#13;<\/p>\n<div class=\"post-thumbnail-wrapper\">\n\t\t<a rel=\"nofollow noopener\" target=\"_blank\" class=\"swipebox\" href=\"https:\/\/i0.wp.com\/infoprovincia.net\/wp-content\/uploads\/2021\/11\/FamTripTuriberia1.jpg?fit=1170%2C612&amp;ssl=1\" title=\"Permalink to image of Turismo organiza un viaje de agentes de Espa\u00f1a y Portugal a Extremadura para participar en el workshop de TURIBERIA\">&#13;<br \/>\n\t\t\t<img decoding=\"async\" width=\"1140\" height=\"612\" src=\"https:\/\/i0.wp.com\/infoprovincia.net\/wp-content\/uploads\/2021\/11\/FamTripTuriberia1.jpg?resize=1140%2C612&amp;ssl=1\" class=\"attachment-vw_large size-vw_large wp-post-image jetpack-lazy-image\" alt=\"\" data-attachment-id=\"273001\" data-permalink=\"https:\/\/infoprovincia.net\/2021\/11\/07\/turismo-organiza-un-viaje-de-agentes-de-espana-y-portugal-a-extremadura-para-participar-en-el-workshop-de-turiberia\/famtripturiberia1\/\" data-orig-file=\"https:\/\/i0.wp.com\/infoprovincia.net\/wp-content\/uploads\/2021\/11\/FamTripTuriberia1.jpg?fit=1170%2C612&amp;ssl=1\" data-orig-size=\"1170,612\" data-comments-opened=\"1\" data-image-meta=\"{&quot;aperture&quot;:&quot;0&quot;,&quot;credit&quot;:&quot;&quot;,&quot;camera&quot;:&quot;&quot;,&quot;caption&quot;:&quot;&quot;,&quot;created_timestamp&quot;:&quot;0&quot;,&quot;copyright&quot;:&quot;&quot;,&quot;focal_length&quot;:&quot;0&quot;,&quot;iso&quot;:&quot;0&quot;,&quot;shutter_speed&quot;:&quot;0&quot;,&quot;title&quot;:&quot;&quot;,&quot;orientation&quot;:&quot;0&quot;}\" data-image-title=\"FamTripTuriberia1\" data-image-description=\"\" data-image-caption=\"\" data-medium-file=\"https:\/\/i0.wp.com\/infoprovincia.net\/wp-content\/uploads\/2021\/11\/FamTripTuriberia1.jpg?fit=300%2C157&amp;ssl=1\" data-large-file=\"https:\/\/i0.wp.com\/infoprovincia.net\/wp-content\/uploads\/2021\/11\/FamTripTuriberia1.jpg?fit=1024%2C536&amp;ssl=1\" data-lazy-src=\"https:\/\/i0.wp.com\/infoprovincia.net\/wp-content\/uploads\/2021\/11\/FamTripTuriberia1.jpg?resize=1140%2C612&amp;ssl=1&amp;is-pending-load=1\" srcset=\"data:image\/gif;base64,R0lGODlhAQABAIAAAAAAAP\/\/\/yH5BAEAAAAALAAAAAABAAEAAAIBRAA7\"\/>\t\t<\/a>\n\t<\/div>\n<p>&#13;<br \/>\n\t\t\t\t\t\t&#13;<\/p>\n<div class=\"post-content clearfix\">\n<p>La Direcci\u00f3n basic de Turismo ha organizado la visita de diez agencias de viajes de origen nacional y portugu\u00e9s, que han participado en el workshop de TURIBERIA, para posteriormente realizar un itinerario para dar a conocer la ciudad de Badajoz y entorno. Este viaje se celebra del 4 al 7 de noviembre con motivo de la Feria Hispano Portuguesa, FEHISPOR, con el que se pretende dar a conocer Extremadura como destino experiencial.<\/p>\n<p>Para esta acci\u00f3n, Turismo ha seleccionado a agencias de viajes nacionales procedentes de Andaluc\u00eda, Asturias, Comunidad Valenciana, Catalu\u00f1a, Madrid y Regi\u00f3n de Murcia.<\/p>\n<p>El pasado jueves, tras participar en el workshop, el grupo se desplaz\u00f3 al Lodge Badajoz Heart donde se ofreci\u00f3 una cena de bienvenida, amenizada con la actuaci\u00f3n de una murga de Carnaval de Badajoz. En la jornada del viernes las agencias visitaron las localidades vecinas de Campo Maior y Elvas. Por la tarde de vuelta a Badajoz disfrutaron de un espect\u00e1culo de luz y sonido en la Plaza Alta.<\/p>\n<p>En las jornadas de este s\u00e1bado y domingo, los agentes participar\u00e1n en distintas actividades en la dehesa: desayuno safari del jam\u00f3n DO Dehesa de Extremadura, visita a explotaci\u00f3n y secadero de jamones, grasp class de corte, almuerzo campero con cata de vinos y safari del toro, as\u00ed como una actuaci\u00f3n de flamenco. En el marco de Birding in Extremadura y el proyecto Territorio Eurobird, liderado por la Direcci\u00f3n basic de turismo, tambi\u00e9n est\u00e1 prevista una actividad de observaci\u00f3n de aves.<\/p>\n<p>Esta acci\u00f3n promocional se enmarca en el proyecto Territorio Eurobird y est\u00e1 financiada por el Fondo Europeo de Desarrollo Regional (FEDER) en el marco del programa Interreg V A Espa\u00f1a-Portugal (POCTEP) 2014-2020.<\/p>\n<\/p><\/div>\n<p>&#13;<br \/>\n\t\t\t\t\t\t&#13;<br \/>\n\t\t\t\t\t\t&#13;<br \/>\n\t\t\t\t\t\t&#13;\n\t\t\t\t\t<\/p><\/div>\n\n<p><em> &#8221; Fuentes infoprovincia.net &#8221; <\/em><\/p>\n","protected":false},"excerpt":{"rendered":"<p>&#13; &#13; &#13; &#13; &#13; &#13; &#13; &#13; &#13; &#13; &#13; &#13; &#13; La Direcci\u00f3n basic de Turismo ha organizado la visita de diez agencias de viajes de origen nacional y portugu\u00e9s, que han participado en el workshop de TURIBERIA, para posteriormente realizar un itinerario para dar a conocer la ciudad de Badajoz y entorno. [&hellip;]<\/p>\n","protected":false},"author":4,"featured_media":221843,"comment_status":"open","ping_status":"closed","sticky":false,"template":"","format":"standard","meta":{"om_disable_all_campaigns":false,"jnews-multi-image_gallery":[],"jnews_single_post":[],"jnews_primary_category":[],"jnews_social_meta":[],"footnotes":""},"categories":[40],"tags":[12976],"class_list":["post-221842","post","type-post","status-publish","format-standard","has-post-thumbnail","hentry","category-industria","tag-junta-de-extremadura"],"_links":{"self":[{"href":"https:\/\/dimensionturistica.com\/es\/wp-json\/wp\/v2\/posts\/221842","targetHints":{"allow":["GET"]}}],"collection":[{"href":"https:\/\/dimensionturistica.com\/es\/wp-json\/wp\/v2\/posts"}],"about":[{"href":"https:\/\/dimensionturistica.com\/es\/wp-json\/wp\/v2\/types\/post"}],"author":[{"embeddable":true,"href":"https:\/\/dimensionturistica.com\/es\/wp-json\/wp\/v2\/users\/4"}],"replies":[{"embeddable":true,"href":"https:\/\/dimensionturistica.com\/es\/wp-json\/wp\/v2\/comments?post=221842"}],"version-history":[{"count":0,"href":"https:\/\/dimensionturistica.com\/es\/wp-json\/wp\/v2\/posts\/221842\/revisions"}],"wp:featuredmedia":[{"embeddable":true,"href":"https:\/\/dimensionturistica.com\/es\/wp-json\/wp\/v2\/media\/221843"}],"wp:attachment":[{"href":"https:\/\/dimensionturistica.com\/es\/wp-json\/wp\/v2\/media?parent=221842"}],"wp:term":[{"taxonomy":"category","embeddable":true,"href":"https:\/\/dimensionturistica.com\/es\/wp-json\/wp\/v2\/categories?post=221842"},{"taxonomy":"post_tag","embeddable":true,"href":"https:\/\/dimensionturistica.com\/es\/wp-json\/wp\/v2\/tags?post=221842"}],"curies":[{"name":"wp","href":"https:\/\/api.w.org\/{rel}","templated":true}]}}