{"id":220684,"date":"2021-11-05T11:05:26","date_gmt":"2021-11-05T11:05:26","guid":{"rendered":"https:\/\/dimensionturistica.com\/es\/?p=220684"},"modified":"2021-11-05T11:05:26","modified_gmt":"2021-11-05T11:05:26","slug":"la-presion-logran-resultados-schreiber-foods-proveedora-lactea-de-mercadona-se-compromete-a-subir-el-precio-base-de-la-leche-este-mes","status":"publish","type":"post","link":"https:\/\/dimensionturistica.com\/es\/la-presion-logran-resultados-schreiber-foods-proveedora-lactea-de-mercadona-se-compromete-a-subir-el-precio-base-de-la-leche-este-mes\/","title":{"rendered":"La presi\u00f3n logran resultados: Schreiber Foods, proveedora l\u00e1ctea de Mercadona, se compromete a subir el precio base de la leche este mes"},"content":{"rendered":"<p> <br \/>\n<\/p>\n<div>\n<p><span id=\"page3R_mcid5\" class=\"markedContent\"><span dir=\"ltr\" role=\"presentation\">La industria l\u00e1ctea <a target=\"_blank\" href=\"https:\/\/www.schreiberfoods.com\/en-us\/locations\/europe\/spain\/castile-la-mancha\/talavera-de-la-reina\" rel=\"noopener\">Schreiber Foods<\/a>, <span id=\"page3R_mcid7\" class=\"markedContent\">que compra m\u00e1s del 40% de la leche de vaca producida en la comarca talaverana<\/span> y que es u<span id=\"page17R_mcid0\" class=\"markedContent\">no de los principales proveedores de yogures y postres l\u00e1cteos de Mercadona, se ha comprometido a <span id=\"page3R_mcid7\" class=\"markedContent\"> a incrementar el precio base a los ganaderos a partir de este mes de noviembre.<\/span><\/span><br \/><\/span><\/span><\/p>\n<p><span id=\"page3R_mcid5\" class=\"markedContent\"><span dir=\"ltr\" role=\"presentation\">Representantes de <a target=\"_blank\" href=\"https:\/\/www.asajatoledo.es\/\" rel=\"noopener\">ASAJA Toledo<\/a> y <a target=\"_blank\" href=\"https:\/\/upaclm.es\/\" rel=\"noopener\">UPA Castilla<\/a><\/span><span dir=\"ltr\" role=\"presentation\">\u2013<\/span><span dir=\"ltr\" role=\"presentation\">La <\/span><span dir=\"ltr\" role=\"presentation\">Mancha, junto a ganaderos de la comarca de Tala<\/span><span dir=\"ltr\" role=\"presentation\">vera de la Reina, se reunieron con la <\/span><span dir=\"ltr\" role=\"presentation\">industria l\u00e1ctea S<\/span><span dir=\"ltr\" role=\"presentation\">c<\/span><span dir=\"ltr\" role=\"presentation\">hreiber Meals, que cuenta con una planta de elaboraci\u00f3n de yogures <\/span><span dir=\"ltr\" role=\"presentation\">y postres l\u00e1cteos en esta ciudad<\/span><span dir=\"ltr\" role=\"presentation\">,<\/span> <span dir=\"ltr\" role=\"presentation\">para abordar la dif\u00edcil situaci\u00f3n que atraviesa el sector <\/span><span dir=\"ltr\" role=\"presentation\">l\u00e1cteo de la comarca con unos costes de<\/span> <span dir=\"ltr\" role=\"presentation\">producci\u00f3n disparados y que ponen en peligro <\/span><span dir=\"ltr\" role=\"presentation\">la <a target=\"_blank\" href=\"https:\/\/agroinformacion.com\/category\/ganaderia\/vacuno-de-leche\/\" rel=\"noopener\">subsistencia de las granjas de leche<\/a><\/span><span dir=\"ltr\" role=\"presentation\">, ya que los ganaderos necesitan precios justos <\/span><span dir=\"ltr\" role=\"presentation\">para su viabilidad de cara al futuro. <\/span> <\/span><span id=\"page3R_mcid6\" class=\"markedContent\"><br role=\"presentation\"\/><\/span><\/p>\n<p><span id=\"page3R_mcid6\" class=\"markedContent\"><span dir=\"ltr\" role=\"presentation\">As\u00ed lo han trasladado la presidenta de ASAJA Toledo, Blanca Corroto, y la secretaria<\/span> <span dir=\"ltr\" role=\"presentation\">basic de UPA Toledo, Elisa Fern\u00e1ndez, a los representantes de Schreiber, encabezados <\/span><span dir=\"ltr\" role=\"presentation\">por el director de <\/span><span dir=\"ltr\" role=\"presentation\">Compras<\/span> <span dir=\"ltr\" role=\"presentation\">en Europa, Julio Gal\u00e1n, en una reuni\u00f3n que ha tenido lugar <\/span><span dir=\"ltr\" role=\"presentation\">en la f\u00e1brica de la compa\u00f1\u00eda en Talavera de la Reina, y en la que tambi\u00e9n han esta<\/span><span dir=\"ltr\" role=\"presentation\">do <\/span><span dir=\"ltr\" role=\"presentation\">presentes la representante de ASAJA en la zona, Mar\u00eda Tapia<\/span><span dir=\"ltr\" role=\"presentation\">, y el secretario de <\/span><span dir=\"ltr\" role=\"presentation\">Ganader\u00eda de UPA Castilla<\/span><span dir=\"ltr\" role=\"presentation\">\u2013<\/span><span dir=\"ltr\" role=\"presentation\">La Mancha, Julio Corrochano. <\/span> <\/span><span id=\"page3R_mcid7\" class=\"markedContent\"><br role=\"presentation\"\/><\/span><\/p>\n<blockquote>\n<p><em><strong><span id=\"page3R_mcid7\" class=\"markedContent\"><span dir=\"ltr\" role=\"presentation\">LA SUBIDA DEL PRECIO BASE DE LA LECHE SER\u00c1 EFECTIVA ESTE MES Y SE MANTENDR\u00c1 HASTA LA RENOVACI\u00d3N DE LOS NUEVOS CONRATOS EN FEBRERO<\/span><\/span><\/strong><\/em><\/p>\n<\/blockquote>\n<p><span id=\"page3R_mcid7\" class=\"markedContent\"><span dir=\"ltr\" role=\"presentation\">La compa\u00f1\u00eda l\u00e1ctea, que compra m\u00e1s del 40% de la leche de vaca producida en la <\/span><span dir=\"ltr\" role=\"presentation\">comarca talaverana, se ha mostrado rec<\/span><span dir=\"ltr\" role=\"presentation\">eptiva a las demandas del sector productor y se <\/span><span dir=\"ltr\" role=\"presentation\">ha comprometido a incrementar el precio base a los ganaderos a partir de este mes de <\/span><span dir=\"ltr\" role=\"presentation\">noviembre, manteniendo la subida hasta la renovaci\u00f3n de los contratos actuales, que\u00a0 <\/span><span dir=\"ltr\" role=\"presentation\">expiran el 1 de febrero<\/span> <span dir=\"ltr\" role=\"presentation\">de 2022.<\/span> <\/span><span id=\"page3R_mcid8\" class=\"markedContent\"><br role=\"presentation\"\/><\/span><\/p>\n<p><span id=\"page3R_mcid8\" class=\"markedContent\"><span dir=\"ltr\" role=\"presentation\"><img decoding=\"async\" loading=\"lazy\" class=\"size-medium wp-image-177937 alignleft\" src=\"https:\/\/agroinformacion.com\/wp-content\/uploads\/2021\/11\/precio-base-de-la-leche-300x171.jpg\" alt=\"\" width=\"300\" height=\"171\"\/>Precisamente, y de cara a la renovaci\u00f3n de los contratos<\/span><span dir=\"ltr\" role=\"presentation\">, desde UPA Castilla<\/span><span dir=\"ltr\" role=\"presentation\">\u2013<\/span><span dir=\"ltr\" role=\"presentation\">La Mancha <\/span><span dir=\"ltr\" role=\"presentation\">y ASAJA Toledo se ha instado a la industria a respetar la Ley de la Cadena Alimentari<\/span><span dir=\"ltr\" role=\"presentation\">a, <\/span><span dir=\"ltr\" role=\"presentation\">que obliga a no fijar precios en origen por debajo de los costes de producci\u00f3n<\/span> <span dir=\"ltr\" role=\"presentation\">y <\/span> <span dir=\"ltr\" role=\"presentation\">han <\/span><span dir=\"ltr\" role=\"presentation\">insistido en la necesidad de que el reparto de beneficios sea equilibrado a lo largo de <\/span><span dir=\"ltr\" role=\"presentation\">toda la cadena alimentaria para asegurar la supervivencia del sector primario y el <\/span><span dir=\"ltr\" role=\"presentation\">abastecimiento de alimentos de primera necesidad como son la leche y los derivado<\/span><span dir=\"ltr\" role=\"presentation\">s <\/span><span dir=\"ltr\" role=\"presentation\">l\u00e1cteos. <\/span> <\/span><span id=\"page3R_mcid9\" class=\"markedContent\"\/><\/p>\n<p><span id=\"page17R_mcid0\" class=\"markedContent\"><span dir=\"ltr\" role=\"presentation\">Schreiber Meals Espa\u00f1a es uno de los principales proveedores de yogures y postres <\/span><span dir=\"ltr\" role=\"presentation\">l\u00e1cteos de Mercadona, raz\u00f3n por la cual se trasladar\u00e1 a esta cadena de alimentaci\u00f3n los <\/span><span dir=\"ltr\" role=\"presentation\">compromisos adquiridos en la reuni\u00f3n para su reflexi\u00f3n en el marco de su p<\/span><span dir=\"ltr\" role=\"presentation\">ol\u00edtica <\/span><span dir=\"ltr\" role=\"presentation\">comercial. <\/span> <\/span><span id=\"page17R_mcid1\" class=\"markedContent\"><br role=\"presentation\"\/><\/span><\/p>\n<p><span id=\"page17R_mcid1\" class=\"markedContent\"><span dir=\"ltr\" role=\"presentation\">Por otro lado, desde las organizaciones agrarias se contactar\u00e1 con la Interprofesional <\/span><span dir=\"ltr\" role=\"presentation\">L\u00e1ctea (INLAC) para que revise los indicadores que influyen <\/span> <span dir=\"ltr\" role=\"presentation\">en <\/span> <span dir=\"ltr\" role=\"presentation\">la parte variable que <\/span><span dir=\"ltr\" role=\"presentation\">conforma el precio base de la leche en origen<\/span> <span dir=\"ltr\" role=\"presentation\">al considera<\/span><span dir=\"ltr\" role=\"presentation\">r que<\/span><span dir=\"ltr\" role=\"presentation\">, en la actualidad, <\/span><span dir=\"ltr\" role=\"presentation\">algunos <\/span><span dir=\"ltr\" role=\"presentation\">de estos \u00edndices est\u00e1n desfasados. <\/span> <\/span><span id=\"page17R_mcid2\" class=\"markedContent\"><span dir=\"ltr\" role=\"presentation\">Schreiber Meals Espa\u00f1a cuenta <\/span> <span dir=\"ltr\" role=\"presentation\">con <\/span> <span dir=\"ltr\" role=\"presentation\">otra planta en la provincia de Toledo, aparte de la de <\/span><span dir=\"ltr\" role=\"presentation\">Talavera, <\/span> <span dir=\"ltr\" role=\"presentation\">radicada en Noblejas. Ambas est\u00e1n <\/span> <span dir=\"ltr\" role=\"presentation\">dedicadas a la fabricaci\u00f3n de yogures y postres <\/span><span dir=\"ltr\" role=\"presentation\">l\u00e1cteos<\/span><span dir=\"ltr\" role=\"presentation\">.<\/span><\/span><\/p>\n<\/p><\/div>\n\n<p><em> \u2018 The preceding article may include information circulated by third parties \u2019 <\/em><\/p>\n<p><em> \u2018 Some details of this article were extracted from the following source agroinformacion.com \u2019 <\/em><\/p>\n","protected":false},"excerpt":{"rendered":"<p>La industria l\u00e1ctea Schreiber Foods, que compra m\u00e1s del 40% de la leche de vaca producida en la comarca talaverana y que es uno de los principales proveedores de yogures y postres l\u00e1cteos de Mercadona, se ha comprometido a a incrementar el precio base a los ganaderos a partir de este mes de noviembre. Representantes [&hellip;]<\/p>\n","protected":false},"author":2,"featured_media":220685,"comment_status":"open","ping_status":"closed","sticky":false,"template":"","format":"standard","meta":{"om_disable_all_campaigns":false,"jnews-multi-image_gallery":[],"jnews_single_post":[],"jnews_primary_category":[],"jnews_social_meta":[],"footnotes":""},"categories":[43],"tags":[],"class_list":["post-220684","post","type-post","status-publish","format-standard","has-post-thumbnail","hentry","category-gourmet"],"_links":{"self":[{"href":"https:\/\/dimensionturistica.com\/es\/wp-json\/wp\/v2\/posts\/220684","targetHints":{"allow":["GET"]}}],"collection":[{"href":"https:\/\/dimensionturistica.com\/es\/wp-json\/wp\/v2\/posts"}],"about":[{"href":"https:\/\/dimensionturistica.com\/es\/wp-json\/wp\/v2\/types\/post"}],"author":[{"embeddable":true,"href":"https:\/\/dimensionturistica.com\/es\/wp-json\/wp\/v2\/users\/2"}],"replies":[{"embeddable":true,"href":"https:\/\/dimensionturistica.com\/es\/wp-json\/wp\/v2\/comments?post=220684"}],"version-history":[{"count":0,"href":"https:\/\/dimensionturistica.com\/es\/wp-json\/wp\/v2\/posts\/220684\/revisions"}],"wp:featuredmedia":[{"embeddable":true,"href":"https:\/\/dimensionturistica.com\/es\/wp-json\/wp\/v2\/media\/220685"}],"wp:attachment":[{"href":"https:\/\/dimensionturistica.com\/es\/wp-json\/wp\/v2\/media?parent=220684"}],"wp:term":[{"taxonomy":"category","embeddable":true,"href":"https:\/\/dimensionturistica.com\/es\/wp-json\/wp\/v2\/categories?post=220684"},{"taxonomy":"post_tag","embeddable":true,"href":"https:\/\/dimensionturistica.com\/es\/wp-json\/wp\/v2\/tags?post=220684"}],"curies":[{"name":"wp","href":"https:\/\/api.w.org\/{rel}","templated":true}]}}