{"id":220506,"date":"2021-11-05T00:08:21","date_gmt":"2021-11-05T00:08:21","guid":{"rendered":"https:\/\/dimensionturistica.com\/es\/?p=220506"},"modified":"2021-11-05T00:08:21","modified_gmt":"2021-11-05T00:08:21","slug":"adif-espera-contratar-en-febrero-las-obras-de-conexion-de-el-crucero-y-la-n-1","status":"publish","type":"post","link":"https:\/\/dimensionturistica.com\/es\/adif-espera-contratar-en-febrero-las-obras-de-conexion-de-el-crucero-y-la-n-1\/","title":{"rendered":"ADIF espera contratar en febrero las obras de conexi\u00f3n de El Crucero y la N-1"},"content":{"rendered":"<p> <br \/>\n<\/p>\n<div>\n<article class=\"voc-article voc-article--detail voc-article--detail--base voc-article--photo-bottom\"><!-- IMAGE --><\/p>\n<div class=\"voc-img-container  \"><picture>\n<div class=\"voc-horizontal voc-img-icon-link\"><img decoding=\"async\" src=\"https:\/\/dimensionturistica.com\/es\/wp-content\/uploads\/2021\/11\/ADIF-espera-contratar-en-febrero-las-obras-de-conexion-de.jpg\" title=\"\" alt=\"La apertura de la pasarela est\u00e1 pendiente de aumentar la distancia al tendido el\u00e9ctrico. \/avelino g\u00f3mez\" onload=\"performance.mark('fmp');\"\/><noscript><img decoding=\"async\" src=\"https:\/\/dimensionturistica.com\/es\/wp-content\/uploads\/2021\/11\/ADIF-espera-contratar-en-febrero-las-obras-de-conexion-de.jpg\" alt=\"La apertura de la pasarela est\u00e1 pendiente de aumentar la distancia al tendido el\u00e9ctrico. \"\/><\/noscript><\/div>\n<\/picture>\n<p class=\"figure-caption\"><span class=\"voc-photo-caption\">La apertura de la pasarela est\u00e1 pendiente de aumentar la distancia al tendido el\u00e9ctrico.  \/ <\/span><span class=\"voc-photo-author\">avelino g\u00f3mez<\/span><\/p>\n<\/div>\n<p><!-- INFO CONTAINER --><\/p>\n<p><h2 class=\"voc-sub-title\">Un mes despu\u00e9s se prev\u00e9 firmar el acta de replanteo, momento a partir del que empezar\u00e1 a contar los 8 de ejecuci\u00f3n de los trabajos<\/h2>\n<\/p>\n<\/article>\n<\/div>\n<div data-voc-share-selection=\"\"><!-- AUTHOR --><\/p>\n<div class=\"voc-author-timesocial \"><!-- AUTHOR --><\/p>\n<div class=\"voc-author-timesocial__signature\"><!-- IMAGE AUTHOR --><picture class=\"voc-image-signature\"><img decoding=\"async\" class=\"voc-image-signature__img\" src=\"https:\/\/dimensionturistica.com\/es\/wp-content\/uploads\/2021\/11\/ADIF-espera-contratar-en-febrero-las-obras-de-conexion-de.jpeg\" alt=\"Cristina Ortiz\"\/><\/picture><!-- INFO AUTHOR --><\/div>\n<\/div>\n<p><!-- COMPONENTS --><\/p>\n<p class=\"voc-paragraph\">Si se cumplen los plazos, la nueva conexi\u00f3n de El Crucero con la N-1 deber\u00e1 ser una realidad en oto\u00f1o del pr\u00f3ximo a\u00f1o. ADIF prev\u00e9 tener firmado el contrato de adjudicaci\u00f3n de las obras en febrero y un mes m\u00e1s tarde, tambi\u00e9n el acta de replanteo. Momento a partir del que comenzar\u00e1 a contar el plazo de ejecuci\u00f3n materials de las infraestruc\n<\/p>\n<p><ev-engagement group-name=\"paywall-onplus\" redirect=\"false\"\/><\/div>\n\n<p><em> &#8221; Fuentes www.elcorreo.com &#8221; <\/em><\/p>\n","protected":false},"excerpt":{"rendered":"<p>La apertura de la pasarela est\u00e1 pendiente de aumentar la distancia al tendido el\u00e9ctrico. \/ avelino g\u00f3mez Un mes despu\u00e9s se prev\u00e9 firmar el acta de replanteo, momento a partir del que empezar\u00e1 a contar los 8 de ejecuci\u00f3n de los trabajos Si se cumplen los plazos, la nueva conexi\u00f3n de El Crucero con la [&hellip;]<\/p>\n","protected":false},"author":4,"featured_media":220507,"comment_status":"open","ping_status":"closed","sticky":false,"template":"","format":"standard","meta":{"om_disable_all_campaigns":false,"jnews-multi-image_gallery":[],"jnews_single_post":[],"jnews_primary_category":[],"jnews_social_meta":[],"footnotes":""},"categories":[41],"tags":[7977,6967,16762,1280,11099,4969,982],"class_list":["post-220506","post","type-post","status-publish","format-standard","has-post-thumbnail","hentry","category-cruceros","tag-adif","tag-conexion","tag-contratar","tag-crucero","tag-espera","tag-febrero","tag-obras"],"_links":{"self":[{"href":"https:\/\/dimensionturistica.com\/es\/wp-json\/wp\/v2\/posts\/220506","targetHints":{"allow":["GET"]}}],"collection":[{"href":"https:\/\/dimensionturistica.com\/es\/wp-json\/wp\/v2\/posts"}],"about":[{"href":"https:\/\/dimensionturistica.com\/es\/wp-json\/wp\/v2\/types\/post"}],"author":[{"embeddable":true,"href":"https:\/\/dimensionturistica.com\/es\/wp-json\/wp\/v2\/users\/4"}],"replies":[{"embeddable":true,"href":"https:\/\/dimensionturistica.com\/es\/wp-json\/wp\/v2\/comments?post=220506"}],"version-history":[{"count":0,"href":"https:\/\/dimensionturistica.com\/es\/wp-json\/wp\/v2\/posts\/220506\/revisions"}],"wp:featuredmedia":[{"embeddable":true,"href":"https:\/\/dimensionturistica.com\/es\/wp-json\/wp\/v2\/media\/220507"}],"wp:attachment":[{"href":"https:\/\/dimensionturistica.com\/es\/wp-json\/wp\/v2\/media?parent=220506"}],"wp:term":[{"taxonomy":"category","embeddable":true,"href":"https:\/\/dimensionturistica.com\/es\/wp-json\/wp\/v2\/categories?post=220506"},{"taxonomy":"post_tag","embeddable":true,"href":"https:\/\/dimensionturistica.com\/es\/wp-json\/wp\/v2\/tags?post=220506"}],"curies":[{"name":"wp","href":"https:\/\/api.w.org\/{rel}","templated":true}]}}