{"id":220424,"date":"2021-11-04T22:46:06","date_gmt":"2021-11-04T22:46:06","guid":{"rendered":"https:\/\/dimensionturistica.com\/es\/?p=220424"},"modified":"2021-11-04T22:46:06","modified_gmt":"2021-11-04T22:46:06","slug":"machu-picchu-entre-los-10-destinos-mundiales-para-un-viaje-formidable-segun-forbes-atmp-economia","status":"publish","type":"post","link":"https:\/\/dimensionturistica.com\/es\/machu-picchu-entre-los-10-destinos-mundiales-para-un-viaje-formidable-segun-forbes-atmp-economia\/","title":{"rendered":"Machu Picchu entre los 10 destinos mundiales para un viaje formidable, seg\u00fan Forbes atmp | Econom\u00eda"},"content":{"rendered":"<p> <br \/>\n<\/p>\n<div>\n<section class=\"section-visibility\">\n<p class=\"\">La majestuosidad de <a rel=\"nofollow noopener\" target=\"_blank\" href=\"https:\/\/larepublica.pe\/tag\/machu-picchu\/\">Machu Picchu<\/a> sigue cautivando el inter\u00e9s de los viajeros y especialistas de todo el mundo. Por ello, el atractivo ha sido incluido en la lista de 10 destinos mundiales <mark class=\"hl_yellow\">para un viaje formidable de vacaciones publish pandemia en 2022<\/mark>, as\u00ed lo dio a conocer la prestigiosa revista internacional de negocios y finanzas <b>Forbes.<\/b><\/p>\n<aside class=\"ads_middle2-container ad-container\"\/>\n<p class=\"\">En un <b>art\u00edculo<\/b> denominado <b>Los 10 mejores viajes de vacaciones publish COVID para el 2022<\/b>, escrito por su colaborador <b>Larry Olmsted<\/b> y publicado el 1 de octubre de este a\u00f1o en la secci\u00f3n Estilo de vida, la revista destaca la impresionante arquitectura de Machu Picchu y recomienda a los viajeros visitar tambi\u00e9n la ciudad de Cusco.<\/p>\n<p class=\"\">Adem\u00e1s, resaltan los monumentos precolombinos, iglesias y casonas coloniales, sitios arqueol\u00f3gicos, artesan\u00eda y gastronom\u00eda que representan una experiencia inolvidable para familias, parejas, grupos de amigos o viajeros solitarios. Se\u00f1alan tambi\u00e9n que es el destino perfecto para \u201camantes de la cultura y aficionados a la historia, as\u00ed como los buscadores de aventuras en lugares impactantes\u201d.<\/p>\n<aside style=\"display:block;text-align:center;margin-bottom:10px\"\/>\n<p class=\"\">En el art\u00edculo sostienen que en el<b> Valle Sagrado<\/b> es posible vivir una experiencia de viaje \u00fanica que combina el impresionante patrimonio arqueol\u00f3gico heredado de la civilizaci\u00f3n inca con el paisaje cautivante del valle de Urubamba, con sus coloridos campos de cultivo nutridos por las aguas cristalinas del r\u00edo Vilcanota y custodiados por hermosas monta\u00f1as nevadas.<\/p>\n<p class=\"\">Asimismo, se\u00f1alan que existe una oferta tur\u00edstica importante con establecimientos de hospedaje de excelente calidad y que incluyen actividades diversas como paseos a caballo, en bicicleta, visita a comunidades para conocer sus costumbres y comprar artesan\u00edas de gran belleza, and so on.<\/p>\n<aside class=\"ads_inline-container ad-container\"\/>\n<blockquote><p><b>PUEDES VER: <\/b><a rel=\"nofollow noopener\" target=\"_blank\" class=\"interlinking-contenido-del-cuerpo\" href=\"https:\/\/larepublica.pe\/sociedad\/2021\/11\/03\/cusco-feriado-no-incremento-numero-de-visitantes-a-machu-picchu-lrsd\/\">Cusco: feriado no increment\u00f3 n\u00famero de visitantes a Machu Picchu<\/a><\/p><\/blockquote>\n<p class=\"\">Para finalizar, la revista Forbes recuerda que m\u00e1s de dos tercios de los estadounidenses toman vacaciones anualmente y, despu\u00e9s de 18 meses de severo impacto de la pandemia por el COVID-19, la demanda reprimida ha llevado a reservas r\u00e9cord para muchos operadores tur\u00edsticos y compa\u00f1\u00edas de viajes para el 2022, cuando muchos consumidores esperan la normalidad, o al menos la seguridad, mientras viajan.<\/p>\n<p class=\"\">\u201cMuchos agentes y asesores de viajes expertos hablan de un cambio perceptible en las actitudes de sus clientes, que est\u00e1n volviendo a priorizar sus listas de viajes, pasando de visitar un destino anhelado \u2018alg\u00fan d\u00eda\u2019 a \u2018lo antes posible\u2019. Si todo va bien (\u00a1crucemos los dedos!), 2022 ser\u00e1 un gran a\u00f1o para los viajes de ensue\u00f1o\u201d, enfatiza Forbes.<\/p>\n<aside class=\"ads_inlineTwo-container ad-container\"\/><\/section>\n<\/div>\n\n<p><em> &#8221; Fuentes larepublica.pe &#8221; <\/em><\/p>\n","protected":false},"excerpt":{"rendered":"<p>La majestuosidad de Machu Picchu sigue cautivando el inter\u00e9s de los viajeros y especialistas de todo el mundo. Por ello, el atractivo ha sido incluido en la lista de 10 destinos mundiales para un viaje formidable de vacaciones publish pandemia en 2022, as\u00ed lo dio a conocer la prestigiosa revista internacional de negocios y finanzas [&hellip;]<\/p>\n","protected":false},"author":4,"featured_media":220425,"comment_status":"open","ping_status":"closed","sticky":false,"template":"","format":"standard","meta":{"om_disable_all_campaigns":false,"jnews-multi-image_gallery":[],"jnews_single_post":[],"jnews_primary_category":[],"jnews_social_meta":[],"footnotes":""},"categories":[39],"tags":[6825,35094,35095],"class_list":["post-220424","post","type-post","status-publish","format-standard","has-post-thumbnail","hentry","category-viajes","tag-machu-picchu","tag-machu-picchu-noticias","tag-machu-picchu-revista-forbes"],"_links":{"self":[{"href":"https:\/\/dimensionturistica.com\/es\/wp-json\/wp\/v2\/posts\/220424","targetHints":{"allow":["GET"]}}],"collection":[{"href":"https:\/\/dimensionturistica.com\/es\/wp-json\/wp\/v2\/posts"}],"about":[{"href":"https:\/\/dimensionturistica.com\/es\/wp-json\/wp\/v2\/types\/post"}],"author":[{"embeddable":true,"href":"https:\/\/dimensionturistica.com\/es\/wp-json\/wp\/v2\/users\/4"}],"replies":[{"embeddable":true,"href":"https:\/\/dimensionturistica.com\/es\/wp-json\/wp\/v2\/comments?post=220424"}],"version-history":[{"count":0,"href":"https:\/\/dimensionturistica.com\/es\/wp-json\/wp\/v2\/posts\/220424\/revisions"}],"wp:featuredmedia":[{"embeddable":true,"href":"https:\/\/dimensionturistica.com\/es\/wp-json\/wp\/v2\/media\/220425"}],"wp:attachment":[{"href":"https:\/\/dimensionturistica.com\/es\/wp-json\/wp\/v2\/media?parent=220424"}],"wp:term":[{"taxonomy":"category","embeddable":true,"href":"https:\/\/dimensionturistica.com\/es\/wp-json\/wp\/v2\/categories?post=220424"},{"taxonomy":"post_tag","embeddable":true,"href":"https:\/\/dimensionturistica.com\/es\/wp-json\/wp\/v2\/tags?post=220424"}],"curies":[{"name":"wp","href":"https:\/\/api.w.org\/{rel}","templated":true}]}}