{"id":220282,"date":"2021-11-04T19:20:39","date_gmt":"2021-11-04T19:20:39","guid":{"rendered":"https:\/\/dimensionturistica.com\/es\/?p=220282"},"modified":"2021-11-04T19:20:39","modified_gmt":"2021-11-04T19:20:39","slug":"como-logro-tyson-foods-el-96-de-vacunacion-de-su-personal-contra-el-covid-19-noticias-univision-salud","status":"publish","type":"post","link":"https:\/\/dimensionturistica.com\/es\/como-logro-tyson-foods-el-96-de-vacunacion-de-su-personal-contra-el-covid-19-noticias-univision-salud\/","title":{"rendered":"C\u00f3mo logr\u00f3 Tyson Foods el 96% de vacunaci\u00f3n de su personal contra el covid-19 | Noticias Univision Salud"},"content":{"rendered":"<p> <br \/>\n<\/p>\n<div id=\"article-chunks\">\n<div class=\"_2oxpe\">\n<div>\n<p>A principios de agosto, la empacadora de carne Tyson Meals inform\u00f3 a sus m\u00e1s de 120,000 empleados que deber\u00edan ser vacunados contra el <a target=\"_blank\" href=\"https:\/\/www.univision.com\/temas\/coronavirus\" rel=\"noopener\">covid-19<\/a>.<\/p>\n<\/div>\n<\/div>\n<div class=\"_2oxpe\">\n<div>\n<p>Tres meses despu\u00e9s de aquel anuncio, la empresa inform\u00f3 que inocul\u00f3 a aproximadamente a <b>60,500 trabajadores con lo que, sumados a los que ya se hab\u00edan vacunado por su cuenta, lograron una vacunaci\u00f3n del 96%<\/b> de su fuerza laboral.<\/p>\n<\/div>\n<\/div>\n<div class=\"_2oxpe\">\n<div>\n<p>\u00bfC\u00f3mo es posible que una compa\u00f1\u00eda, con sus principales sedes ubicadas en dos de las zonas que m\u00e1s se han <a target=\"_blank\" href=\"https:\/\/www.univision.com\/noticias\/salud\/argumentos-excepciones-religiosas-vacunas-covid\" rel=\"noopener\">resistido a vacunarse en el pa\u00eds<\/a> \u2014el sur y medio oeste\u2014, haya logrado esos niveles de vacunaci\u00f3n?<\/p>\n<\/div>\n<\/div>\n<div class=\"_2oxpe\">\n<p><h3 class=\"cms-H3-H3\">Private de Tyson, de los m\u00e1s afectados por el virus<\/h3>\n<\/p>\n<\/div>\n<div class=\"_2oxpe\">\n<div>\n<p>Al inicio de la <a target=\"_blank\" href=\"https:\/\/www.univision.com\/temas\/coronavirus\" rel=\"noopener\">pandemia<\/a>, Tyson fue duramente criticada por <b>no proteger adecuadamente a los trabajadores<\/b> de sus plantas, quienes muchas veces laboran hombro a hombro deshuesando y empacando la carne.<\/p>\n<\/div>\n<\/div>\n<div class=\"_2oxpe\">\n<div>\n<p>La empresa fue una de las que presion\u00f3 en 2020 a la pasada administraci\u00f3n del presidente <a target=\"_blank\" href=\"https:\/\/www.univision.com\/temas\/donald-trump\" rel=\"noopener\">Donald Trump<\/a> para que emitiera una orden ejecutiva que permitiera <b>mantener las plantas abiertas<\/b> a pesar del aumento de las infecciones por <a target=\"_blank\" href=\"https:\/\/www.univision.com\/temas\/coronavirus\" rel=\"noopener\">covid-19<\/a>.<\/p>\n<\/div>\n<\/div>\n<div class=\"_2oxpe\">\n<div>\n<p>Un mes despu\u00e9s, en junio de 2020, <a target=\"_blank\" href=\"https:\/\/www.univision.com\/noticias\/salud\/tyson-reporta-815-nuevos-casos-de-covid-19-en-sus-plantas-de-carne-en-iowa\" rel=\"noopener\">Tyson Foods report\u00f3 que 815 empleados<\/a> de dos plantas ubicadas en el oeste del estado de Iowa hab\u00edan dado positivo a covid-19. En una de ellas, la ubicada en Storm Lake, <b>alrededor del 75% de los 591 empleados que dieron positivo<\/b> no ten\u00edan s\u00edntomas.<\/p>\n<\/div>\n<\/div>\n<div class=\"_2oxpe\">\n<div>\n<p>La demanda alegaba que la compa\u00f1\u00eda <b>enga\u00f1\u00f3 deliberadamente a los empleados sobre el brote<\/b> para inducirlos a seguir trabajando a pesar del riesgo, y de ese modo poner &#8220;ganancias sobre la salud, seguridad y bienestar&#8221; de los trabajadores en su planta de procesamiento de carne de cerdo en Waterloo, en ese estado.<\/p>\n<\/div>\n<\/div>\n<div class=\"_2oxpe\">\n<div>\n<p>M\u00e1s tarde se supo que funcionarios locales, incluido el alguacil del condado, hab\u00edan tenido conocimiento de que la compa\u00f1\u00eda inicialmente hab\u00eda rechazado las solicitudes para cerrar la planta desde la primavera de 2020.<\/p>\n<\/div>\n<\/div>\n<div class=\"_2oxpe\">\n<div>\n<p>Una buena parte de los trabajadores en las empacadoras de carne de Estados Unidos son inmigrantes. <b>El 35% de los trabajadores son latinos<\/b>, <a target=\"_blank\" href=\"https:\/\/www.bls.gov\/cps\/cpsaat18.htm\" rel=\"noopener\">seg\u00fan la Oficina de Estad\u00edsticas Laborales<\/a>. <b>Cerca de 30% son refugiados<\/b>, principalmente de Asia y \u00c1frica, de acuerdo con los datos.<\/p>\n<\/div>\n<\/div>\n<div class=\"_2oxpe\">\n<p><h3 class=\"cms-H3-H3\">Tyson se convenci\u00f3 de eficacia de las vacunas<\/h3>\n<\/p>\n<\/div>\n<div class=\"_2oxpe\">\n<div>\n<p>La empresa ha dicho que ha gastado <b>m\u00e1s de $ 810 millones en medidas de seguridad<\/b> contra el covid-19. Adem\u00e1s, sostuvo que ha gastado en pruebas de <a target=\"_blank\" href=\"https:\/\/www.univision.com\/temas\/coronavirus\" rel=\"noopener\">coronavirus<\/a> en todas sus sedes y que, adicionalmente, abri\u00f3 por vez primera una direcci\u00f3n m\u00e9dica.<\/p>\n<\/div>\n<\/div>\n<div class=\"_2oxpe\">\n<div>\n<p>Al volver de unas vacaciones en mayo, King dijo se dio a la tarea de analizar las posibilidades para frenar las infecciones en las plantas de la compa\u00f1\u00eda. Fue entonces cuando convoc\u00f3 a expertos externos, incluidos los Centros para el Management de Enfermedades (CDC en ingl\u00e9s).<\/p>\n<\/div>\n<\/div>\n<div class=\"_2oxpe\">\n<div>\n<p>El ejecutivo habl\u00f3 tambi\u00e9n con los trabajadores para saber por qu\u00e9 si las vacunas hab\u00edan estado disponibles desde hace seis meses, <b>casi la mitad de ellos que no hab\u00edan sido vacunados<\/b> y, peor a\u00fan, fueran resistentes a ella.<\/p>\n<\/div>\n<\/div>\n<div class=\"_2oxpe\">\n<div>\n<p>Despu\u00e9s del an\u00e1lisis, la compa\u00f1\u00eda tom\u00f3 la decisi\u00f3n de que <b>ser\u00eda el 1 de noviembre pasado<\/b> cuando todos sus empleados que quisieran quedarse a trabajar en la compa\u00f1\u00eda <b>deber\u00edan estar vacunados<\/b>.<\/p>\n<\/div>\n<\/div>\n<div class=\"_2oxpe\">\n<div>\n<p>El propio King envi\u00f3 un comunicado a los empleados a mediados de octubre para informarles de la decisi\u00f3n corporativa en el que se le\u00eda a modo de ultim\u00e1tum: &#8220;Me gustar\u00eda decirles a aquellos que permanecen sin vacunar: esta es su elecci\u00f3n, y la respetamos. <b>Si cambia de opini\u00f3n y desea reunirse con Tyson, av\u00edsenos. Nuestras puertas est\u00e1n abiertas<\/b>&#8220;.<\/p>\n<\/div>\n<\/div>\n<div class=\"_2oxpe\">\n<div>\n<p>Al entrar en vigor la medida, la empresa fue cuestionada por varios medios, entre ellos <a target=\"_blank\" href=\"https:\/\/www.4029tv.com\/article\/tyson-foods-vaccine-mandate-goes-into-effect-november-1\/38119797\" rel=\"noopener\">la <i>KHBS<\/i><\/a>, a quienes les fue enviado un comunicado: &#8220;La salud y la seguridad de los miembros de nuestro equipo es nuestra principal prioridad, por lo que tomamos la decisi\u00f3n de exigir las vacunas covid-19&#8221;.<\/p>\n<\/div>\n<\/div>\n<div class=\"_2oxpe\">\n<div>\n<p>\u201cNo queremos que ninguno de los miembros de nuestro equipo deje Tyson Meals y hemos trabajado duro para escucharlos y abordar sus preguntas e inquietudes sobre las vacunas. Tambi\u00e9n hemos brindado adaptaciones religiosas y m\u00e9dicas basadas en una cuidadosa consideraci\u00f3n de las individualidades. Nuestro compromiso con la salud y la seguridad&#8221;, aseguraron.<\/p>\n<\/div>\n<\/div>\n<div class=\"_2oxpe\">\n<div>\n<p>Algunos trabajadores, entrevistados por medios como <i><a target=\"_blank\" href=\"https:\/\/www.nytimes.com\/2021\/11\/04\/enterprise\/tyson-vaccine-mandate.html\" rel=\"noopener\">The New York Times<\/a><\/i>, dijeron que la decisi\u00f3n tomada por la empresa de que fueran vacunados los liber\u00f3 de la responsabilidad personal de tomar la decisi\u00f3n.<\/p>\n<\/div>\n<\/div>\n<div class=\"_3Z6x4 _1VnBC\">\n<div class=\"_1Bqzp\">\n<h2\/>\n<div class=\"_1wC8p\">\n<div class=\"_3F4l9\">\n<div class=\"_2MFxX\"><img decoding=\"async\" alt=\"Loading\" src=\"https:\/\/www.univision.com\/_next\/static\/images\/loader.049052d69532981b9be0f9f945c41551.svg\" class=\"_3W1HL\"\/><\/div>\n<\/div>\n<\/div>\n<\/div>\n<\/div>\n<\/div>\n\n<p><em> \u2018 The preceding article may include information circulated by third parties \u2019 <\/em><\/p>\n<p><em> \u2018 Some details of this article were extracted from the following source www.univision.com \u2019 <\/em><\/p>\n","protected":false},"excerpt":{"rendered":"<p>A principios de agosto, la empacadora de carne Tyson Meals inform\u00f3 a sus m\u00e1s de 120,000 empleados que deber\u00edan ser vacunados contra el covid-19. Tres meses despu\u00e9s de aquel anuncio, la empresa inform\u00f3 que inocul\u00f3 a aproximadamente a 60,500 trabajadores con lo que, sumados a los que ya se hab\u00edan vacunado por su cuenta, lograron [&hellip;]<\/p>\n","protected":false},"author":2,"featured_media":0,"comment_status":"open","ping_status":"closed","sticky":false,"template":"","format":"standard","meta":{"om_disable_all_campaigns":false,"jnews-multi-image_gallery":[],"jnews_single_post":[],"jnews_primary_category":[],"jnews_social_meta":[],"footnotes":""},"categories":[43],"tags":[],"class_list":["post-220282","post","type-post","status-publish","format-standard","hentry","category-gourmet"],"_links":{"self":[{"href":"https:\/\/dimensionturistica.com\/es\/wp-json\/wp\/v2\/posts\/220282","targetHints":{"allow":["GET"]}}],"collection":[{"href":"https:\/\/dimensionturistica.com\/es\/wp-json\/wp\/v2\/posts"}],"about":[{"href":"https:\/\/dimensionturistica.com\/es\/wp-json\/wp\/v2\/types\/post"}],"author":[{"embeddable":true,"href":"https:\/\/dimensionturistica.com\/es\/wp-json\/wp\/v2\/users\/2"}],"replies":[{"embeddable":true,"href":"https:\/\/dimensionturistica.com\/es\/wp-json\/wp\/v2\/comments?post=220282"}],"version-history":[{"count":0,"href":"https:\/\/dimensionturistica.com\/es\/wp-json\/wp\/v2\/posts\/220282\/revisions"}],"wp:attachment":[{"href":"https:\/\/dimensionturistica.com\/es\/wp-json\/wp\/v2\/media?parent=220282"}],"wp:term":[{"taxonomy":"category","embeddable":true,"href":"https:\/\/dimensionturistica.com\/es\/wp-json\/wp\/v2\/categories?post=220282"},{"taxonomy":"post_tag","embeddable":true,"href":"https:\/\/dimensionturistica.com\/es\/wp-json\/wp\/v2\/tags?post=220282"}],"curies":[{"name":"wp","href":"https:\/\/api.w.org\/{rel}","templated":true}]}}