{"id":219590,"date":"2021-11-03T17:53:21","date_gmt":"2021-11-03T17:53:21","guid":{"rendered":"https:\/\/dimensionturistica.com\/es\/?p=219590"},"modified":"2021-11-03T17:53:22","modified_gmt":"2021-11-03T17:53:22","slug":"chanel-presento-su-coleccion-crucero-2022-en-dubai-con-hermoso-desfile","status":"publish","type":"post","link":"https:\/\/dimensionturistica.com\/es\/chanel-presento-su-coleccion-crucero-2022-en-dubai-con-hermoso-desfile\/","title":{"rendered":"Chanel present\u00f3 su colecci\u00f3n Crucero 2022 en Dub\u00e1i con hermoso desfile"},"content":{"rendered":"<p> <br \/>\n<\/p>\n<div>\n<p>Chanel, una <em>maison<\/em> con c\u00f3digos y s\u00edmbolos espec\u00edficos, de hecho refleja aspectos de Dub\u00e1i, espec\u00edficamente, su energ\u00eda, se\u00f1ala Pavlovsky. \u201cCuando vas a Dub\u00e1i, sientes que la gente disfruta de estar all\u00ed. No solo ves gente de all\u00ed sino tambi\u00e9n turistas. Es una especie de plataforma para tantos intercambios en t\u00e9rminos de cultura y nos gusta esta apertura&#8221;. \u00c9l comparte que Dub\u00e1i y la regi\u00f3n en general muestran un profundo respeto por la autenticidad de la casa de moda. \u201cNuestro producto siempre se trata de creaci\u00f3n, conocimientos t\u00e9cnicos, materiales \u00fanicos, y creo que vemos que hay respeto en Dub\u00e1i por este enfoque. Hay un v\u00ednculo fuerte debido a eso, y esta conexi\u00f3n es muy aut\u00e9ntica. Si no estamos contentos de ir a Dub\u00e1i, nos hubi\u00e9ramos ido a otro lugar, \u00a1pero estamos muy contentos de ir a Dub\u00e1i!&#8221;<\/p>\n<p>De los 1000 invitados que se esperan para el desfile, la celebridad estrella que estar\u00e1 presente ser\u00e1 Pen\u00e9lope Cruz. La actriz aparece en la portada de la edici\u00f3n de este mes de Vogue Arabia, entrevistada por el editor en jefe Manuel Arnaut en Madrid y fotografiada por Luigi &amp; Iango. Cruz es embajadora de la casa y partidaria ac\u00e9rrima de su directora creativa Virginie Viard, por quien Pavlosky tambi\u00e9n canta sus elogios. \u201cNo se puede hacer lo que estamos haciendo, siendo tan activo en tantas \u00e1reas sin tener gente incre\u00edble y la primera es Virigine Viard\u201d, cube, enfatizando, \u201cPero ella no est\u00e1 sola. Aunque ella es la visible, hay muchos contribuyendo&#8221;.<\/p>\n<figure class=\"AssetEmbed-cMvzne hQmqZE asset-embed\">\n<div class=\"asset-embed__asset-container\"><span class=\"BaseWrap-sc-TURhJ SpanWrapper-kGGzGm eTiIvU fCMktE responsive-asset AssetEmbedResponsiveAsset-eqsnW ehcXJi asset-embed__responsive-asset\"><picture class=\"ResponsiveImagePicture-jIKgcS fArnhQ AssetEmbedResponsiveAsset-eqsnW ehcXJi asset-embed__responsive-asset responsive-image\"><noscript><img decoding=\"async\" alt=\"Penlope Cruz con vestido blanco de Chanel en Dubi\" class=\"ResponsiveImageContainer-dlOMGF byslZC responsive-image__image\" src=\"https:\/\/dimensionturistica.com\/es\/wp-content\/uploads\/2021\/11\/Chanel-presento-su-coleccion-Crucero-2022-en-Dubai-con-hermoso.jpg\"  \/><\/noscript><\/picture><\/span><\/div><figcaption class=\"BaseWrap-sc-TURhJ CaptionWrapper-brisHk cvqUss jGquVv caption AssetEmbedCaption-eXYFag fzGwCn asset-embed__caption\"><span class=\"BaseWrap-sc-TURhJ BaseText-fFzBQt CaptionText-cOFJqa eTiIvU crkPwm hTa-dbB caption__text\">Pen\u00e9lope Cruz.<\/span><span class=\"BaseWrap-sc-TURhJ BaseText-fFzBQt CaptionCredit-cTdqxu eTiIvU jMhgdD iHbDSe caption__credit\">Foto: Cortes\u00eda de Chanel.<\/span><\/figcaption><\/figure>\n<p>Mientras la colecci\u00f3n de crucero de Viard, inspirada en la Provenza con toques de lavanda en contraste con <strong>los tonos blancos y negros caracter\u00edsticos de la<\/strong> <em><strong>maison<\/strong><\/em>, se prepara para exhibirse, uno se pregunta <strong>qu\u00e9 pensar\u00eda<\/strong> <a rel=\"nofollow noopener\" target=\"_blank\" href=\"https:\/\/www.vogue.mx\/estilo-de-vida\/articulo\/coco-chanel-biografia-quien-es-frases\"><em><strong>mademoiselle<\/strong><\/em> <strong>Chanel<\/strong><\/a> <strong>de Dub\u00e1i hoy<\/strong>, varios a\u00f1os despu\u00e9s de que Karl Lagerfeld presentara la colecci\u00f3n Chanel Paris-Dub\u00e1i. \u201cHabr\u00eda tenido muchos amigos\u201d, reflexiona Pavlovsky. \u201cHabr\u00eda aprendido mucho sobre la cultura. Dub\u00e1i es una ciudad tan espec\u00edfica, famosa por su riqueza y energ\u00eda; habr\u00eda encontrado algo fabuloso que crear&#8221;. Y aunque el fantasma de <em>Mademoiselle<\/em> puede estar siempre presente, <strong>son las<\/strong> <em><strong>petites mains<\/strong><\/em> <strong>de Viard las que crean los accesorios y la ropa excepcional que se confecciona en la emblem\u00e1tica firma francesa<\/strong>. Ese talento es un enfoque que Pavlovsky pretende subrayar en los pr\u00f3ximos a\u00f1os: \u201cDe d\u00f3nde viene un producto: las materias primas para los artesanos, los couturi\u00e8res y todas las personas que trabajan y colaboran para hacer que un producto de Chanel sea \u00fanico\u201d, cube. \u201c<strong>Chanel se trata de autenticidad<\/strong>, y queremos estar por encima de todos, de todas las marcas, para traer y dar a nuestros clientes esta autenticidad del producto\u201d, exclama Pavlovsky. \u201cEra inimaginable para muchos de nosotros, hace dos a\u00f1os, lo que pasar\u00edamos con la pandemia. Pero recuerda, la marca produjo una colecci\u00f3n durante Covid cuando las f\u00e1bricas estaban cerradas. Conf\u00eda en tu gente y se optimista sobre el ma\u00f1ana\u201d, sonr\u00ede. &#8220;Hay drama en este momento, pero tambi\u00e9n tanta energ\u00eda y capacidad para reaccionar y encontrar soluciones, no veo qu\u00e9 puede detenernos ahora&#8221;.<\/p>\n<figure class=\"AssetEmbed-cMvzne hQmqZE asset-embed\">\n<div class=\"asset-embed__asset-container\"><span class=\"BaseWrap-sc-TURhJ SpanWrapper-kGGzGm eTiIvU fCMktE responsive-asset AssetEmbedResponsiveAsset-eqsnW ehcXJi asset-embed__responsive-asset\"><picture class=\"ResponsiveImagePicture-jIKgcS fArnhQ AssetEmbedResponsiveAsset-eqsnW ehcXJi asset-embed__responsive-asset responsive-image\"><noscript><img decoding=\"async\" alt=\"desfile de chanel crucero 2021 2022 en dubi\" class=\"ResponsiveImageContainer-dlOMGF byslZC responsive-image__image\" src=\"https:\/\/dimensionturistica.com\/es\/wp-content\/uploads\/2021\/11\/1635961996_376_Chanel-presento-su-coleccion-Crucero-2022-en-Dubai-con-hermoso.jpg\"  \/><\/noscript><\/picture><\/span><\/div><figcaption class=\"BaseWrap-sc-TURhJ CaptionWrapper-brisHk cvqUss jGquVv caption AssetEmbedCaption-eXYFag fzGwCn asset-embed__caption\"><span class=\"BaseWrap-sc-TURhJ BaseText-fFzBQt CaptionText-cOFJqa eTiIvU crkPwm hTa-dbB caption__text\">Chanel Crucero 2021-2022.<\/span><span class=\"BaseWrap-sc-TURhJ BaseText-fFzBQt CaptionCredit-cTdqxu eTiIvU jMhgdD iHbDSe caption__credit\">Foto: Cortes\u00eda de Chanel.<\/span><\/figcaption><\/figure>\n<p><em>Art\u00edculo originalmente publicado en Vogue Arabia.<\/em><\/p>\n<figure class=\"CneVideoEmbedFigure-bJIZil ihmZgh cne-video-embed\"\/><\/div>\n\n<p><em> &#8221; Fuentes www.vogue.mx &#8221; <\/em><\/p>\n","protected":false},"excerpt":{"rendered":"<p>Chanel, una maison con c\u00f3digos y s\u00edmbolos espec\u00edficos, de hecho refleja aspectos de Dub\u00e1i, espec\u00edficamente, su energ\u00eda, se\u00f1ala Pavlovsky. \u201cCuando vas a Dub\u00e1i, sientes que la gente disfruta de estar all\u00ed. No solo ves gente de all\u00ed sino tambi\u00e9n turistas. Es una especie de plataforma para tantos intercambios en t\u00e9rminos de cultura y nos gusta [&hellip;]<\/p>\n","protected":false},"author":4,"featured_media":219591,"comment_status":"open","ping_status":"closed","sticky":false,"template":"","format":"standard","meta":{"om_disable_all_campaigns":false,"jnews-multi-image_gallery":[],"jnews_single_post":[],"jnews_primary_category":[],"jnews_social_meta":[],"footnotes":""},"categories":[41],"tags":[4664],"class_list":["post-219590","post","type-post","status-publish","format-standard","has-post-thumbnail","hentry","category-cruceros","tag-chanel"],"_links":{"self":[{"href":"https:\/\/dimensionturistica.com\/es\/wp-json\/wp\/v2\/posts\/219590","targetHints":{"allow":["GET"]}}],"collection":[{"href":"https:\/\/dimensionturistica.com\/es\/wp-json\/wp\/v2\/posts"}],"about":[{"href":"https:\/\/dimensionturistica.com\/es\/wp-json\/wp\/v2\/types\/post"}],"author":[{"embeddable":true,"href":"https:\/\/dimensionturistica.com\/es\/wp-json\/wp\/v2\/users\/4"}],"replies":[{"embeddable":true,"href":"https:\/\/dimensionturistica.com\/es\/wp-json\/wp\/v2\/comments?post=219590"}],"version-history":[{"count":0,"href":"https:\/\/dimensionturistica.com\/es\/wp-json\/wp\/v2\/posts\/219590\/revisions"}],"wp:featuredmedia":[{"embeddable":true,"href":"https:\/\/dimensionturistica.com\/es\/wp-json\/wp\/v2\/media\/219591"}],"wp:attachment":[{"href":"https:\/\/dimensionturistica.com\/es\/wp-json\/wp\/v2\/media?parent=219590"}],"wp:term":[{"taxonomy":"category","embeddable":true,"href":"https:\/\/dimensionturistica.com\/es\/wp-json\/wp\/v2\/categories?post=219590"},{"taxonomy":"post_tag","embeddable":true,"href":"https:\/\/dimensionturistica.com\/es\/wp-json\/wp\/v2\/tags?post=219590"}],"curies":[{"name":"wp","href":"https:\/\/api.w.org\/{rel}","templated":true}]}}