{"id":218832,"date":"2021-11-02T18:00:19","date_gmt":"2021-11-02T18:00:19","guid":{"rendered":"https:\/\/dimensionturistica.com\/es\/?p=218832"},"modified":"2021-11-02T18:00:19","modified_gmt":"2021-11-02T18:00:19","slug":"indie-campers-se-expande-a-estados-unidos-con-la-reapertura-a-los-viajeros-europeos","status":"publish","type":"post","link":"https:\/\/dimensionturistica.com\/es\/indie-campers-se-expande-a-estados-unidos-con-la-reapertura-a-los-viajeros-europeos\/","title":{"rendered":"Indie Campers se expande a Estados Unidos con la reapertura a los viajeros europeos"},"content":{"rendered":"<p> <br \/>\n<\/p>\n<div>\n<p>Tras a\u00f1o y medio de fuertes restricciones y fronteras cerradas con Europa, Estados Unidos vuelve a acoger a los viajeros espa\u00f1oles. Esta es la oportunidad elegida por Indie Campers, la empresa de alquiler de autocaravanas l\u00edder en Europa, para ampliar su presencia en el mercado estadounidense con un plan de expansi\u00f3n masiva durante los pr\u00f3ximos tres a\u00f1os, tras la r\u00e1pida expansi\u00f3n en Espa\u00f1a y Europa desde la pandemia, la empresa est\u00e1 ahora presente en Estados Unidos. Indie Campers es una de las pocas empresas que ha dado con \u00e9xito el salto al otro lado del Atl\u00e1ntico, del Este al Oeste.<\/p>\n<p>&#8220;Los viajes en autocaravana est\u00e1n en auge como una forma segura y flexible de viajar e Indie Campers ha visto un aumento del 60% en las reservas de verano desde 2019 solo en Espa\u00f1a. En t\u00e9rminos de viajes en general, el n\u00famero total de reservas se ha duplicado en el mismo per\u00edodo. Para ampliar a\u00fan m\u00e1s nuestra oferta, un paso natural es cruzar el Atl\u00e1ntico&#8221; &#8211; comenta Hugo Oliveira, CEO de Indie Campers.<\/p>\n<p>Para la empresa l\u00edder en viajes por carretera en Europa, Estados Unidos period la opci\u00f3n l\u00f3gica para ofrecer una experiencia de viaje por carretera completa y diversificada. Estudios demuestran que el 36% de los viajeros espa\u00f1oles tienen Estados Unidos como destino para viajar hasta finales de mes y para el pr\u00f3ximo a\u00f1o.<\/p>\n<p>Tras la reciente apertura de su negocio de alquiler de autocaravanas en Los \u00c1ngeles, Indie Campers tiene previsto a\u00f1adir m\u00e1s de 1.000 unidades a su flota en los pr\u00f3ximos a\u00f1os a medida que evolucionen las tendencias del mercado y los retos de la cadena de suministro international. La empresa de autocaravanas espera convertirse en el mayor operador mundial de viajes por carretera de su sector. Para ver los mejores destinos que visitar en California, tienes aqu\u00ed toda la informaci\u00f3n.<\/p>\n<p>&#8220;Estados Unidos es el hogar de algunos de los viajes por carretera m\u00e1s inspiradores, como la Ruta 66. Como plataforma que pretende ofrecer a los aventureros los viajes que m\u00e1s buscan y desean realizar, es natural que estemos presentes en EE.UU.&#8221;, afirma el CEO de Indie Campers.<\/p>\n<p>&#8220;Nuestro objetivo es ofrecer el mismo nivel de servicio, excelente valor y diferenciaci\u00f3n del producto que han sido una f\u00f3rmula ganadora en nuestras 41 localizaciones europeas&#8221;, cube Oliveira.<\/p>\n<p>El modelo Rocky de Indie Campers ya se puede alquilar en Los \u00c1ngeles, con precios a partir de 34 euros por noche en noviembre y diciembre. Sin embargo, la empresa de autocaravanas tiene previsto a\u00f1adir nuevos modelos a lo largo de los a\u00f1os.<\/p>\n<\/p><\/div>\n\n<p><em> &#8221; Fuentes www.hosteltur.com &#8221; <\/em><\/p>\n","protected":false},"excerpt":{"rendered":"<p>Tras a\u00f1o y medio de fuertes restricciones y fronteras cerradas con Europa, Estados Unidos vuelve a acoger a los viajeros espa\u00f1oles. Esta es la oportunidad elegida por Indie Campers, la empresa de alquiler de autocaravanas l\u00edder en Europa, para ampliar su presencia en el mercado estadounidense con un plan de expansi\u00f3n masiva durante los pr\u00f3ximos [&hellip;]<\/p>\n","protected":false},"author":4,"featured_media":77859,"comment_status":"open","ping_status":"closed","sticky":false,"template":"","format":"standard","meta":{"om_disable_all_campaigns":false,"jnews-multi-image_gallery":[],"jnews_single_post":[],"jnews_primary_category":[],"jnews_social_meta":[],"footnotes":""},"categories":[39],"tags":[1555],"class_list":["post-218832","post","type-post","status-publish","format-standard","has-post-thumbnail","hentry","category-viajes","tag-transportes"],"_links":{"self":[{"href":"https:\/\/dimensionturistica.com\/es\/wp-json\/wp\/v2\/posts\/218832","targetHints":{"allow":["GET"]}}],"collection":[{"href":"https:\/\/dimensionturistica.com\/es\/wp-json\/wp\/v2\/posts"}],"about":[{"href":"https:\/\/dimensionturistica.com\/es\/wp-json\/wp\/v2\/types\/post"}],"author":[{"embeddable":true,"href":"https:\/\/dimensionturistica.com\/es\/wp-json\/wp\/v2\/users\/4"}],"replies":[{"embeddable":true,"href":"https:\/\/dimensionturistica.com\/es\/wp-json\/wp\/v2\/comments?post=218832"}],"version-history":[{"count":0,"href":"https:\/\/dimensionturistica.com\/es\/wp-json\/wp\/v2\/posts\/218832\/revisions"}],"wp:featuredmedia":[{"embeddable":true,"href":"https:\/\/dimensionturistica.com\/es\/wp-json\/wp\/v2\/media\/77859"}],"wp:attachment":[{"href":"https:\/\/dimensionturistica.com\/es\/wp-json\/wp\/v2\/media?parent=218832"}],"wp:term":[{"taxonomy":"category","embeddable":true,"href":"https:\/\/dimensionturistica.com\/es\/wp-json\/wp\/v2\/categories?post=218832"},{"taxonomy":"post_tag","embeddable":true,"href":"https:\/\/dimensionturistica.com\/es\/wp-json\/wp\/v2\/tags?post=218832"}],"curies":[{"name":"wp","href":"https:\/\/api.w.org\/{rel}","templated":true}]}}