{"id":218768,"date":"2021-11-02T16:09:46","date_gmt":"2021-11-02T16:09:46","guid":{"rendered":"https:\/\/dimensionturistica.com\/es\/?p=218768"},"modified":"2021-11-02T16:09:47","modified_gmt":"2021-11-02T16:09:47","slug":"el-concierge-de-andorra-park-hotel-adel-nsir-recibe-las-llaves-de-oro","status":"publish","type":"post","link":"https:\/\/dimensionturistica.com\/es\/el-concierge-de-andorra-park-hotel-adel-nsir-recibe-las-llaves-de-oro\/","title":{"rendered":"EL CONCIERGE DE ANDORRA PARK HOTEL, ADEL NSIR, RECIBE LAS \u2018LLAVES DE ORO\u2019"},"content":{"rendered":"<p> <br \/>\n<\/p>\n<div>\n<p>Andorra la Vella, 2 de noviembre de 2021.- El pasado jueves 28 de octubre tuvo lugar en Andorra Park Resort la ceremonia de imposici\u00f3n de las prestigiosas \u201cLlaves de Oro\u201d a Adel Nsir, Concierge de este emblem\u00e1tico establecimiento del Principado. El distintivo internacional fue entregado por Ram\u00f3n Lefort Carmena, Presidente de Llaves de Oro y Concierge del Resort Barcel\u00f3 Emperatiz Madrid en un acto en el que tambi\u00e9n estuvieron presentes Borja Mart\u00edn Guridi, Vicepresidente Primero de Llaves de Oro y Concierge del Resort Mandarin Oriental Ritz Madrid y Mauro Torres, Delegado de Catalu\u00f1a de Llaves de Oro y Concierge del Grand Resort Central Barcelona. Intervinieron en el acto Neus Viu Reb\u00e9s, Directora Normal de Andorra Park Resort y Marc Garcia, Director del Resort.<\/p>\n<p>Seg\u00fan expres\u00f3 Marc Garcia: \u201cSin duda se trata de un gran d\u00eda para el sector tur\u00edstico de Andorra y la hosteler\u00eda del pa\u00eds. Un verdadero honor y un privilegio que nuestro hotel haya obtenido el primer Concierge Llaves de Oro en Andorra. Este acontecimiento supone que Andorra Park Hotel se une a los mejores hoteles del mundo y que nuestro querido Adel Nsir entra a formar parte de la lista de los conserjes m\u00e1s profesionales y dedicados a nivel internacional\u201d.<\/p>\n<p>Por su parte, Neus Viu Reb\u00e9s expres\u00f3: \u201cEl d\u00eda de hoy es para nosotros una fecha llena de significado, un d\u00eda importante para nosotros y para el pa\u00eds. Hoy, las Llaves de Oro hacen su entrada en Andorra y lo hacen de la mano del Andorra Park Hotel. Hoy, 59 a\u00f1os m\u00e1s tarde de su creaci\u00f3n en Espa\u00f1a, esta prestigiosa asociaci\u00f3n internacional aterriza en Andorra y estamos orgullosos de que lo haga en la que es nuestra casa y un s\u00edmbolo de la hosteler\u00eda del pa\u00eds, el Andorra Park Hotel. Hoy se confirma la apuesta por continuar con el legado de mi abuelo, Bartomeu Reb\u00e9s Duran, que concibi\u00f3 este hotel en 1957 con el objetivo de ser un referente de la hosteler\u00eda del pa\u00eds, siempre apostando por la calidad y el servicio. Hoy, su objetivo est\u00e1 m\u00e1s vivo que nunca, y esto me llena de satisfacci\u00f3n\u201d.<\/p>\n<p>Los conserjes Clefs d\u2019Or, distinguidos por las llaves de oro en su solapa, garantizan el bienestar y la calidad de la estancia de los clientes de sus respectivos hoteles, aportando sus conocimientos y sus contactos, atendiendo las solicitudes del cliente, \u201csiempre y cuando sea humanamente posible\u201d, seg\u00fan el c\u00f3digo de este selecto grupo.<\/p>\n<\/p><\/div>\n\n<p><em> &#8221; Fuentes www.hosteltur.com &#8221; <\/em><\/p>\n","protected":false},"excerpt":{"rendered":"<p>Andorra la Vella, 2 de noviembre de 2021.- El pasado jueves 28 de octubre tuvo lugar en Andorra Park Resort la ceremonia de imposici\u00f3n de las prestigiosas \u201cLlaves de Oro\u201d a Adel Nsir, Concierge de este emblem\u00e1tico establecimiento del Principado. El distintivo internacional fue entregado por Ram\u00f3n Lefort Carmena, Presidente de Llaves de Oro y [&hellip;]<\/p>\n","protected":false},"author":4,"featured_media":77859,"comment_status":"open","ping_status":"closed","sticky":false,"template":"","format":"standard","meta":{"om_disable_all_campaigns":false,"jnews-multi-image_gallery":[],"jnews_single_post":[],"jnews_primary_category":[],"jnews_social_meta":[],"footnotes":""},"categories":[39],"tags":[1140],"class_list":["post-218768","post","type-post","status-publish","format-standard","has-post-thumbnail","hentry","category-viajes","tag-hoteles-y-alojamientos"],"_links":{"self":[{"href":"https:\/\/dimensionturistica.com\/es\/wp-json\/wp\/v2\/posts\/218768","targetHints":{"allow":["GET"]}}],"collection":[{"href":"https:\/\/dimensionturistica.com\/es\/wp-json\/wp\/v2\/posts"}],"about":[{"href":"https:\/\/dimensionturistica.com\/es\/wp-json\/wp\/v2\/types\/post"}],"author":[{"embeddable":true,"href":"https:\/\/dimensionturistica.com\/es\/wp-json\/wp\/v2\/users\/4"}],"replies":[{"embeddable":true,"href":"https:\/\/dimensionturistica.com\/es\/wp-json\/wp\/v2\/comments?post=218768"}],"version-history":[{"count":0,"href":"https:\/\/dimensionturistica.com\/es\/wp-json\/wp\/v2\/posts\/218768\/revisions"}],"wp:featuredmedia":[{"embeddable":true,"href":"https:\/\/dimensionturistica.com\/es\/wp-json\/wp\/v2\/media\/77859"}],"wp:attachment":[{"href":"https:\/\/dimensionturistica.com\/es\/wp-json\/wp\/v2\/media?parent=218768"}],"wp:term":[{"taxonomy":"category","embeddable":true,"href":"https:\/\/dimensionturistica.com\/es\/wp-json\/wp\/v2\/categories?post=218768"},{"taxonomy":"post_tag","embeddable":true,"href":"https:\/\/dimensionturistica.com\/es\/wp-json\/wp\/v2\/tags?post=218768"}],"curies":[{"name":"wp","href":"https:\/\/api.w.org\/{rel}","templated":true}]}}