{"id":217949,"date":"2021-11-01T16:03:37","date_gmt":"2021-11-01T16:03:37","guid":{"rendered":"https:\/\/dimensionturistica.com\/es\/?p=217949"},"modified":"2021-11-01T16:03:37","modified_gmt":"2021-11-01T16:03:37","slug":"gracias-no-gracias-restaurante-mexicano-batea-a-latin-america-50-best-restaurants","status":"publish","type":"post","link":"https:\/\/dimensionturistica.com\/es\/gracias-no-gracias-restaurante-mexicano-batea-a-latin-america-50-best-restaurants\/","title":{"rendered":"\u201cGracias, no gracias\u201d; restaurante mexicano batea a Latin America 50 Best Restaurants"},"content":{"rendered":"<p> <br \/>\n<\/p>\n<div id=\"\">\n<p> <img decoding=\"async\" src=\"data:image\/png;base64,iVBORw0KGgoAAAANSUhEUgAAAAEAAAABCAQAAAC1HAwCAAAAC0lEQVR42mNkYAAAAAYAAjCB0C8AAAAASUVORK5CYII=\" style=\"position: absolute\" elementtiming=\"TTVR.ArticleContent\"\/><\/p>\n<p> <span class=\"storyimage floated inlineimage\" data-aop=\"image\"><br \/>\n<span class=\"image\" data-attrib=\"Proporcionado por Milenio\" data-caption=\"Masala y Ma\u00edz.\" data-id=\"100\" data-m=\"{&quot;i&quot;:100,&quot;p&quot;:99,&quot;n&quot;:&quot;openModal&quot;,&quot;t&quot;:&quot;articleImages&quot;,&quot;o&quot;:1}\"><br \/>\n <img decoding=\"async\" alt=\"Masala y Ma\u00edz.\" src=\"https:\/\/www.msn.com\/es-mx\/millennials\/other\/gracias-no-gracias-restaurante-mexicano-batea-a-latin-america-50-best-restaurants\/{&quot;default&quot;:{&quot;load&quot;:&quot;default&quot;,&quot;w&quot;:&quot;27&quot;,&quot;h&quot;:&quot;23&quot;,&quot;src&quot;:&quot;\/\/img-s-msn-com.akamaized.net\/tenant\/amp\/entityid\/AAQbTkf.img?h=227&amp;w=270&amp;m=6&amp;q=60&amp;o=f&amp;l=f&quot;}}\"\/><br \/>\n<\/span><br \/>\n<span class=\"caption truncate\"><br \/>\n <span class=\"attribution\">\u00a9 Proporcionado por Milenio<\/span><br \/>\n Masala y Ma\u00edz.<br \/>\n<\/span><br \/>\n<\/span><\/p>\n<p>El restaurante mexicano <b>Masala y Ma\u00edz<\/b> rechaz\u00f3 el premio <i><b>The Macallan Icon Award<\/b><\/i>,\u00a0<span>despu\u00e9s de ser nominado por The World\u2019s 50 Finest, que\u00a0<\/span><span>reconoce a los mejores restaurantes del mundo \u00bfLa raz\u00f3n? No sentirse identificado con \u00e9ste.<\/span><\/p>\n<p>Como parte de su nuevo formato s\u00f3lo por este a\u00f1o, en octubre Latin America\u2019s 50 Finest Eating places, patrocinado por S.Pellegrino &amp; Acqua Panna, <a target=\"_blank\" href=\"https:\/\/www.milenio.com\/estilo\/gastronomia\/50-best-restaurants-anucia-finalistas-premios-2021\" data-id=\"102\" data-m=\"{&quot;i&quot;:102,&quot;p&quot;:99,&quot;n&quot;:&quot;partnerLink&quot;,&quot;y&quot;:24,&quot;o&quot;:3}\" rel=\"noopener\">anunci\u00f3 los finalistas en cuatro premios especiales antes de revelar la lista Latin America\u2019s 50 Best Restaurants 2021<\/a>. Entre ellos:\u00a0<\/p>\n<h2><span><\/p>\n<h2><span>The Macallan Icon Award <\/span><\/h2>\n<p><\/span><\/h2>\n<h3\/>\n<p><span>Anuncio del ganador: 4 de noviembre<\/span><\/p>\n<p><span>Leandro Crist\u00f3bal \u2013 Caf\u00e9 San Juan (Buenos Aires, Argentina) Norma <b>Listman y Saqib Keval \u2013 Masala y Ma\u00edz (Ciudad de M\u00e9xico, M\u00e9xico)<\/b> Rodrigo Oliveira y Adriana Salay \u2013 Mocot\u00f3 (S\u00e3o Paulo, Brasil) Rafael Rinc\u00f3n \u2013 Comida Para Todos Chile (Santiago, Chile)\u00a0<\/span><\/p>\n<p> <span class=\"storyimage fullwidth inlineimage\" data-aop=\"image\"><br \/>\n<span class=\"image\" data-attrib=\"Proporcionado por Milenio\" data-caption=\"The Macallan Icon Award | FOTO: 50 Best\" data-id=\"101\" data-m=\"{&quot;i&quot;:101,&quot;p&quot;:99,&quot;n&quot;:&quot;openModal&quot;,&quot;t&quot;:&quot;articleImages&quot;,&quot;o&quot;:2}\"><br \/>\n <img decoding=\"async\" alt=\"The Macallan Icon Award | FOTO: 50 Best\" src=\"https:\/\/www.msn.com\/es-mx\/millennials\/other\/gracias-no-gracias-restaurante-mexicano-batea-a-latin-america-50-best-restaurants\/{&quot;default&quot;:{&quot;load&quot;:&quot;default&quot;,&quot;w&quot;:&quot;80&quot;,&quot;h&quot;:&quot;50&quot;,&quot;src&quot;:&quot;\/\/img-s-msn-com.akamaized.net\/tenant\/amp\/entityid\/AAPOlaH.img?h=498&amp;w=799&amp;m=6&amp;q=60&amp;o=f&amp;l=f&quot;},&quot;size3column&quot;:{&quot;load&quot;:&quot;default&quot;,&quot;w&quot;:&quot;62&quot;,&quot;h&quot;:&quot;39&quot;,&quot;src&quot;:&quot;\/\/img-s-msn-com.akamaized.net\/tenant\/amp\/entityid\/AAPOlaH.img?h=389&amp;w=624&amp;m=6&amp;q=60&amp;o=f&amp;l=f&quot;},&quot;size2column&quot;:{&quot;load&quot;:&quot;default&quot;,&quot;w&quot;:&quot;62&quot;,&quot;h&quot;:&quot;39&quot;,&quot;src&quot;:&quot;\/\/img-s-msn-com.akamaized.net\/tenant\/amp\/entityid\/AAPOlaH.img?h=389&amp;w=624&amp;m=6&amp;q=60&amp;o=f&amp;l=f&quot;}}\"\/><br \/>\n<\/span><br \/>\n<span class=\"caption truncate\"><br \/>\n <span class=\"attribution\">\u00a9 Proporcionado por Milenio<\/span><br \/>\n The Macallan Icon Award | FOTO: 50 Finest<br \/>\n<\/span><br \/>\n<\/span><\/p>\n<p>No obstante, el restaurante mexicano se\u00f1al\u00f3:\u00a0<\/p>\n<blockquote><p>&#8220;<span>A nuestro juicio, instituciones como <b>The World&#8217;s 50 Best <\/b>fomentan una cultura fracturada a causa del abuso y el sexismo (entre otros). Estamos convencidos de que para lograr el cambio que nuestra industria necesita, requerimos dejar de contribuir con un sistema que recompensa y prospera a partir de la explotaci\u00f3n de los trabajadores&#8221;.<\/span><\/p><\/blockquote>\n<p>En Instagram, manifest\u00f3 sentirse &#8220;<span>profundamente honrado&#8221; de ser seleccionado por colegas \u00edconos de la industria gastron\u00f3mica en Am\u00e9rica Latina&#8221;.\u00a0<\/span><\/p>\n<p><span>En un mensaje manifest\u00f3 apreciar la nominaci\u00f3n por parte de los 50 mejores restaurantes del mundo para el premio Macallan Icon Award 2021 para Am\u00e9rica Latina, &#8220;estamos agradecidos de ser reconocidos entre tan incre\u00edbles creadores de cambios y desde este lugar grato y humilde elegimos declinar a esta nominaci\u00f3n&#8221;.<\/span><\/p>\n<p>\u200b<\/p>\n<\/div>\n\n<p><em> \u2018 The preceding article may include information circulated by third parties \u2019 <\/em><\/p>\n<p><em> \u2018 Some details of this article were extracted from the following source www.celebrity.land.com \u2019 <\/em><\/p>\n","protected":false},"excerpt":{"rendered":"<p>\u00a9 Proporcionado por Milenio Masala y Ma\u00edz. El restaurante mexicano Masala y Ma\u00edz rechaz\u00f3 el premio The Macallan Icon Award,\u00a0despu\u00e9s de ser nominado por The World\u2019s 50 Finest, que\u00a0reconoce a los mejores restaurantes del mundo \u00bfLa raz\u00f3n? No sentirse identificado con \u00e9ste. Como parte de su nuevo formato s\u00f3lo por este a\u00f1o, en octubre Latin [&hellip;]<\/p>\n","protected":false},"author":2,"featured_media":217950,"comment_status":"open","ping_status":"closed","sticky":false,"template":"","format":"standard","meta":{"om_disable_all_campaigns":false,"jnews-multi-image_gallery":[],"jnews_single_post":[],"jnews_primary_category":[],"jnews_social_meta":[],"footnotes":""},"categories":[43],"tags":[],"class_list":["post-217949","post","type-post","status-publish","format-standard","has-post-thumbnail","hentry","category-gourmet"],"_links":{"self":[{"href":"https:\/\/dimensionturistica.com\/es\/wp-json\/wp\/v2\/posts\/217949","targetHints":{"allow":["GET"]}}],"collection":[{"href":"https:\/\/dimensionturistica.com\/es\/wp-json\/wp\/v2\/posts"}],"about":[{"href":"https:\/\/dimensionturistica.com\/es\/wp-json\/wp\/v2\/types\/post"}],"author":[{"embeddable":true,"href":"https:\/\/dimensionturistica.com\/es\/wp-json\/wp\/v2\/users\/2"}],"replies":[{"embeddable":true,"href":"https:\/\/dimensionturistica.com\/es\/wp-json\/wp\/v2\/comments?post=217949"}],"version-history":[{"count":0,"href":"https:\/\/dimensionturistica.com\/es\/wp-json\/wp\/v2\/posts\/217949\/revisions"}],"wp:featuredmedia":[{"embeddable":true,"href":"https:\/\/dimensionturistica.com\/es\/wp-json\/wp\/v2\/media\/217950"}],"wp:attachment":[{"href":"https:\/\/dimensionturistica.com\/es\/wp-json\/wp\/v2\/media?parent=217949"}],"wp:term":[{"taxonomy":"category","embeddable":true,"href":"https:\/\/dimensionturistica.com\/es\/wp-json\/wp\/v2\/categories?post=217949"},{"taxonomy":"post_tag","embeddable":true,"href":"https:\/\/dimensionturistica.com\/es\/wp-json\/wp\/v2\/tags?post=217949"}],"curies":[{"name":"wp","href":"https:\/\/api.w.org\/{rel}","templated":true}]}}