{"id":217571,"date":"2021-11-01T02:20:41","date_gmt":"2021-11-01T02:20:41","guid":{"rendered":"https:\/\/dimensionturistica.com\/es\/?p=217571"},"modified":"2021-11-01T02:20:42","modified_gmt":"2021-11-01T02:20:42","slug":"alain-ducasse-y-albert-adria-presentaran-su-nuevo-restaurante-en-san-sebastian-gastronomika","status":"publish","type":"post","link":"https:\/\/dimensionturistica.com\/es\/alain-ducasse-y-albert-adria-presentaran-su-nuevo-restaurante-en-san-sebastian-gastronomika\/","title":{"rendered":"Alain Ducasse y Albert Adri\u00e0 presentar\u00e1n su nuevo restaurante en San Sebastian Gastronomika"},"content":{"rendered":"<p> <br \/>\n<\/p>\n<div>\n<p><strong>Alain Ducasse, Romain Meder\u00a0y Albert Adri\u00e0<\/strong> est\u00e1n a punto de abrir\u00a0<strong>ADMO<\/strong><strong>\u00a0en el museo del quai Branly<\/strong> \u2013 Jacques Chirac de Par\u00eds, creaci\u00f3n de Jean Nouvel. Se trata de un<strong> restaurante ef\u00edmero<\/strong> que combinar\u00e1 platos de ambos cocineros en un servicio \u201cde\u00a0haute gastronomie\u00a0en el sentido en el que se habla de alta costura. Lo mejor y m\u00e1s exclusivo en el plato y en las copas, servicio de alto standing, pero con un<strong> respeto absoluto por lo sostenible<\/strong>\u201d, adelantaba recientemente Ducasse.<br \/>\u00a0<br \/>Los detalles del proyecto se conocer\u00e1n en <a target=\"_blank\" href=\"https:\/\/www.infohoreca.com\/noticias\/20211101\/eventos\/san-sebastian-gastronomika-2\" rel=\"noopener\">San Sebastian Gastronomika<\/a>, antes que Ducasse reciba el Premio Homenaje -en palabras de la organizaci\u00f3n- \u201cno s\u00f3lo por ser quien tiene m\u00e1s estrellas Michelin del mundo (\u2026), sino tambi\u00e9n por todo lo que ha representado y representa en el concierto gastron\u00f3mico internacional: el posicionamiento del Mediterr\u00e1neo, la naturalidad basada en la tradici\u00f3n pero siempre mirando hacia adelante y la creaci\u00f3n, en definitiva, de un estilo propio que ha inspirado y sigue inspirando a generaciones\u201d.<\/p>\n<h2><strong>El cartel de Gastronomika 21<\/strong><\/h2>\n<p><span>La edici\u00f3n 2021 de<strong> San Sebasti\u00e1n Gastronomika \u00a0vuelve de forma presencial del 14 al 17 de noviembre<\/strong> . En esta ocasi\u00f3n, se mirar\u00e1 a Francia y plantea abrir un nuevo di\u00e1logo entre las cocinas de ambos lados de los Pirineos bajo el t\u00edtulo \u2018<strong>Reencuentros\u2019<\/strong>.\u00a0<\/span><br \/><span>\u00a0<\/span><br \/><span>Entre los cocineros franceses \u00a0confirmado asistencia\u00a0<\/span><strong>Marc Veyrat<\/strong><span>\u00a0(La Maison des Bois**),\u00a0<\/span><strong>Pierre Gagnaire<\/strong><span>\u00a0(Pierre Gagnaire***),\u00a0<\/span><strong>Guillaume Gomez, Alexandre Mazzia<\/strong><span>(AM***),\u00a0<\/span><strong>Nadia Sammut<\/strong><span>\u00a0(La Feni\u00e8re**),\u00a0<\/span><strong>Beatriz Gonz\u00e1lez<\/strong><span>\u00a0(Neva Delicacies),\u00a0<\/span><strong>Amandine Chaignot<\/strong><span>\u00a0(Pouliche),\u00a0<\/span><strong>Alain Dutournier\u00a0<\/strong><span>(Au Trou Gascon*<\/span><strong>)\u00a0<\/strong><span>y\u00a0<\/span><strong>Fr\u00e9d\u00e9ric Bau\u00a0<\/strong><span>(Maison Valrhona).<\/span><br \/><span>\u00a0<\/span><br \/><span>Por parte espa\u00f1ola, a los ya comunicados\u00a0<\/span><strong>Eneko Atxa, \u00c1ngel Le\u00f3n, Pedro Subijana, Elena Arzak, Jes\u00fas S\u00e1nchez, Paco Morales, Romain Fornell, Fran Mart\u00ednez,\u00a0<\/strong><span>el tr\u00edo de\u00a0<\/span><strong>Disfrutar, Mart\u00edn Berasategui, Josean Alija, Luis Valls\u00a0<\/strong><span>o\u00a0<\/span><strong>Hilario Arbelaitz<\/strong><span>, se les han sumado\u00a0<\/span><strong>Joan Roca\u00a0<\/strong><span>(El Celler de Can Roca***),\u00a0<\/span><strong>Pablo Gonz\u00e1lez<\/strong><span>\u00a0(Caba\u00f1a Buenavista**),\u00a0<\/span><strong>Chele Gonz\u00e1lez<\/strong><span>\u00a0(Gallery by Chele),\u00a0<\/span><strong>Jordi Butr\u00f3n\u00a0<\/strong><span>(Essence by Espai Sucre) y\u00a0<\/span><strong>Arnau Bosch<\/strong><span>\u00a0(Can Bosch*).<\/span><br \/><span>\u00a0<\/span><span>\u00a0<\/span><br \/><span>Adem\u00e1s de cooks franceses y espa\u00f1oles, Gastronomika 21 contar\u00e1 tambi\u00e9n con participaci\u00f3n internacional encarnada entre otros por dos de los grandes cocineros sudamericanos. Se trata de\u00a0<\/span><strong>Alex Atala<\/strong><span>, al frente de DOM** (Sao Paulo) y uno de los capitostes hist\u00f3ricos de la cocina brasile\u00f1a, y de\u00a0<\/span><strong>Virgilio Mart\u00ednez<\/strong><span>, chef en Central (Lima, Per\u00fa), recientemente nombrado cuarto mejor restaurante del mundo seg\u00fan The 50 Greatest Eating places.<\/span><\/p>\n<h2><strong>Inscripciones para San Sebasti\u00e1n Gastronomika<\/strong><span style=\"font-size: 10px;\">\u00a0<\/span><\/h2>\n<p><span>Ya est\u00e1n disponibles los pases parciales, quepermiten asistir a Gastronomika un d\u00eda concreto, incluso en una franja horaria en specific. \u00a0Se pueden consultar precios y ventajas directamente desde el apartado de\u00a0<\/span><a target=\"_blank\" href=\"https:\/\/sansebastiangastronomika.us17.list-manage.com\/track\/click?u=dce49d5f79764b9df841c7cf6&amp;id=23f2e1bb1f&amp;e=cf030aa171\" rel=\"nofollow noopener\">inscripciones<\/a><span>\u00a0de la internet del congreso.<\/span><\/p>\n<\/div>\n\n<p><em> \u2018 The preceding article may include information circulated by third parties \u2019 <\/em><\/p>\n<p><em> \u2018 Some details of this article were extracted from the following source www.infohoreca.com \u2019 <\/em><\/p>\n","protected":false},"excerpt":{"rendered":"<p>Alain Ducasse, Romain Meder\u00a0y Albert Adri\u00e0 est\u00e1n a punto de abrir\u00a0ADMO\u00a0en el museo del quai Branly \u2013 Jacques Chirac de Par\u00eds, creaci\u00f3n de Jean Nouvel. Se trata de un restaurante ef\u00edmero que combinar\u00e1 platos de ambos cocineros en un servicio \u201cde\u00a0haute gastronomie\u00a0en el sentido en el que se habla de alta costura. Lo mejor y [&hellip;]<\/p>\n","protected":false},"author":2,"featured_media":217572,"comment_status":"open","ping_status":"closed","sticky":false,"template":"","format":"standard","meta":{"om_disable_all_campaigns":false,"jnews-multi-image_gallery":[],"jnews_single_post":[],"jnews_primary_category":[],"jnews_social_meta":[],"footnotes":""},"categories":[43],"tags":[],"class_list":["post-217571","post","type-post","status-publish","format-standard","has-post-thumbnail","hentry","category-gourmet"],"_links":{"self":[{"href":"https:\/\/dimensionturistica.com\/es\/wp-json\/wp\/v2\/posts\/217571","targetHints":{"allow":["GET"]}}],"collection":[{"href":"https:\/\/dimensionturistica.com\/es\/wp-json\/wp\/v2\/posts"}],"about":[{"href":"https:\/\/dimensionturistica.com\/es\/wp-json\/wp\/v2\/types\/post"}],"author":[{"embeddable":true,"href":"https:\/\/dimensionturistica.com\/es\/wp-json\/wp\/v2\/users\/2"}],"replies":[{"embeddable":true,"href":"https:\/\/dimensionturistica.com\/es\/wp-json\/wp\/v2\/comments?post=217571"}],"version-history":[{"count":0,"href":"https:\/\/dimensionturistica.com\/es\/wp-json\/wp\/v2\/posts\/217571\/revisions"}],"wp:featuredmedia":[{"embeddable":true,"href":"https:\/\/dimensionturistica.com\/es\/wp-json\/wp\/v2\/media\/217572"}],"wp:attachment":[{"href":"https:\/\/dimensionturistica.com\/es\/wp-json\/wp\/v2\/media?parent=217571"}],"wp:term":[{"taxonomy":"category","embeddable":true,"href":"https:\/\/dimensionturistica.com\/es\/wp-json\/wp\/v2\/categories?post=217571"},{"taxonomy":"post_tag","embeddable":true,"href":"https:\/\/dimensionturistica.com\/es\/wp-json\/wp\/v2\/tags?post=217571"}],"curies":[{"name":"wp","href":"https:\/\/api.w.org\/{rel}","templated":true}]}}