{"id":217534,"date":"2021-10-31T23:58:41","date_gmt":"2021-10-31T23:58:41","guid":{"rendered":"https:\/\/dimensionturistica.com\/es\/?p=217534"},"modified":"2021-10-31T23:58:41","modified_gmt":"2021-10-31T23:58:41","slug":"chocan-camionetas-en-crucero-del-centro-de-torreon-el-siglo-de-torreon","status":"publish","type":"post","link":"https:\/\/dimensionturistica.com\/es\/chocan-camionetas-en-crucero-del-centro-de-torreon-el-siglo-de-torreon\/","title":{"rendered":"Chocan camionetas en crucero del Centro de Torre\u00f3n, El Siglo de Torre\u00f3n"},"content":{"rendered":"<p> <br \/>\n<\/p>\n<p>\nLa noche del pasado s\u00e1bado se registr\u00f3 un accidente vial en la zona Centro de la ciudad de Torre\u00f3n donde participaron dos camionetas cerradas, solo hubo da\u00f1os materiales. <\/p>\n<div>\n<p>Los hechos ocurrieron cerca de las 21:00 horas en el cruce del par vial de la calle Francisco I. Madero y la avenida Seis de Octubre.<\/p>\n<p>Uno de los veh\u00edculos involucrados es de la marca Ford, de la l\u00ednea Freestar, colour blanco, modelo 2005, que period conducido por H\u00e9ctor Hugo de 35 a\u00f1os de edad.<\/p>\n<p>La unidad se desplazaba de oriente a poniente sobre la avenida Seis de Octubre, cuando se impact\u00f3 contra una camioneta Jeep Cherokee, colour rojo, modelo 1996, la cual circulaba de sur a norte por la calle Madero y period tripulada por Gustavo Aurelio de 54 a\u00f1os.<\/p>\n<p>Testigos de los hechos solicitaron la presencia de las corporaciones de seguridad de la ciudad por medio de una llamada telef\u00f3nica al sistema estatal de emergencias 911.<\/p>\n<p>Los primeros en atender el reporte fueron los elementos de la Direcci\u00f3n de Tr\u00e1nsito y Vialidad Municipal, quienes resguardaron la zona para evitar que se presentara otro percance vial.<\/p>\n<p>El private del departamento de Peritos del Tribunal de Justicia Municipal, se encarg\u00f3 de tomar conocimiento de los hechos.<\/p>\n<p>Se trata de un crucero regulado por sem\u00e1foros, los cuales funcionaban correctamente al momento de los hechos.<\/p>\n<p>Ser\u00e1 la autoridad competente la que se encargar\u00e1 de deslindar las responsabilidades, ya que ninguno de los conductores acept\u00f3 haberse pasado la luz roja.<\/p>\n<p>Los veh\u00edculos siniestrados fueron enviados a un corral\u00f3n de la ciudad para su resguardo.<\/p>\n<p>\n<button data-emo=\"1\" data-no=\"0\" id=\"emo1\" class=\"emos btn btn-outline-secondary mb-2\">&#x1f44d; me gusta <small\/><\/button><br \/>\n<button data-emo=\"2\" data-no=\"0\" id=\"emo2\" class=\"emos btn btn-outline-secondary mb-2\">&#x1f60d; me encanta <small\/><\/button><br \/>\n<button data-emo=\"3\" data-no=\"0\" id=\"emo3\" class=\"emos btn btn-outline-secondary mb-2\">&#x1f923; divertido <small\/><\/button><br \/>\n<button data-emo=\"4\" data-no=\"0\" id=\"emo4\" class=\"emos btn btn-outline-secondary mb-2\">&#x1f62e; sorprendido <small\/><\/button><br \/>\n<button data-emo=\"5\" data-no=\"0\" id=\"emo5\" class=\"emos btn btn-outline-secondary mb-2\">&#x1f621; enojado <small\/><\/button><br \/>\n<button data-emo=\"6\" data-no=\"0\" id=\"emo6\" class=\"emos btn btn-outline-secondary mb-2\">&#x1f622; triste <small\/><\/button><\/p>\n<h6 class=\"small\"\/>\n<\/div>\n<p><script>\n  !function(f,b,e,v,n,t,s)\n  {if(f.fbq)return;n=f.fbq=function(){n.callMethod?\n  n.callMethod.apply(n,arguments):n.queue.push(arguments)};\n  if(!f._fbq)f._fbq=n;n.push=n;n.loaded=!0;n.version='2.0';\n  n.queue=[];t=b.createElement(e);t.async=!0;\n  t.src=v;s=b.getElementsByTagName(e)[0];\n  s.parentNode.insertBefore(t,s)}(window, document,'script',\n  'https:\/\/connect.facebook.net\/en_US\/fbevents.js');\n  fbq('init', '871541936550779');\n  fbq('track', 'PageView');\n<\/script><script>(function(d, s, id) { var js, fjs = d.getElementsByTagName(s)[0]; if (d.getElementById(id)) return; js = d.createElement(s); js.id = id; js.src=\"https:\/\/connect.facebook.net\/es_LA\/sdk.js#xfbml=1&version=v3.2&appId=133034970052161&autoLogAppEvents=1\"; fjs.parentNode.insertBefore(js, fjs); }(document, 'script', 'facebook-jssdk'));<\/script><br \/>\n<br \/><\/p>\n<p><em> &#8221; Fuentes www.elsiglodetorreon.com.mx &#8221; <\/em><\/p>\n","protected":false},"excerpt":{"rendered":"<p>La noche del pasado s\u00e1bado se registr\u00f3 un accidente vial en la zona Centro de la ciudad de Torre\u00f3n donde participaron dos camionetas cerradas, solo hubo da\u00f1os materiales. Los hechos ocurrieron cerca de las 21:00 horas en el cruce del par vial de la calle Francisco I. Madero y la avenida Seis de Octubre. Uno [&hellip;]<\/p>\n","protected":false},"author":4,"featured_media":217535,"comment_status":"open","ping_status":"closed","sticky":false,"template":"","format":"standard","meta":{"om_disable_all_campaigns":false,"jnews-multi-image_gallery":[],"jnews_single_post":[],"jnews_primary_category":[],"jnews_social_meta":[],"footnotes":""},"categories":[41],"tags":[34828],"class_list":["post-217534","post","type-post","status-publish","format-standard","has-post-thumbnail","hentry","category-cruceros","tag-centro-de-torreon"],"_links":{"self":[{"href":"https:\/\/dimensionturistica.com\/es\/wp-json\/wp\/v2\/posts\/217534","targetHints":{"allow":["GET"]}}],"collection":[{"href":"https:\/\/dimensionturistica.com\/es\/wp-json\/wp\/v2\/posts"}],"about":[{"href":"https:\/\/dimensionturistica.com\/es\/wp-json\/wp\/v2\/types\/post"}],"author":[{"embeddable":true,"href":"https:\/\/dimensionturistica.com\/es\/wp-json\/wp\/v2\/users\/4"}],"replies":[{"embeddable":true,"href":"https:\/\/dimensionturistica.com\/es\/wp-json\/wp\/v2\/comments?post=217534"}],"version-history":[{"count":0,"href":"https:\/\/dimensionturistica.com\/es\/wp-json\/wp\/v2\/posts\/217534\/revisions"}],"wp:featuredmedia":[{"embeddable":true,"href":"https:\/\/dimensionturistica.com\/es\/wp-json\/wp\/v2\/media\/217535"}],"wp:attachment":[{"href":"https:\/\/dimensionturistica.com\/es\/wp-json\/wp\/v2\/media?parent=217534"}],"wp:term":[{"taxonomy":"category","embeddable":true,"href":"https:\/\/dimensionturistica.com\/es\/wp-json\/wp\/v2\/categories?post=217534"},{"taxonomy":"post_tag","embeddable":true,"href":"https:\/\/dimensionturistica.com\/es\/wp-json\/wp\/v2\/tags?post=217534"}],"curies":[{"name":"wp","href":"https:\/\/api.w.org\/{rel}","templated":true}]}}