{"id":217508,"date":"2021-10-31T22:48:23","date_gmt":"2021-10-31T22:48:23","guid":{"rendered":"https:\/\/dimensionturistica.com\/es\/?p=217508"},"modified":"2021-10-31T22:48:24","modified_gmt":"2021-10-31T22:48:24","slug":"playas-de-tulum-lucen-su-mejor-rostro-en-tres-anos","status":"publish","type":"post","link":"https:\/\/dimensionturistica.com\/es\/playas-de-tulum-lucen-su-mejor-rostro-en-tres-anos\/","title":{"rendered":"Playas de Tulum lucen su mejor rostro en tres a\u00f1os"},"content":{"rendered":"<p> <br \/>\n<\/p>\n<div>\n<p>TULUM.- Las playas de Tulum lucen su mejor rostro en estos d\u00edas en que el Sem\u00e1foro Epidemiol\u00f3gico en Verde y el feriado por Fieles Difuntos ha suscitado el arribo de miles de ba\u00f1istas a este destino y, con ello, la reactivaci\u00f3n econ\u00f3mica tan esperada por cientos de negocios y familias.<\/p>\n<p>Desde Sian Kan hasta Xcacel, las playas lucen impecables: sin sargazo y sin basura. El de hoy es un complete contraste con el escenario turbio y olvidado que se ven\u00eda viviendo en el noveno municipio desde 2018.<\/p>\n<figure class=\"wp-block-gallery columns-3 is-cropped\"\/>\n<p>La Direcci\u00f3n de la Zona Federal Maritimo Terrestre en Tulum ultim\u00f3 la semana pasada las instrucciones del presidente municipal Marciano Dzul Caamal #MDC para garantizar a todos los visitantes no solo postales lindas, sino areas de recreaci\u00f3n seguras.<\/p>\n<p>Lo anterior en raz\u00f3n de que Tulum es el destino favorito de Mexico para los viajeros seg\u00fan Expedia, una de las agencias de viaje en linea mas grande del mundo.<\/p>\n<p>Eugenio Barbachano, director de turismo municipal, ha venido supervisando tambi\u00e9n los trabajos para recibir a las miles de personas que han comenzado a llevar la ocupacion hotelera de Tulum al 100% desde ayer s\u00e1bado 30 de octubre.<\/p>\n<p>Devolver el esplendor a la enviornment, especialmente donde rompen las olas, fue un reto.<\/p>\n<p>\u201cLas ordenes del presidente municipal fueron contundentes y \u00e9l dispuso todo lo necesario para que lograramos el cometido a menos de 1 menos de haber asumido la administracion\u201d, coment\u00f3.<\/p>\n<p>Fue en un tiempo r\u00e9cord porque \u201cas\u00ed lo exigen los tulumnenses\u201d.<\/p>\n<p>Seg\u00fan el funcionario, este fin de semana es clave para la econom\u00eda de muchas empresas y familias pues, por primera vez luego de 18 meses de pandemia, la mayor\u00eda de los negocios podr\u00e1 servir a un turismo, aunque guardando las medidas sanitarias del sem\u00e1foro verde 1.<\/p>\n<p>El dia de ayer, s\u00e1bado 30 de octubre, aterrizaron en el Aerouerto Intencional de Canc\u00fan 243 vuelos, inform\u00f3 Grupo Aeroportuario del Sureste. De ellos, 156 fueron vuelos internacionales y 87 nacioanles, algunos provenientes de Europa, continente que tieme a Tulum como uno de sus destinos predilectos.<\/p>\n<p><strong>Texto\/Fotos: Bolet\u00edn <\/strong><\/p>\n<\/p><\/div>\n<p><script>(function(d, s, id) {\n  var js, fjs = d.getElementsByTagName(s)[0];\n  if (d.getElementById(id)) return;\n  js = d.createElement(s); js.id = id;\n  js.src = \"\/\/connect.facebook.net\/es_LA\/all.js#xfbml=1\";\n  fjs.parentNode.insertBefore(js, fjs);\n}(document, 'script', 'facebook-jssdk'));<\/script><br \/>\n<br \/><\/p>\n<p><em> &#8221; Fuentes www.marcrixnoticias.com &#8221; <\/em><\/p>\n","protected":false},"excerpt":{"rendered":"<p>TULUM.- Las playas de Tulum lucen su mejor rostro en estos d\u00edas en que el Sem\u00e1foro Epidemiol\u00f3gico en Verde y el feriado por Fieles Difuntos ha suscitado el arribo de miles de ba\u00f1istas a este destino y, con ello, la reactivaci\u00f3n econ\u00f3mica tan esperada por cientos de negocios y familias. Desde Sian Kan hasta Xcacel, [&hellip;]<\/p>\n","protected":false},"author":4,"featured_media":217509,"comment_status":"open","ping_status":"closed","sticky":false,"template":"","format":"standard","meta":{"om_disable_all_campaigns":false,"jnews-multi-image_gallery":[],"jnews_single_post":[],"jnews_primary_category":[],"jnews_social_meta":[],"footnotes":""},"categories":[40],"tags":[34824,34825,1064,34826],"class_list":["post-217508","post","type-post","status-publish","format-standard","has-post-thumbnail","hentry","category-industria","tag-fieles-difuntos","tag-playas-de-tulum","tag-quintana-roo","tag-zona-federal-maritimo-terrestre-en-tulum"],"_links":{"self":[{"href":"https:\/\/dimensionturistica.com\/es\/wp-json\/wp\/v2\/posts\/217508","targetHints":{"allow":["GET"]}}],"collection":[{"href":"https:\/\/dimensionturistica.com\/es\/wp-json\/wp\/v2\/posts"}],"about":[{"href":"https:\/\/dimensionturistica.com\/es\/wp-json\/wp\/v2\/types\/post"}],"author":[{"embeddable":true,"href":"https:\/\/dimensionturistica.com\/es\/wp-json\/wp\/v2\/users\/4"}],"replies":[{"embeddable":true,"href":"https:\/\/dimensionturistica.com\/es\/wp-json\/wp\/v2\/comments?post=217508"}],"version-history":[{"count":0,"href":"https:\/\/dimensionturistica.com\/es\/wp-json\/wp\/v2\/posts\/217508\/revisions"}],"wp:featuredmedia":[{"embeddable":true,"href":"https:\/\/dimensionturistica.com\/es\/wp-json\/wp\/v2\/media\/217509"}],"wp:attachment":[{"href":"https:\/\/dimensionturistica.com\/es\/wp-json\/wp\/v2\/media?parent=217508"}],"wp:term":[{"taxonomy":"category","embeddable":true,"href":"https:\/\/dimensionturistica.com\/es\/wp-json\/wp\/v2\/categories?post=217508"},{"taxonomy":"post_tag","embeddable":true,"href":"https:\/\/dimensionturistica.com\/es\/wp-json\/wp\/v2\/tags?post=217508"}],"curies":[{"name":"wp","href":"https:\/\/api.w.org\/{rel}","templated":true}]}}