{"id":217335,"date":"2021-10-31T11:09:57","date_gmt":"2021-10-31T11:09:57","guid":{"rendered":"https:\/\/dimensionturistica.com\/es\/?p=217335"},"modified":"2021-10-31T11:09:57","modified_gmt":"2021-10-31T11:09:57","slug":"la-ue-recomienda-levantar-restricciones-de-viaje-para-argentina-colombia-peru-y-namibia","status":"publish","type":"post","link":"https:\/\/dimensionturistica.com\/es\/la-ue-recomienda-levantar-restricciones-de-viaje-para-argentina-colombia-peru-y-namibia\/","title":{"rendered":"La UE recomienda levantar restricciones de viaje para Argentina, Colombia, Per\u00fa y Namibia"},"content":{"rendered":"<p> <br \/>\n<\/p>\n<div>\n<p> El Consejo de la Uni\u00f3n Europea anunci\u00f3 este viernes que incluy\u00f3 a   <a rel=\"nofollow noopener\" target=\"_blank\" href=\"https:\/\/www.baenegocios.com\/tags\/Argentina\">Argentina<\/a>, Colombia, Per\u00fa y Namibia en la lista de pa\u00edses para los que deben levantarse las restricciones de viaje impuestas debido a la pandemia del <b>coronavirus<\/b>.<\/p>\n<p>&#8220;Tras una revisi\u00f3n realizada en virtud de la Recomendaci\u00f3n sobre el levantamiento gradual de la restricci\u00f3n temporal de los viajes no esenciales a la UE, el Consejo ha actualizado la lista de pa\u00edses, regiones administrativas especiales y dem\u00e1s entidades y autoridades territoriales para los que deben levantarse las restricciones de viaje\u200b\u200b\u200b. En concreto, se ha incluido en la lista a   <a rel=\"nofollow noopener\" target=\"_blank\" href=\"https:\/\/www.baenegocios.com\/tags\/Argentina\">Argentina<\/a>, Colombia, Namibia y Per\u00fa&#8221;, cube el comunicado del organismo.<\/p>\n<p>Fuente: Sputnik<\/p>\n<h3>\u00a0<\/h3>\n<h3><a rel=\"nofollow noopener\" target=\"_blank\" href=\"https:\/\/www.baenegocios.com\/tags\/Coronavirus\">Coronavirus hoy en el mundo: toda la informaci\u00f3n<\/a><\/h3>\n<h3>\u00a0<\/h3>\n<h3><a rel=\"nofollow noopener\" target=\"_blank\" href=\"https:\/\/www.baenegocios.com\/tags\/coronavirus-en-argentina\">Coronavirus en la Argentina: Toda la informaci\u00f3n sobre la pandemia en todo el pa\u00eds<\/a><\/h3>\n<h3>\u00a0<\/h3>\n<h3><a rel=\"nofollow noopener\" target=\"_blank\" href=\"https:\/\/www.baenegocios.com\/tags\/Vacuna\">Vacuna coronavirus: los avances en la carrera por combatir el covid-19<\/a><\/h3>\n<\/div>\n<p><script>\nwindow.fbAsyncInit = function() {\n    FB.init({\n        appId: '1166957030070873',\n        status: true,\n        cookie: true,\n        oauth: true,\n\txfbml: true,\n\tversion: 'v2.0'\n    });\n};\n(function(d, s, id){\n var js, fjs = d.getElementsByTagName(s)[0];\n if (d.getElementById(id)) return;\n js = d.createElement(s); js.id = id;\n js.src = \"https:\/\/connect.facebook.net\/es_LA\/sdk.js\";\n fjs.parentNode.insertBefore(js, fjs);\n}(document, 'script', 'facebook-jssdk'));\n<\/script><br \/>\n<br \/><\/p>\n<p><em> &#8221; Fuentes www.baenegocios.com &#8221; <\/em><\/p>\n","protected":false},"excerpt":{"rendered":"<p>El Consejo de la Uni\u00f3n Europea anunci\u00f3 este viernes que incluy\u00f3 a Argentina, Colombia, Per\u00fa y Namibia en la lista de pa\u00edses para los que deben levantarse las restricciones de viaje impuestas debido a la pandemia del coronavirus. &#8220;Tras una revisi\u00f3n realizada en virtud de la Recomendaci\u00f3n sobre el levantamiento gradual de la restricci\u00f3n temporal [&hellip;]<\/p>\n","protected":false},"author":4,"featured_media":217336,"comment_status":"open","ping_status":"closed","sticky":false,"template":"","format":"standard","meta":{"om_disable_all_campaigns":false,"jnews-multi-image_gallery":[],"jnews_single_post":[],"jnews_primary_category":[],"jnews_social_meta":[],"footnotes":""},"categories":[40],"tags":[1161,768,55,1565],"class_list":["post-217335","post","type-post","status-publish","format-standard","has-post-thumbnail","hentry","category-industria","tag-agencias","tag-argentina","tag-coronavirus","tag-ue"],"_links":{"self":[{"href":"https:\/\/dimensionturistica.com\/es\/wp-json\/wp\/v2\/posts\/217335","targetHints":{"allow":["GET"]}}],"collection":[{"href":"https:\/\/dimensionturistica.com\/es\/wp-json\/wp\/v2\/posts"}],"about":[{"href":"https:\/\/dimensionturistica.com\/es\/wp-json\/wp\/v2\/types\/post"}],"author":[{"embeddable":true,"href":"https:\/\/dimensionturistica.com\/es\/wp-json\/wp\/v2\/users\/4"}],"replies":[{"embeddable":true,"href":"https:\/\/dimensionturistica.com\/es\/wp-json\/wp\/v2\/comments?post=217335"}],"version-history":[{"count":0,"href":"https:\/\/dimensionturistica.com\/es\/wp-json\/wp\/v2\/posts\/217335\/revisions"}],"wp:featuredmedia":[{"embeddable":true,"href":"https:\/\/dimensionturistica.com\/es\/wp-json\/wp\/v2\/media\/217336"}],"wp:attachment":[{"href":"https:\/\/dimensionturistica.com\/es\/wp-json\/wp\/v2\/media?parent=217335"}],"wp:term":[{"taxonomy":"category","embeddable":true,"href":"https:\/\/dimensionturistica.com\/es\/wp-json\/wp\/v2\/categories?post=217335"},{"taxonomy":"post_tag","embeddable":true,"href":"https:\/\/dimensionturistica.com\/es\/wp-json\/wp\/v2\/tags?post=217335"}],"curies":[{"name":"wp","href":"https:\/\/api.w.org\/{rel}","templated":true}]}}