{"id":216929,"date":"2021-10-30T10:08:26","date_gmt":"2021-10-30T10:08:26","guid":{"rendered":"https:\/\/dimensionturistica.com\/es\/?p=216929"},"modified":"2021-10-30T10:08:27","modified_gmt":"2021-10-30T10:08:27","slug":"puente-de-noviembre-aumento-de-reservas-de-casas-de-vacaciones","status":"publish","type":"post","link":"https:\/\/dimensionturistica.com\/es\/puente-de-noviembre-aumento-de-reservas-de-casas-de-vacaciones\/","title":{"rendered":"Puente de noviembre: Aumento de reservas de casas de vacaciones"},"content":{"rendered":"<p> <br \/>\n<\/p>\n<div>\n<p><strong>\u25cf A menos de una semana de la celebraci\u00f3n del D\u00eda de todos los Santos, el pr\u00f3ximo 1 de noviembre, las reservas en casas de vacaciones en Espa\u00f1a crecen un 200%. <\/strong><\/p>\n<p><strong>\u25cf Andaluc\u00eda se convierte en el destino preferido de los espa\u00f1oles para disfrutar de estos d\u00edas con estancias de una semana de duraci\u00f3n. <\/strong><\/p>\n<p><strong>\u25cf Costa Blanca, Costa del Sol, Costa Brava y el inside de Andaluc\u00eda, los destinos m\u00e1s elegidos en Espa\u00f1a por viajeros nacionales y extranjeros para disfrutar del pr\u00f3ximo puente, seg\u00fan los datos de la compa\u00f1\u00eda experta en alquiler vacacional <\/strong><\/p>\n<p><strong>Madrid, 28 octubre de 2021<\/strong>. Belvilla, una de las compa\u00f1\u00edas l\u00edderes en alquiler de casas de vacaciones en Europa, presenta sus datos de reservas para este puente de noviembre.<\/p>\n<p>Andaluc\u00eda, la regi\u00f3n preferida por los espa\u00f1oles. En lo que se refiere a los datos relativos a viajeros espa\u00f1oles, la compa\u00f1\u00eda ha registrado el doble de reservas que en las mismas fechas que el a\u00f1o anterior. El inside de Andaluc\u00eda, Arag\u00f3n y la Costa del Sol son los destinos m\u00e1s elegidos.<\/p>\n<p>Si se observan los datos de hu\u00e9spedes nacionales e internacionales, Belvilla ha registrado un aumento del 200% en las reservas para estancias en la primera semana de noviembre en comparaci\u00f3n con 2020. Los destinos m\u00e1s elegidos son Costa Blanca, Costa del Sol y Costa Brava, las tres regiones logran un +200% de reservas en comparaci\u00f3n con el mismo per\u00edodo del a\u00f1o pasado; y el inside de Andaluc\u00eda, cuyo nivel de reservas se ha multiplicado por dos. La mayor\u00eda de las estancias son de 7 d\u00edas y el tipo de alojamiento m\u00e1s reservado son las casas de vacaciones (36%); seguido por villas (29%) y apartamentos (25%).<\/p>\n<p>Los viajeros europeos, fundamentales para los destinos espa\u00f1oles. Costa Blanca es elegida por viajeros holandeses (28%), seguidos de belgas (23%) y brit\u00e1nicos, con un 14% del whole de reservas en la regi\u00f3n. La mayor\u00eda son estancias de siete d\u00edas y el tipo de alojamiento m\u00e1s reservado son villas (63%), seguido de casas vacacionales (23%) y apartamentos (11%).<\/p>\n<p>Por su parte, la Costa del Sol es elegida en gran parte por holandeses (25%), seguidos de espa\u00f1oles (19%) y belgas (13%). Las villas representan m\u00e1s de un tercio de los alojamientos reservados (34%), seguidos de apartamentos y casas vacacionales, con un 31% y 19% respectivamente para estancias de 1 semana en su mayor parte (7 d\u00edas).<\/p>\n<p>La mitad de los viajeros que eligen la Costa Brava con Belvilla son franceses que junto con holandeses (15%), espa\u00f1oles y belgas (11%). De los alojamientos ofrecidos por Belvilla, las casas de vacaciones son las m\u00e1s demandadas en esta regi\u00f3n, con m\u00e1s de un tercio de las reservas (38%), seguidas de apartamentos (27%) y villas (23%).<\/p>\n<p><strong>Sobre Belvilla<\/strong><\/p>\n<p>Durante 40 a\u00f1os, hemos seleccionado y gestionado el alquiler en las mejores casas de vacaciones en Europa. Todas las propiedades est\u00e1n cuidadas en detalle, tienen precios asequibles y son apreciadas por los hu\u00e9spedes, quienes valoran su experiencia con Belvilla con una puntuaci\u00f3n media de 8,4 (en una escala sobre 10). Belvilla es una marca que contin\u00faa renov\u00e1ndose para sorprender a sus hu\u00e9spedes con servicios de alto nivel como el auto check-in digital, la posibilidad de reservar sin dep\u00f3sito y la atenci\u00f3n 24 horas los siete d\u00edas de la semana. Belvilla es el l\u00edder del mercado en Benelux y uno de los principales actores europeos en el alquiler de casas de vacaciones. Desde 2019 forma parte de OYO Trip Properties.<\/p>\n<\/p><\/div>\n\n<p><em> &#8221; Fuentes www.hosteltur.com &#8221; <\/em><\/p>\n","protected":false},"excerpt":{"rendered":"<p>\u25cf A menos de una semana de la celebraci\u00f3n del D\u00eda de todos los Santos, el pr\u00f3ximo 1 de noviembre, las reservas en casas de vacaciones en Espa\u00f1a crecen un 200%. \u25cf Andaluc\u00eda se convierte en el destino preferido de los espa\u00f1oles para disfrutar de estos d\u00edas con estancias de una semana de duraci\u00f3n. \u25cf [&hellip;]<\/p>\n","protected":false},"author":4,"featured_media":77859,"comment_status":"open","ping_status":"closed","sticky":false,"template":"","format":"standard","meta":{"om_disable_all_campaigns":false,"jnews-multi-image_gallery":[],"jnews_single_post":[],"jnews_primary_category":[],"jnews_social_meta":[],"footnotes":""},"categories":[39],"tags":[1140],"class_list":["post-216929","post","type-post","status-publish","format-standard","has-post-thumbnail","hentry","category-viajes","tag-hoteles-y-alojamientos"],"_links":{"self":[{"href":"https:\/\/dimensionturistica.com\/es\/wp-json\/wp\/v2\/posts\/216929","targetHints":{"allow":["GET"]}}],"collection":[{"href":"https:\/\/dimensionturistica.com\/es\/wp-json\/wp\/v2\/posts"}],"about":[{"href":"https:\/\/dimensionturistica.com\/es\/wp-json\/wp\/v2\/types\/post"}],"author":[{"embeddable":true,"href":"https:\/\/dimensionturistica.com\/es\/wp-json\/wp\/v2\/users\/4"}],"replies":[{"embeddable":true,"href":"https:\/\/dimensionturistica.com\/es\/wp-json\/wp\/v2\/comments?post=216929"}],"version-history":[{"count":0,"href":"https:\/\/dimensionturistica.com\/es\/wp-json\/wp\/v2\/posts\/216929\/revisions"}],"wp:featuredmedia":[{"embeddable":true,"href":"https:\/\/dimensionturistica.com\/es\/wp-json\/wp\/v2\/media\/77859"}],"wp:attachment":[{"href":"https:\/\/dimensionturistica.com\/es\/wp-json\/wp\/v2\/media?parent=216929"}],"wp:term":[{"taxonomy":"category","embeddable":true,"href":"https:\/\/dimensionturistica.com\/es\/wp-json\/wp\/v2\/categories?post=216929"},{"taxonomy":"post_tag","embeddable":true,"href":"https:\/\/dimensionturistica.com\/es\/wp-json\/wp\/v2\/tags?post=216929"}],"curies":[{"name":"wp","href":"https:\/\/api.w.org\/{rel}","templated":true}]}}