{"id":216302,"date":"2021-10-29T12:37:51","date_gmt":"2021-10-29T12:37:51","guid":{"rendered":"https:\/\/dimensionturistica.com\/es\/?p=216302"},"modified":"2021-10-29T12:37:51","modified_gmt":"2021-10-29T12:37:51","slug":"los-comite-de-empresa-de-cerealto-siro-foods-rechazan-negociar-en-los-terminos-planteados-por-la-empresa-radio-palencia-actualidad","status":"publish","type":"post","link":"https:\/\/dimensionturistica.com\/es\/los-comite-de-empresa-de-cerealto-siro-foods-rechazan-negociar-en-los-terminos-planteados-por-la-empresa-radio-palencia-actualidad\/","title":{"rendered":"Los comit\u00e9 de empresa de Cerealto Siro Foods rechazan negociar en los t\u00e9rminos planteados por la empresa | Radio Palencia | Actualidad"},"content":{"rendered":"<p> <br \/>\n<\/p>\n<div>\n<div id=\"cuerpo_noticia_r\" class=\"cuerpo\">\n<p>Los comit\u00e9s de empresa de <strong>Cerealtos Siro Meals<\/strong> de las distintas plantas de Espa\u00f1a han acusado a la <strong>direcci\u00f3n de la empresa<\/strong> de pretender acabar con los derechos laborales ganados <strong>en el \u00faltimo cuarto de siglo<\/strong> y han <strong>rechazado sentarse a negociar<\/strong> en los t\u00e9rminos planteados por la empresa.<\/p>\n<p>Seg\u00fan un comunicado de <strong>UGT,<\/strong> la propuesta de la empresa va dirigida a crear un nuevo \u00fanico convenio de afectaci\u00f3n para todas las plantas, \u201cque supone la total erradicaci\u00f3n de todos los derechos, y tomar como marco de referencia los m\u00ednimos legales establecidos en el estatuto de los trabajadores\u201d.<\/p>\n<p>Adem\u00e1s, denuncia que \u201ccomo forma de amedrentar antes de abordar cualquier negociaci\u00f3n, la empresa ha decidido despedir a tres personas de estructura\u201d. En respuesta a esta \u201cinnecesaria y coactiva agresi\u00f3n\u201d, los diferentes comit\u00e9<strong>s se concentrar\u00e1n para expresar su repulsa<\/strong> entre las 13 y las 16 horas los d\u00edas 2 de noviembre en las puertas de la factor\u00eda de pasta y boller\u00edas de Venta de Ba\u00f1os, el 4 de noviembre en las instalaciones de Aguilar de Campoo, el 9 de noviembre en Toro y el 11 de noviembre en la planta de galletas en Venta de Ba\u00f1os.<\/p>\n<\/div>\n<\/div>\n<p><script>\n!function(f,b,e,v,n,t,s)\n{if(f.fbq)return;n=f.fbq=function(){n.callMethod?\nn.callMethod.apply(n,arguments):n.queue.push(arguments)};\nif(!f._fbq)f._fbq=n;n.push=n;n.loaded=!0;n.version='2.0';\nn.queue=[];t=b.createElement(e);t.async=!0;\nt.src=v;s=b.getElementsByTagName(e)[0];\ns.parentNode.insertBefore(t,s)}(window, document,'script',\n'https:\/\/connect.facebook.net\/en_US\/fbevents.js');\nfbq('init', '375503209485935');\nfbq('track', 'PageView');\n<\/script><br \/>\n<br \/><\/p>\n<p><em> \u2018 The preceding article may include information circulated by third parties \u2019 <\/em><\/p>\n<p><em> \u2018 Some details of this article were extracted from the following source cadenaser.com \u2019 <\/em><\/p>\n","protected":false},"excerpt":{"rendered":"<p>Los comit\u00e9s de empresa de Cerealtos Siro Meals de las distintas plantas de Espa\u00f1a han acusado a la direcci\u00f3n de la empresa de pretender acabar con los derechos laborales ganados en el \u00faltimo cuarto de siglo y han rechazado sentarse a negociar en los t\u00e9rminos planteados por la empresa. Seg\u00fan un comunicado de UGT, la [&hellip;]<\/p>\n","protected":false},"author":2,"featured_media":216303,"comment_status":"open","ping_status":"closed","sticky":false,"template":"","format":"standard","meta":{"om_disable_all_campaigns":false,"jnews-multi-image_gallery":[],"jnews_single_post":[],"jnews_primary_category":[],"jnews_social_meta":[],"footnotes":""},"categories":[43],"tags":[],"class_list":["post-216302","post","type-post","status-publish","format-standard","has-post-thumbnail","hentry","category-gourmet"],"_links":{"self":[{"href":"https:\/\/dimensionturistica.com\/es\/wp-json\/wp\/v2\/posts\/216302","targetHints":{"allow":["GET"]}}],"collection":[{"href":"https:\/\/dimensionturistica.com\/es\/wp-json\/wp\/v2\/posts"}],"about":[{"href":"https:\/\/dimensionturistica.com\/es\/wp-json\/wp\/v2\/types\/post"}],"author":[{"embeddable":true,"href":"https:\/\/dimensionturistica.com\/es\/wp-json\/wp\/v2\/users\/2"}],"replies":[{"embeddable":true,"href":"https:\/\/dimensionturistica.com\/es\/wp-json\/wp\/v2\/comments?post=216302"}],"version-history":[{"count":0,"href":"https:\/\/dimensionturistica.com\/es\/wp-json\/wp\/v2\/posts\/216302\/revisions"}],"wp:featuredmedia":[{"embeddable":true,"href":"https:\/\/dimensionturistica.com\/es\/wp-json\/wp\/v2\/media\/216303"}],"wp:attachment":[{"href":"https:\/\/dimensionturistica.com\/es\/wp-json\/wp\/v2\/media?parent=216302"}],"wp:term":[{"taxonomy":"category","embeddable":true,"href":"https:\/\/dimensionturistica.com\/es\/wp-json\/wp\/v2\/categories?post=216302"},{"taxonomy":"post_tag","embeddable":true,"href":"https:\/\/dimensionturistica.com\/es\/wp-json\/wp\/v2\/tags?post=216302"}],"curies":[{"name":"wp","href":"https:\/\/api.w.org\/{rel}","templated":true}]}}