{"id":216049,"date":"2021-10-28T22:33:40","date_gmt":"2021-10-28T22:33:40","guid":{"rendered":"https:\/\/dimensionturistica.com\/es\/?p=216049"},"modified":"2021-10-28T22:33:40","modified_gmt":"2021-10-28T22:33:40","slug":"sospechoso-ebro-foods-continua-elevando-el-beneficio-per","status":"publish","type":"post","link":"https:\/\/dimensionturistica.com\/es\/sospechoso-ebro-foods-continua-elevando-el-beneficio-per\/","title":{"rendered":"Sospechoso. Ebro Foods contin\u00faa elevando el beneficio per&#8230;"},"content":{"rendered":"<p> <br \/>\n<\/p>\n<div>\n<p><strong>Ebro Meals <\/strong>sigue mostrando la misma tendencia que <a target=\"_blank\" data-external=\"0\" data-intl-links-es=\"https:\/\/www.hispanidad.com\/economia\/ebro-foods-eleva-beneficio-pero-reduce-ingresos-por-divisas-falta-compras-masivas-hace-ano_12027817_102.html\" href=\"https:\/\/www.hispanidad.com\/economia\/ebro-foods-eleva-beneficio-pero-reduce-ingresos-por-divisas-falta-compras-masivas-hace-ano_12027817_102.html\" rel=\"follow noopener\" title=\"Ebro Foods eleva beneficio pero reduce ingresos: cuidado\">en el primer semestre<\/a>, algo con lo que debe tener cuidado. Y es que ha continuado elevando el <strong>beneficio neto<\/strong> (+5,8%, a <a target=\"_blank\" data-external=\"1\" href=\"https:\/\/www.ebrofoods.es\/noticias\/el-beneficio-neto-crece-un-58-hasta-e1552-millones\/\" rel=\"nofollow noopener\" title=\"155,2 millones de euros\">155,2 millones de euros<\/a>) en los nueve primeros meses del a\u00f1o, pero no ha logrado que los <strong>ingresos<\/strong> remonten (2.082,8 millones, un 3,5% menos que hace un a\u00f1o cuando hab\u00eda un fuerte acopio por el Covid). Y ojo, tambi\u00e9n se ha quejado de la \u201c<strong>imparable subida de costes<\/strong>\u201d.<\/p>\n<p>El l\u00edder mundial en arroz y segundo fabricante de pasta, que tiene como presidente ejecutivo a <strong>Antonio Hern\u00e1ndez Callejas<\/strong> y como vicepresidente a <strong>Demetrio Carceller<\/strong>, ha advertido sobre el elevado aumento de costes en la log\u00edstica, las materias primas agr\u00edcolas y auxiliares, o la energ\u00eda. Es m\u00e1s, en algunos casos, como el del transporte de los arroces arom\u00e1ticos desde Asia, el coste se ha llegado a multiplicar por diez respecto al de hace un a\u00f1o; pero tambi\u00e9n ha subido el coste de los fletes mar\u00edtimos a EEUU y los altos precios de la materia prima. \u00a0<\/p>\n<blockquote><p>&#13;<\/p>\n<p>El grupo presenta\u00a0un\u00a0Ebitda ajustado\u00a0de 262,5 millones (-1,6%), tras haber afrontado una inflaci\u00f3n de costes de 83 millones: de 52 millones en la divisi\u00f3n de\u00a0arroz\u00a0y de 31 millones en la de\u00a0pasta<\/p>\n<p>&#13;\n<\/p><\/blockquote>\n<p>Ebro Meals ha presentado un <strong>Ebitda ajustado<\/strong> de 262,5 millones (-1,6%), tras haber afrontado una inflaci\u00f3n de costes de 83 millones (52 millones en la divisi\u00f3n de <strong>arroz<\/strong> y 31 millones en la de <strong>pasta<\/strong>). Por su parte, la deuda neta ha descendido en 46,7 millones, hasta 904,1 millones, recogiendo el pago de los dividendos, inversiones Capex, aumento del circulante, el pago de Impuestos de Sociedades y los ingresos de las ventas del negocio de pasta seca en Norteam\u00e9rica.<\/p>\n<p>A pesar de las cifras y de los mayores costes, Hern\u00e1ndez Callejas ha referido \u201cla <strong>satisfacci\u00f3n <\/strong>de haber sido capaces de capear en gran medida el temporal gracias a nuestras fuertes posiciones en materias primas, un consolidado portafolio de productos de valor a\u00f1adido, la diligencia en la toma de decisiones y la confianza de un consumidor que, pese a un entorno econ\u00f3mico poco favorable, sigue mostr\u00e1ndose fiel a nuestras marcas\u201d. Eso s\u00ed, el mercado no ha mostrado la misma satisfacci\u00f3n: si el pasado mi\u00e9rcoles, la <strong>cotizaci\u00f3n <\/strong>de Ebro Meals sub\u00eda un 0,475%, frente a un Ibex que bajaba un 0,33%; este jueves se han cambiado las tornas y mientras Ebro Meals desciende un 0,24%, el selectivo espa\u00f1ol aumenta un 0,36%.\u00a0<\/p>\n<\/p><\/div>\n\n<p><em> \u2018 The preceding article may include information circulated by third parties \u2019 <\/em><\/p>\n<p><em> \u2018 Some details of this article were extracted from the following source www.hispanidad.com \u2019 <\/em><\/p>\n","protected":false},"excerpt":{"rendered":"<p>Ebro Meals sigue mostrando la misma tendencia que en el primer semestre, algo con lo que debe tener cuidado. Y es que ha continuado elevando el beneficio neto (+5,8%, a 155,2 millones de euros) en los nueve primeros meses del a\u00f1o, pero no ha logrado que los ingresos remonten (2.082,8 millones, un 3,5% menos que [&hellip;]<\/p>\n","protected":false},"author":2,"featured_media":0,"comment_status":"open","ping_status":"closed","sticky":false,"template":"","format":"standard","meta":{"om_disable_all_campaigns":false,"jnews-multi-image_gallery":[],"jnews_single_post":[],"jnews_primary_category":[],"jnews_social_meta":[],"footnotes":""},"categories":[43],"tags":[],"class_list":["post-216049","post","type-post","status-publish","format-standard","hentry","category-gourmet"],"_links":{"self":[{"href":"https:\/\/dimensionturistica.com\/es\/wp-json\/wp\/v2\/posts\/216049","targetHints":{"allow":["GET"]}}],"collection":[{"href":"https:\/\/dimensionturistica.com\/es\/wp-json\/wp\/v2\/posts"}],"about":[{"href":"https:\/\/dimensionturistica.com\/es\/wp-json\/wp\/v2\/types\/post"}],"author":[{"embeddable":true,"href":"https:\/\/dimensionturistica.com\/es\/wp-json\/wp\/v2\/users\/2"}],"replies":[{"embeddable":true,"href":"https:\/\/dimensionturistica.com\/es\/wp-json\/wp\/v2\/comments?post=216049"}],"version-history":[{"count":0,"href":"https:\/\/dimensionturistica.com\/es\/wp-json\/wp\/v2\/posts\/216049\/revisions"}],"wp:attachment":[{"href":"https:\/\/dimensionturistica.com\/es\/wp-json\/wp\/v2\/media?parent=216049"}],"wp:term":[{"taxonomy":"category","embeddable":true,"href":"https:\/\/dimensionturistica.com\/es\/wp-json\/wp\/v2\/categories?post=216049"},{"taxonomy":"post_tag","embeddable":true,"href":"https:\/\/dimensionturistica.com\/es\/wp-json\/wp\/v2\/tags?post=216049"}],"curies":[{"name":"wp","href":"https:\/\/api.w.org\/{rel}","templated":true}]}}