{"id":215978,"date":"2021-10-28T21:27:33","date_gmt":"2021-10-28T21:27:33","guid":{"rendered":"https:\/\/dimensionturistica.com\/es\/?p=215978"},"modified":"2021-10-28T21:27:33","modified_gmt":"2021-10-28T21:27:33","slug":"asi-es-la-piramide-de-los-nichos-del-tajin","status":"publish","type":"post","link":"https:\/\/dimensionturistica.com\/es\/asi-es-la-piramide-de-los-nichos-del-tajin\/","title":{"rendered":"As\u00ed es la Pir\u00e1mide de Los Nichos del Taj\u00edn"},"content":{"rendered":"<p><img decoding=\"async\" class=\"size-medium wp-image-215995 alignleft\" src=\"https:\/\/dimensionturistica.com\/es\/wp-content\/uploads\/2021\/10\/Papantla-Tajin02-300x214.jpg\" alt=\"\" width=\"300\" height=\"214\" srcset=\"https:\/\/dimensionturistica.com\/es\/wp-content\/uploads\/2021\/10\/Papantla-Tajin02-300x214.jpg 300w, https:\/\/dimensionturistica.com\/es\/wp-content\/uploads\/2021\/10\/Papantla-Tajin02-1024x731.jpg 1024w, https:\/\/dimensionturistica.com\/es\/wp-content\/uploads\/2021\/10\/Papantla-Tajin02-768x549.jpg 768w, https:\/\/dimensionturistica.com\/es\/wp-content\/uploads\/2021\/10\/Papantla-Tajin02-1536x1097.jpg 1536w, https:\/\/dimensionturistica.com\/es\/wp-content\/uploads\/2021\/10\/Papantla-Tajin02-2048x1463.jpg 2048w, https:\/\/dimensionturistica.com\/es\/wp-content\/uploads\/2021\/10\/Papantla-Tajin02-120x86.jpg 120w, https:\/\/dimensionturistica.com\/es\/wp-content\/uploads\/2021\/10\/Papantla-Tajin02-350x250.jpg 350w, https:\/\/dimensionturistica.com\/es\/wp-content\/uploads\/2021\/10\/Papantla-Tajin02-750x536.jpg 750w, https:\/\/dimensionturistica.com\/es\/wp-content\/uploads\/2021\/10\/Papantla-Tajin02-1140x814.jpg 1140w\" sizes=\"(max-width: 300px) 100vw, 300px\" \/> Ubicada en la Zona Arqueol\u00f3gica El Taj\u00edn, en Papantla, Veracruz, la Pir\u00e1mide de los Nichos es una de las edificaciones prehisp\u00e1nicas m\u00e1s importantes de la regi\u00f3n, misma que es visitada por miles de turistas cada a\u00f1o, principalmente en el equinoccio de primavera, con la intenci\u00f3n de reconectar espiritualmente con el tiempo y la naturaleza.<br \/>\nCompuesta por 365 nichos, esta Pir\u00e1mide dentro de la ciudad sagrada del Taj\u00edn fue construida estrat\u00e9gicamente en relaci\u00f3n con el entorno con una orientaci\u00f3n astron\u00f3mica y solar, evidenciando que se trata de uno de los centros prehisp\u00e1nicos m\u00e1s importantes de la \u00e9poca y la regi\u00f3n, siendo el equivalente a importantes urbes como Teotihuac\u00e1n o Chich\u00e9n Itz\u00e1.<br \/>\nEn la parte superior son siete plataformas escalonadas que van decreciendo progresivamente hasta alcanzar los 18 metros de altura, cada una de estas, unidas por una imponente escalera de aproximadamente 10 metros de ancho. Algunos investigadores indican que cada uno de los 365 nichos representan los d\u00edas del a\u00f1o en el calendario<img decoding=\"async\" class=\"size-medium wp-image-215997 alignright\" src=\"https:\/\/dimensionturistica.com\/es\/wp-content\/uploads\/2021\/10\/Papantla-Tajin01-300x199.png\" alt=\"\" width=\"300\" height=\"199\" srcset=\"https:\/\/dimensionturistica.com\/es\/wp-content\/uploads\/2021\/10\/Papantla-Tajin01-300x199.png 300w, https:\/\/dimensionturistica.com\/es\/wp-content\/uploads\/2021\/10\/Papantla-Tajin01-1024x680.png 1024w, https:\/\/dimensionturistica.com\/es\/wp-content\/uploads\/2021\/10\/Papantla-Tajin01-768x510.png 768w, https:\/\/dimensionturistica.com\/es\/wp-content\/uploads\/2021\/10\/Papantla-Tajin01-750x498.png 750w, https:\/\/dimensionturistica.com\/es\/wp-content\/uploads\/2021\/10\/Papantla-Tajin01.png 1050w\" sizes=\"(max-width: 300px) 100vw, 300px\" \/> totonaca, sin embargo existen otras teor\u00edas que dicen que se trata de nichos funerarios de los personajes m\u00e1s importantes de la ciudad.<br \/>\nA la Pir\u00e1mide de los Nichos tambi\u00e9n se le conoce como El Taj\u00edn, Pir\u00e1mide de Papantla, Pir\u00e1mide de las Historias de los Siete o El Templo de los Nichos. Cabe destacar que alrededor de esta pir\u00e1mide, arque\u00f3logos del INAH han encontrado tres canchas de juego de pelota, adem\u00e1s de una sincronizaci\u00f3n perfecta con la posici\u00f3n del sol al salir. Tambi\u00e9n se han encontrado dos edificaciones y habit\u00e1culos de m\u00e1s de 1000 a\u00f1os de antig\u00fcedad.<br \/>\nEl 14 de diciembre de 1992, la UNESCO declar\u00f3 al Taj\u00edn como Patrimonio Mundial de la Humanidad y desde entonces se han llevado a cabo diversas investigaciones para conocer m\u00e1s sobre esta importante ciudad prehisp\u00e1nica, ubicada en el norte del estado de Veracruz.<br \/>\nSin lugar a dudas, la Pir\u00e1mide de los Nichos en la ciudad sagrada de El Taj\u00edn, es uno de los tesoros culturales m\u00e1s importantes de M\u00e9xico, y por ello es que la Secretar\u00eda de Turismo y Cultura del estado de Veracruz, invita a todos a descubrir la magia y misticismo de una de las culturas vivas m\u00e1s representativas de M\u00e9xico, la cultura Totonaca.<\/p>\n","protected":false},"excerpt":{"rendered":"<p>Ubicada en la Zona Arqueol\u00f3gica El Taj\u00edn, en Papantla, Veracruz, la Pir\u00e1mide de los Nichos es una de las edificaciones prehisp\u00e1nicas m\u00e1s importantes de la regi\u00f3n, misma que es visitada por miles de turistas cada a\u00f1o, principalmente en el equinoccio de primavera, con la intenci\u00f3n de reconectar espiritualmente con el tiempo y la naturaleza. Compuesta [&hellip;]<\/p>\n","protected":false},"author":1,"featured_media":215998,"comment_status":"open","ping_status":"closed","sticky":false,"template":"","format":"standard","meta":{"om_disable_all_campaigns":false,"jnews-multi-image_gallery":[],"jnews_single_post":{"source_name":"","source_url":"","via_name":"","via_url":"","override_template":"0","override":[{"template":"1","single_blog_custom":"","parallax":"1","fullscreen":"1","layout":"right-sidebar","sidebar":"default-sidebar","second_sidebar":"default-sidebar","sticky_sidebar":"1","share_position":"top","share_float_style":"share-monocrhome","show_share_counter":"1","show_view_counter":"1","show_featured":"1","show_post_meta":"1","show_post_author":"1","show_post_author_image":"1","show_post_date":"1","post_date_format":"default","post_date_format_custom":"Y\/m\/d","show_post_category":"1","show_post_reading_time":"0","post_reading_time_wpm":"300","show_zoom_button":"0","zoom_button_out_step":"2","zoom_button_in_step":"3","show_post_tag":"1","show_prev_next_post":"1","show_popup_post":"1","number_popup_post":"1","show_author_box":"0","show_post_related":"0","show_inline_post_related":"0"}],"override_image_size":"0","image_override":[{"single_post_thumbnail_size":"crop-500","single_post_gallery_size":"crop-500"}],"trending_post":"0","trending_post_position":"meta","trending_post_label":"Trending","sponsored_post":"0","sponsored_post_label":"Sponsored by","sponsored_post_name":"","sponsored_post_url":"","sponsored_post_logo_enable":"0","sponsored_post_logo":"","sponsored_post_desc":""},"jnews_primary_category":{"id":""},"jnews_social_meta":{"fb_title":"","fb_description":"","fb_image":"","twitter_title":"","twitter_description":"","twitter_image":""},"footnotes":""},"categories":[39],"tags":[],"class_list":["post-215978","post","type-post","status-publish","format-standard","has-post-thumbnail","hentry","category-viajes"],"_links":{"self":[{"href":"https:\/\/dimensionturistica.com\/es\/wp-json\/wp\/v2\/posts\/215978","targetHints":{"allow":["GET"]}}],"collection":[{"href":"https:\/\/dimensionturistica.com\/es\/wp-json\/wp\/v2\/posts"}],"about":[{"href":"https:\/\/dimensionturistica.com\/es\/wp-json\/wp\/v2\/types\/post"}],"author":[{"embeddable":true,"href":"https:\/\/dimensionturistica.com\/es\/wp-json\/wp\/v2\/users\/1"}],"replies":[{"embeddable":true,"href":"https:\/\/dimensionturistica.com\/es\/wp-json\/wp\/v2\/comments?post=215978"}],"version-history":[{"count":0,"href":"https:\/\/dimensionturistica.com\/es\/wp-json\/wp\/v2\/posts\/215978\/revisions"}],"wp:featuredmedia":[{"embeddable":true,"href":"https:\/\/dimensionturistica.com\/es\/wp-json\/wp\/v2\/media\/215998"}],"wp:attachment":[{"href":"https:\/\/dimensionturistica.com\/es\/wp-json\/wp\/v2\/media?parent=215978"}],"wp:term":[{"taxonomy":"category","embeddable":true,"href":"https:\/\/dimensionturistica.com\/es\/wp-json\/wp\/v2\/categories?post=215978"},{"taxonomy":"post_tag","embeddable":true,"href":"https:\/\/dimensionturistica.com\/es\/wp-json\/wp\/v2\/tags?post=215978"}],"curies":[{"name":"wp","href":"https:\/\/api.w.org\/{rel}","templated":true}]}}