{"id":215386,"date":"2021-10-27T23:54:17","date_gmt":"2021-10-27T23:54:17","guid":{"rendered":"https:\/\/dimensionturistica.com\/es\/?p=215386"},"modified":"2021-10-27T23:54:18","modified_gmt":"2021-10-27T23:54:18","slug":"uno-de-los-mejores-momentos-para-disfrutar-de-alicante-historia-con-sabor-mediterraneo","status":"publish","type":"post","link":"https:\/\/dimensionturistica.com\/es\/uno-de-los-mejores-momentos-para-disfrutar-de-alicante-historia-con-sabor-mediterraneo\/","title":{"rendered":"Uno de los mejores momentos para disfrutar de Alicante, historia con sabor mediterr\u00e1neo"},"content":{"rendered":"<p> <br \/>\n<\/p>\n<div id=\"article-body-content\" data-action=\"toggle\" data-status=\"on\">\n<section class=\"rel-news\" data-mrf-recirculation=\"noticias-relacionadas-noticia\">\n<h4>Noticias relacionadas<\/h4>\n<\/section>\n<p id=\"paragraph_1\">Alicante mira al mar. Sus orillas han visto el desembarco de varios pueblos que han dejado huella en la capital de la provincia. Los griegos la bautizaron<strong> Akra Leuka<\/strong>, los romanos la llamaban <strong>Lucentum<\/strong> y su denominaci\u00f3n precise proviene de su \u00e9poca musulmana. Una ciudad rica en experiencias, cuya historia se ha visto marcada por la mezcla de civilizaciones.<\/p>\n<p id=\"paragraph_2\">Y eso se nota en sus monumentos, en su cultura y en su gastronom\u00eda. La combinaci\u00f3n es un aut\u00e9ntico espect\u00e1culo para el viajero, que tiene asegurado adem\u00e1s el buen tiempo para su visita, ya que Alicante puede presumir de m\u00e1s de <strong>300 d\u00edas de sol y temperaturas c\u00e1lidas de media durante todo el a\u00f1o<\/strong>.\u00a0<\/p>\n<h3 class=\"content__summary-title\">Un monumento de ciudad<\/h3>\n<p id=\"paragraph_3\">Una de las im\u00e1genes m\u00e1s emblem\u00e1ticas de Alicante es el <strong>Castillo de Santa B\u00e1rbara<\/strong>, que desde el monte Benacantil es testigo desde el siglo IX de todo lo que ha sucedido en la ciudad y ofrece unas vistas espectaculares, que no te decepcionar\u00e1n. A sus pies se encuentra el<strong> Barrio de la Santa Cruz<\/strong>, cuyas callejuelas te enamorar\u00e1n con sus coloridas casas adornadas con flores. Que no te asusten sus cuestas, porque aqu\u00ed se esconden miradores con panor\u00e1micas que merecen mucho lo pena.<\/p>\n<div class=\"article-media \" itemscope=\"\" itemtype=\"http:\/\/schema.org\/ImageObject\">\n<p><img decoding=\"async\" alt=\"Vistas desde el Castillo de Santa B\u00e1rbara.\" data-imgm=\"true\" height=\"180\" loading=\"lazy\" sizes=\"auto, (max-width: 479px) 100vw, (max-width: 1023px) 80vw, 40vw\" src=\"https:\/\/s1.eestatic.com\/2021\/10\/18\/actualidad\/620449131_212012206_1024x576.jpg\" srcset=\"https:\/\/s1.eestatic.com\/2021\/10\/18\/actualidad\/620449131_212012209_320x180.jpg 320w, https:\/\/s1.eestatic.com\/2021\/10\/18\/actualidad\/620449131_212012208_640x360.jpg 640w, https:\/\/s1.eestatic.com\/2021\/10\/18\/actualidad\/620449131_212012207_864x486.jpg 864w, https:\/\/s1.eestatic.com\/2021\/10\/18\/actualidad\/620449131_212012206_1024x576.jpg 1024w, https:\/\/s1.eestatic.com\/2021\/10\/18\/actualidad\/620449131_212012205_1706x960.jpg 1706w\" width=\"320\"\/><\/p>\n<div class=\"article-media__caption\">\n<p>\n                    <span class=\"article-media__caption-description\"><br \/>\n                                    Vistas desde el Castillo de Santa B\u00e1rbara.<br \/>\n                            <\/span><\/p>\n<\/div><\/div>\n<p id=\"paragraph_4\">Desde las alturas probablemente capte tu atenci\u00f3n la Explanada de Espa\u00f1a, cuyos <strong>millones de losas de m\u00e1rmol forman ese caracter\u00edstico mosaico ondulado<\/strong> que se asocia inmediatamente a la ciudad. All\u00ed mismo podr\u00e1s ver la elegante Casa Carbonell, un edificio con elementos arquitect\u00f3nicos del modernismo valenciano que desde 1925 preside la zona.<\/p>\n<div class=\"article-media \" itemscope=\"\" itemtype=\"http:\/\/schema.org\/ImageObject\">\n<p><img decoding=\"async\" alt=\"Explanada de Alicante.\" data-imgm=\"true\" height=\"180\" loading=\"lazy\" sizes=\"auto, (max-width: 479px) 100vw, (max-width: 1023px) 80vw, 40vw\" src=\"https:\/\/s1.eestatic.com\/2021\/10\/18\/actualidad\/620449133_212012266_1024x576.jpg\" srcset=\"https:\/\/s1.eestatic.com\/2021\/10\/18\/actualidad\/620449133_212012269_320x180.jpg 320w, https:\/\/s1.eestatic.com\/2021\/10\/18\/actualidad\/620449133_212012268_640x360.jpg 640w, https:\/\/s1.eestatic.com\/2021\/10\/18\/actualidad\/620449133_212012267_864x486.jpg 864w, https:\/\/s1.eestatic.com\/2021\/10\/18\/actualidad\/620449133_212012266_1024x576.jpg 1024w, https:\/\/s1.eestatic.com\/2021\/10\/18\/actualidad\/620449133_212012265_1706x960.jpg 1706w\" width=\"320\"\/><\/p><\/div>\n<h3 class=\"content__summary-title\">Para viajar en el tiempo<\/h3>\n<p id=\"paragraph_5\">En una de las zonas con m\u00e1s esencia de la ciudad, El Barrio, se encuentra la <strong>Concatedral de San Nicol\u00e1s de Bari (patr\u00f3n de Alicante)<\/strong>, construida bajo los restos de una antigua mezquita en torno al s. XVI. En su inside destacan el retablo de las \u00c1nimas, el Cristo de la Buena Muerte y su \u00f3rgano.<\/p>\n<div class=\"article-media \" itemscope=\"\" itemtype=\"http:\/\/schema.org\/ImageObject\">\n<p><img decoding=\"async\" alt=\"Fachada de la Bas\u00edlica de Santa Mar\u00eda, la iglesia m\u00e1s antigua de Alicante.\" data-imgm=\"true\" height=\"180\" loading=\"lazy\" sizes=\"auto, (max-width: 479px) 100vw, (max-width: 1023px) 80vw, 40vw\" src=\"https:\/\/s1.eestatic.com\/2021\/10\/18\/actualidad\/620449135_212012325_1024x576.jpg\" srcset=\"https:\/\/s1.eestatic.com\/2021\/10\/18\/actualidad\/620449135_212012469_320x180.jpg 320w, https:\/\/s1.eestatic.com\/2021\/10\/18\/actualidad\/620449135_212012468_640x360.jpg 640w, https:\/\/s1.eestatic.com\/2021\/10\/18\/actualidad\/620449135_212012467_864x486.jpg 864w, https:\/\/s1.eestatic.com\/2021\/10\/18\/actualidad\/620449135_212012466_1024x576.jpg 1024w, https:\/\/s1.eestatic.com\/2021\/10\/18\/actualidad\/620449135_212012465_1706x960.jpg 1706w\" width=\"320\"\/><\/p>\n<div class=\"article-media__caption\">\n<p>\n                    <span class=\"article-media__caption-description\"><br \/>\n                                    Fachada de la Bas\u00edlica de Santa Mar\u00eda, la iglesia m\u00e1s antigua de Alicante.<br \/>\n                            <\/span><\/p>\n<\/div><\/div>\n<p id=\"paragraph_6\">Si queremos visitar el edificio religioso m\u00e1s antiguo de Alicante, la Bas\u00edlica de Santa Mar\u00eda es una parada obligada, que <strong>knowledge del s. XIV. Enclavada en el casco antiguo<\/strong>, es una joya arquitect\u00f3nica con su fachada barroca y su altar mayor de estilo rococ\u00f3.<\/p>\n<p id=\"paragraph_7\">En el <strong>MARQ (Museo Arqueol\u00f3gico de Alicante) se concentran miles de a\u00f1os de historia<\/strong>, porque all\u00ed podremos encontrar infinidad de piezas relacionadas, en su gran mayor\u00eda, con la historia de la provincia, desde la prehistoria hasta la actualidad, haci\u00e9ndose patente en un solo espacio la multiculturalidad de Alicante.\u00a0<\/p>\n<p id=\"paragraph_8\">A un paseo desde la <strong>playa de la Albufereta, podemos viajar unos 2.500 a\u00f1os en el tiempo, pues ah\u00ed se encuentra el yacimiento arqueol\u00f3gico Lucentum<\/strong>, donde se ubicaba la antigua Alicante en la \u00e9poca romana. Es uno de los yacimientos arqueol\u00f3gicos m\u00e1s importantes de la Comunidad Valenciana, una de sus pocas ciudades romanas conocidas con profundidad, siendo declarado Monumento Hist\u00f3rico-Art\u00edstico en 1961.\u00a0<\/p>\n<p id=\"paragraph_9\">Volviendo a una \u00e9poca m\u00e1s reciente, el <strong>Centro de Interpretaci\u00f3n de los Refugios Antia\u00e9reos<\/strong> sirve de testimonio de lo que mucho que sufri\u00f3 la ciudad durante la Guerra Civil.\u00a0<\/p>\n<p id=\"paragraph_10\">En pleno coraz\u00f3n de la ciudad se encuentra Teatro Principal de Alicante. Inaugurado en 1847, aqu\u00ed destaca tanto su historia como las historias que se representan en su escenario, con una de las programaciones m\u00e1s completas del panorama nacional.<\/p>\n<h3 class=\"content__summary-title\">C\u00f3mete Alicante<\/h3>\n<p id=\"paragraph_11\">Despu\u00e9s de empaparnos de la cultura de la ciudad, ha llegado el momento de sentarnos a la mesa y reponer fuerzas.<\/p>\n<div class=\"article-media \" itemscope=\"\" itemtype=\"http:\/\/schema.org\/ImageObject\">\n<p><img decoding=\"async\" alt=\"Mercado Central de Alicante.\" data-imgm=\"true\" height=\"180\" loading=\"lazy\" sizes=\"auto, (max-width: 479px) 100vw, (max-width: 1023px) 80vw, 40vw\" src=\"https:\/\/s1.eestatic.com\/2021\/10\/18\/actualidad\/620449138_212012481_1024x576.jpg\" srcset=\"https:\/\/s1.eestatic.com\/2021\/10\/18\/actualidad\/620449138_212012484_320x180.jpg 320w, https:\/\/s1.eestatic.com\/2021\/10\/18\/actualidad\/620449138_212012483_640x360.jpg 640w, https:\/\/s1.eestatic.com\/2021\/10\/18\/actualidad\/620449138_212012482_864x486.jpg 864w, https:\/\/s1.eestatic.com\/2021\/10\/18\/actualidad\/620449138_212012481_1024x576.jpg 1024w, https:\/\/s1.eestatic.com\/2021\/10\/18\/actualidad\/620449138_212012480_1706x960.jpg 1706w\" width=\"320\"\/><\/p>\n<div class=\"article-media__caption\">\n<p>\n                    <span class=\"article-media__caption-description\"><br \/>\n                                    Mercado Central de Alicante.<br \/>\n                            <\/span><\/p>\n<\/div><\/div>\n<p id=\"paragraph_12\">Un lugar que une historia y gastronom\u00eda es el Mercado Central de Alicante. Y es que aqu\u00ed tendremos todos los ingredientes para crear y p<strong>robar las delicias de La Terreta<\/strong>, como suele llamarse cari\u00f1osamente a la ciudad. En sus alrededores, adem\u00e1s de en otras plazas y mercados de Alicante puedes encontrar degustaciones de los platos indispensables de la gastronom\u00eda alicantina.<\/p>\n<p id=\"paragraph_13\">La cocina marinera posee algunos guisos de pescado muy tradicionales dentro de la provincia.  Algunos de ellos son el <strong>arroz del senyoret, el caldero de Tabarca, el all i pebre de rape, la borreta, el bollitori, el bacalao meneao, el pescado a la marinera o el esmorzaret alacant\u00ed<\/strong>, a base de salazones, huevo frito y \u00f1ora. Si lo regamos con un buen vino Denominaci\u00f3n de Origen Alicante (cada vez m\u00e1s reconocidos), el triunfo est\u00e1 asegurado.<\/p>\n<div class=\"article-media \" itemscope=\"\" itemtype=\"http:\/\/schema.org\/ImageObject\">\n<p><img decoding=\"async\" alt=\"Arroz del senyoret.\" data-imgm=\"true\" height=\"180\" loading=\"lazy\" sizes=\"auto, (max-width: 479px) 100vw, (max-width: 1023px) 80vw, 40vw\" src=\"https:\/\/s1.eestatic.com\/2021\/10\/18\/actualidad\/620449169_212013380_1024x576.jpg\" srcset=\"https:\/\/s1.eestatic.com\/2021\/10\/18\/actualidad\/620449169_212013383_320x180.jpg 320w, https:\/\/s1.eestatic.com\/2021\/10\/18\/actualidad\/620449169_212013382_640x360.jpg 640w, https:\/\/s1.eestatic.com\/2021\/10\/18\/actualidad\/620449169_212013381_864x486.jpg 864w, https:\/\/s1.eestatic.com\/2021\/10\/18\/actualidad\/620449169_212013380_1024x576.jpg 1024w, https:\/\/s1.eestatic.com\/2021\/10\/18\/actualidad\/620449169_212013379_1706x960.jpg 1706w\" width=\"320\"\/><\/p><\/div>\n<h3 class=\"content__summary-title\">Como colof\u00f3n<\/h3>\n<p id=\"paragraph_14\">Si todav\u00eda dispones de tiempo, tenemos <strong>varias propuestas para terminar de disfrutar al m\u00e1ximo<\/strong> de este tour por la gastronom\u00eda y cultura de Alicante, m\u00e1s all\u00e1 del casco urbano de la ciudad.<\/p>\n<div class=\"article-media \" itemscope=\"\" itemtype=\"http:\/\/schema.org\/ImageObject\">\n<p><img decoding=\"async\" alt=\"Vista de la Isla de Tabarca.\" data-imgm=\"true\" height=\"180\" loading=\"lazy\" sizes=\"auto, (max-width: 479px) 100vw, (max-width: 1023px) 80vw, 40vw\" src=\"https:\/\/s1.eestatic.com\/2021\/10\/18\/actualidad\/620449186_212013873_1024x576.jpg\" srcset=\"https:\/\/s1.eestatic.com\/2021\/10\/18\/actualidad\/620449186_212013876_320x180.jpg 320w, https:\/\/s1.eestatic.com\/2021\/10\/18\/actualidad\/620449186_212013875_640x360.jpg 640w, https:\/\/s1.eestatic.com\/2021\/10\/18\/actualidad\/620449186_212013874_864x486.jpg 864w, https:\/\/s1.eestatic.com\/2021\/10\/18\/actualidad\/620449186_212013873_1024x576.jpg 1024w, https:\/\/s1.eestatic.com\/2021\/10\/18\/actualidad\/620449186_212013872_1706x960.jpg 1706w\" width=\"320\"\/><\/p>\n<div class=\"article-media__caption\">\n<p>\n                    <span class=\"article-media__caption-description\"><br \/>\n                                    Vista de la Isla de Tabarca.<br \/>\n                            <\/span><\/p>\n<\/div><\/div>\n<p id=\"paragraph_15\">En Tabarca todav\u00eda se respiran las<strong> historias de piratas, cuevas y tesoros marinos.<\/strong> Porque esta isla (la \u00fanica habitada actualmente en la Comunidad Valenciana) fue ocupada por los piratas berberiscos durante siglos. En el s. XVIII, Carlos III orden\u00f3 fortificar y levantar en ella un pueblo en el que alojar a varias familias de pescadores de G\u00e9nova que estaban cautivos en la ciudad tunecina de Tabarka.<\/p>\n<p id=\"paragraph_16\">Las murallas que rodean su n\u00facleo urbano han sido declaradas Conjunto Hist\u00f3rico Art\u00edstico y Bien de Inter\u00e9s Cultural. Tambi\u00e9n es un aut\u00e9ntico arte su gastronom\u00eda, como demuestra su caldero de arroz y pescado.<\/p>\n<p id=\"paragraph_17\">Y, por \u00faltimo, queremos remarcar uno de los lugares con m\u00e1s devotos de la ciudad. Se trata del <strong>monasterio de Santa Faz, de estilo barroco. Aqu\u00ed llegan en peregrinaci\u00f3n miles de alicantinos en la Romer\u00eda de la Santa Faz,<\/strong> en la segunda romer\u00eda m\u00e1s importante de Espa\u00f1a. El monasterio alberga una reliquia tra\u00edda del Vaticano en el siglo XV que, seg\u00fan la tradici\u00f3n, fue el lienzo con el que la Ver\u00f3nica sec\u00f3 el rostro de Jes\u00fas camino del Calvario.<\/p>\n<p><include onerror=\"continue\" src=\"https:\/\/www.elespanol.com\/eemodules\/ESPTagListContentsHTMLMO\/mo.html?p=W10&amp;h=0b72\"\/><\/p>\n<h3 class=\"follow-topics-title\"><span class=\"follow-topics-title__icon\"\/>Sigue los temas que te interesan<\/h3>\n<\/p><\/div>\n\n<p><em> &#8221; Fuentes www.elespanol.com &#8221; <\/em><\/p>\n","protected":false},"excerpt":{"rendered":"<p>Noticias relacionadas Alicante mira al mar. Sus orillas han visto el desembarco de varios pueblos que han dejado huella en la capital de la provincia. Los griegos la bautizaron Akra Leuka, los romanos la llamaban Lucentum y su denominaci\u00f3n precise proviene de su \u00e9poca musulmana. Una ciudad rica en experiencias, cuya historia se ha visto [&hellip;]<\/p>\n","protected":false},"author":4,"featured_media":215387,"comment_status":"open","ping_status":"closed","sticky":false,"template":"","format":"standard","meta":{"om_disable_all_campaigns":false,"jnews-multi-image_gallery":[],"jnews_single_post":[],"jnews_primary_category":[],"jnews_social_meta":[],"footnotes":""},"categories":[39],"tags":[23332,19663,3005,544],"class_list":["post-215386","post","type-post","status-publish","format-standard","has-post-thumbnail","hentry","category-viajes","tag-alicante-ciudad","tag-alicante-provincia","tag-comunidad-valenciana","tag-turismo"],"_links":{"self":[{"href":"https:\/\/dimensionturistica.com\/es\/wp-json\/wp\/v2\/posts\/215386","targetHints":{"allow":["GET"]}}],"collection":[{"href":"https:\/\/dimensionturistica.com\/es\/wp-json\/wp\/v2\/posts"}],"about":[{"href":"https:\/\/dimensionturistica.com\/es\/wp-json\/wp\/v2\/types\/post"}],"author":[{"embeddable":true,"href":"https:\/\/dimensionturistica.com\/es\/wp-json\/wp\/v2\/users\/4"}],"replies":[{"embeddable":true,"href":"https:\/\/dimensionturistica.com\/es\/wp-json\/wp\/v2\/comments?post=215386"}],"version-history":[{"count":0,"href":"https:\/\/dimensionturistica.com\/es\/wp-json\/wp\/v2\/posts\/215386\/revisions"}],"wp:featuredmedia":[{"embeddable":true,"href":"https:\/\/dimensionturistica.com\/es\/wp-json\/wp\/v2\/media\/215387"}],"wp:attachment":[{"href":"https:\/\/dimensionturistica.com\/es\/wp-json\/wp\/v2\/media?parent=215386"}],"wp:term":[{"taxonomy":"category","embeddable":true,"href":"https:\/\/dimensionturistica.com\/es\/wp-json\/wp\/v2\/categories?post=215386"},{"taxonomy":"post_tag","embeddable":true,"href":"https:\/\/dimensionturistica.com\/es\/wp-json\/wp\/v2\/tags?post=215386"}],"curies":[{"name":"wp","href":"https:\/\/api.w.org\/{rel}","templated":true}]}}