{"id":215344,"date":"2021-10-27T22:12:47","date_gmt":"2021-10-27T22:12:47","guid":{"rendered":"https:\/\/dimensionturistica.com\/es\/?p=215344"},"modified":"2021-10-27T22:12:47","modified_gmt":"2021-10-27T22:12:47","slug":"miles-de-empleados-de-empacadoras-en-eeuu-contrajeron-covid","status":"publish","type":"post","link":"https:\/\/dimensionturistica.com\/es\/miles-de-empleados-de-empacadoras-en-eeuu-contrajeron-covid\/","title":{"rendered":"Miles de empleados de empacadoras en EEUU contrajeron COVID"},"content":{"rendered":"<p> <br \/>\n<\/p>\n<div data-subscriber-content=\"\"><span class=\"dateline\">OMAHA, Nebraska, EE.UU.\u00a0\u2014\u00a0<\/span><\/p>\n<p>Por lo menos 59.000 empleados de empacadoras de carne en Estados Unidos tuvieron COVID-19 y 269 fallecieron cuando estall\u00f3 la pandemia el a\u00f1o pasado, indica un reporte del Congreso difundido el mi\u00e9rcoles.<\/p>\n<p>La industria de empacadoras de carne fue una de las m\u00e1s afectadas por el virus el a\u00f1o pasado, siendo lugares donde los empleados trabajan hombro a hombro en cadenas de producci\u00f3n. Una comisi\u00f3n de la C\u00e1mara de Representantes encargada de investigar la pandemia se vali\u00f3 de documentos internos de cinco grandes empresas empacadoras, y lleg\u00f3 a la conclusi\u00f3n de que las compa\u00f1\u00edas debieron hacer m\u00e1s para proteger a su private.<\/p>\n<p>La cifra divulgada el mi\u00e9rcoles es casi tres veces el c\u00e1lculo de 22.400 que inicialmente emiti\u00f3 el sindicato del sector, United Meals and Business Staff Union. Y la cifra actual bien podr\u00eda ser aun m\u00e1s alta, ya que las compa\u00f1\u00edas no contaron los casos confirmados en laboratorios ajenos o autoreportados por los empleados.<\/p>\n<p>La producci\u00f3n de las empacadoras cay\u00f3 60% al inicio de la pandemia, cuando muchas plantas tuvieron que cerrar para implementar medidas sanitarias, o tuvieron que funcionar a media marcha debido a la escasez de private. Seg\u00fan el reporte, las compa\u00f1\u00edas fueron muy lentas a la hora de tomar medidas de precauci\u00f3n como tomarle la temperatura a los empleados, darles equipo protector o instalar paneles entre puestos de trabajo.<\/p>\n<p>\u201cEn vez de enfrentar la clara evidencia de que los trabajadores se estaban enfermando de coronavirus a una tasa alarmante, las empacadoras de carne le dieron prioridad a sus ganancias por encima de la seguridad de su personal, y siguieron tolerando concentraciones de personas que facilitaron el contagio\u201d, cube el reporte.<\/p>\n<p>La asociaci\u00f3n del sector, North American Meat Institute, defendi\u00f3 la respuesta que las compa\u00f1\u00edas le dieron a la pandemia.<\/p>\n<p>\u201cLos empleados de las plantas empacadoras de carne estuvieron entre los primeros impactados por la pandemia, pero los datos p\u00fablicamente disponibles confirman que las medidas globales implementadas en el sector, como prevenci\u00f3n de contagios y campa\u00f1as de vacunaci\u00f3n, lograron proteger a nuestro personal tan dedicado y diverso, que sigui\u00f3 garantizando la alimentaci\u00f3n del pueblo estadounidense e impulsando nuestra econom\u00eda\u201d, declar\u00f3 Julie Anna Potts, presidenta de la asociaci\u00f3n.<\/p>\n<p>El reporte del Congreso se basa en documentos de JBS, Tyson Meals, Smithfield Meals, Cargill y Nationwide Beef. En su conjunto, esas compa\u00f1\u00edas comprenden el 80% del mercado de carne de res y el 60% del mercado de carne de puerco a nivel nacional.<\/p>\n<\/div>\n<p><script>\n  window.fbAsyncInit = function() {\n      FB.init({\n          appId: '125832154430708',\n          xfbml: true,\n          version: 'v12.0'\n      });\n  };\n  if (document.getElementById('facebook-jssdk') === null) {\n      const js = document.createElement('script');\n      js.id = 'facebook-jssdk';\n      js.src=\"https:\/\/connect.facebook.net\/en_US\/sdk.js\";\n      js.async = true;\n      js.setAttribute('crossorigin', 'anonymous')\n      window.setTimeout(function () {\n          document.head.appendChild(js);\n      }, 1500);\n  }\n<\/script><br \/>\n<br \/><\/p>\n<p><em> \u2018 The preceding article may include information circulated by third parties \u2019 <\/em><\/p>\n<p><em> \u2018 Some details of this article were extracted from the following source www.sandiegouniontribune.com \u2019 <\/em><\/p>\n","protected":false},"excerpt":{"rendered":"<p>OMAHA, Nebraska, EE.UU.\u00a0\u2014\u00a0 Por lo menos 59.000 empleados de empacadoras de carne en Estados Unidos tuvieron COVID-19 y 269 fallecieron cuando estall\u00f3 la pandemia el a\u00f1o pasado, indica un reporte del Congreso difundido el mi\u00e9rcoles. La industria de empacadoras de carne fue una de las m\u00e1s afectadas por el virus el a\u00f1o pasado, siendo lugares [&hellip;]<\/p>\n","protected":false},"author":2,"featured_media":215345,"comment_status":"open","ping_status":"closed","sticky":false,"template":"","format":"standard","meta":{"om_disable_all_campaigns":false,"jnews-multi-image_gallery":[],"jnews_single_post":[],"jnews_primary_category":[],"jnews_social_meta":[],"footnotes":""},"categories":[43],"tags":[],"class_list":["post-215344","post","type-post","status-publish","format-standard","has-post-thumbnail","hentry","category-gourmet"],"_links":{"self":[{"href":"https:\/\/dimensionturistica.com\/es\/wp-json\/wp\/v2\/posts\/215344","targetHints":{"allow":["GET"]}}],"collection":[{"href":"https:\/\/dimensionturistica.com\/es\/wp-json\/wp\/v2\/posts"}],"about":[{"href":"https:\/\/dimensionturistica.com\/es\/wp-json\/wp\/v2\/types\/post"}],"author":[{"embeddable":true,"href":"https:\/\/dimensionturistica.com\/es\/wp-json\/wp\/v2\/users\/2"}],"replies":[{"embeddable":true,"href":"https:\/\/dimensionturistica.com\/es\/wp-json\/wp\/v2\/comments?post=215344"}],"version-history":[{"count":0,"href":"https:\/\/dimensionturistica.com\/es\/wp-json\/wp\/v2\/posts\/215344\/revisions"}],"wp:featuredmedia":[{"embeddable":true,"href":"https:\/\/dimensionturistica.com\/es\/wp-json\/wp\/v2\/media\/215345"}],"wp:attachment":[{"href":"https:\/\/dimensionturistica.com\/es\/wp-json\/wp\/v2\/media?parent=215344"}],"wp:term":[{"taxonomy":"category","embeddable":true,"href":"https:\/\/dimensionturistica.com\/es\/wp-json\/wp\/v2\/categories?post=215344"},{"taxonomy":"post_tag","embeddable":true,"href":"https:\/\/dimensionturistica.com\/es\/wp-json\/wp\/v2\/tags?post=215344"}],"curies":[{"name":"wp","href":"https:\/\/api.w.org\/{rel}","templated":true}]}}