{"id":214640,"date":"2021-10-26T19:34:14","date_gmt":"2021-10-26T19:34:14","guid":{"rendered":"https:\/\/dimensionturistica.com\/es\/?p=214640"},"modified":"2021-10-26T19:34:14","modified_gmt":"2021-10-26T19:34:14","slug":"ricardo-palazuelos-nuevo-director-de-relaciones-institucionales-y-convenios-de-cdv","status":"publish","type":"post","link":"https:\/\/dimensionturistica.com\/es\/ricardo-palazuelos-nuevo-director-de-relaciones-institucionales-y-convenios-de-cdv\/","title":{"rendered":"Ricardo Palazuelos, nuevo director de Relaciones Institucionales y Convenios de CDV"},"content":{"rendered":"<p> <br \/>\n<\/p>\n<div>\n<p>Esta nueva incorporaci\u00f3n al equipo Liderado por JuanFran Trasmonte se suma al esfuerzo de la compa\u00f1\u00eda por consolidar un equipo directivo que mezcla experiencia, juventud, talento y pasi\u00f3n. <\/p>\n<p>CDV, divisi\u00f3n del Grupo LWT, ha anunciado el nombramiento de Ricardo Palazuelos, como director de Relaciones Institucionales y Convenios. <\/p>\n<p>Entre los objetivos de Palazuelos en su nuevo puesto est\u00e1 el de tener presencia activa en los Foros representativos del sector, ayudar a desarrollar y consolidar el reconocimiento de la Marca, desde la cercan\u00eda y poniendo en valor el issue humano as\u00ed como analizar oportunidades de colaboraci\u00f3n y dinamizar y potenciar acuerdos y convenios de colaboraci\u00f3n de CDV con Instituciones y Empresas a nivel Nacional e Internacional.<\/p>\n<p>Solo unos meses despu\u00e9s de su salida de Iberia, este veterano y experimentado profesional, que ha desarrollado una larga y exitosa carrera profesional en Aviaco e Iberia siendo durante a\u00f1os Gerente Nacional para Agencias y TTOO y Delegado Comercial para el Sur de Espa\u00f1a, vuelve con ilusiones renovadas y mayor perspectiva, para aportar ilusi\u00f3n, dedicaci\u00f3n y conocimiento a un proyecto joven, en pleno crecimiento y lleno de pasi\u00f3n y talento dentro de un equipo humano, mezcla de juventud y experiencia, para consolidar un equipo directivo y un grupo de empresas que aspira al liderazgo en ofrecer tecnolog\u00eda producto y servicio para clientes, Agencias de Viaje y Empresas.<\/p>\n<div class=\"wysiwyg-photo\">\n<div class=\"wysiwyg-photo\"><img decoding=\"async\" src=\"https:\/\/static.hosteltur.com\/app\/public\/uploads\/img\/releases\/2021\/10\/26\/L_212658_ricardo-palazuelos-cdv.jpg\" alt=\"Imagen nota de prensa Hosteltur\" width=\"900\" height=\"600\"\/><\/div>\n<p>  <img decoding=\"async\" src=\"https:\/\/static.hosteltur.com\/app\/public\/uploads\/img\/releases\/2021\/10\/26\/L_212642_logo-cdv.jpg\" alt=\"Imagen nota de prensa Hosteltur\" width=\"345\" height=\"138\"\/><\/div><\/div>\n\n<p><em> &#8221; Fuentes www.hosteltur.com &#8221; <\/em><\/p>\n","protected":false},"excerpt":{"rendered":"<p>Esta nueva incorporaci\u00f3n al equipo Liderado por JuanFran Trasmonte se suma al esfuerzo de la compa\u00f1\u00eda por consolidar un equipo directivo que mezcla experiencia, juventud, talento y pasi\u00f3n. CDV, divisi\u00f3n del Grupo LWT, ha anunciado el nombramiento de Ricardo Palazuelos, como director de Relaciones Institucionales y Convenios. Entre los objetivos de Palazuelos en su nuevo [&hellip;]<\/p>\n","protected":false},"author":4,"featured_media":214641,"comment_status":"open","ping_status":"closed","sticky":false,"template":"","format":"standard","meta":{"om_disable_all_campaigns":false,"jnews-multi-image_gallery":[],"jnews_single_post":[],"jnews_primary_category":[],"jnews_social_meta":[],"footnotes":""},"categories":[40],"tags":[572],"class_list":["post-214640","post","type-post","status-publish","format-standard","has-post-thumbnail","hentry","category-industria","tag-distribucion"],"_links":{"self":[{"href":"https:\/\/dimensionturistica.com\/es\/wp-json\/wp\/v2\/posts\/214640","targetHints":{"allow":["GET"]}}],"collection":[{"href":"https:\/\/dimensionturistica.com\/es\/wp-json\/wp\/v2\/posts"}],"about":[{"href":"https:\/\/dimensionturistica.com\/es\/wp-json\/wp\/v2\/types\/post"}],"author":[{"embeddable":true,"href":"https:\/\/dimensionturistica.com\/es\/wp-json\/wp\/v2\/users\/4"}],"replies":[{"embeddable":true,"href":"https:\/\/dimensionturistica.com\/es\/wp-json\/wp\/v2\/comments?post=214640"}],"version-history":[{"count":0,"href":"https:\/\/dimensionturistica.com\/es\/wp-json\/wp\/v2\/posts\/214640\/revisions"}],"wp:featuredmedia":[{"embeddable":true,"href":"https:\/\/dimensionturistica.com\/es\/wp-json\/wp\/v2\/media\/214641"}],"wp:attachment":[{"href":"https:\/\/dimensionturistica.com\/es\/wp-json\/wp\/v2\/media?parent=214640"}],"wp:term":[{"taxonomy":"category","embeddable":true,"href":"https:\/\/dimensionturistica.com\/es\/wp-json\/wp\/v2\/categories?post=214640"},{"taxonomy":"post_tag","embeddable":true,"href":"https:\/\/dimensionturistica.com\/es\/wp-json\/wp\/v2\/tags?post=214640"}],"curies":[{"name":"wp","href":"https:\/\/api.w.org\/{rel}","templated":true}]}}