{"id":214623,"date":"2021-10-26T19:07:41","date_gmt":"2021-10-26T19:07:41","guid":{"rendered":"https:\/\/dimensionturistica.com\/es\/?p=214623"},"modified":"2021-10-26T19:07:41","modified_gmt":"2021-10-26T19:07:41","slug":"athena-foods-es-el-grupo-mas-importante-en-capacidad-y-tamano-nacionales","status":"publish","type":"post","link":"https:\/\/dimensionturistica.com\/es\/athena-foods-es-el-grupo-mas-importante-en-capacidad-y-tamano-nacionales\/","title":{"rendered":"\u201cAthena Foods es el grupo m\u00e1s importante en capacidad y tama\u00f1o\u201d &#8211; Nacionales"},"content":{"rendered":"<p> <br \/>\n<\/p>\n<div>\n<div class=\"article-intro\">\n<p>El presidente del Servicio Nacional de Calidad y Salud Animal (Senacsa), Jos\u00e9 Carlos Martins, se\u00f1al\u00f3 que la subsidiaria Athena Meals, cuyo frigor\u00edfico se incendi\u00f3 en la ma\u00f1ana de este martes, pertenece al grupo m\u00e1s importante del pa\u00eds en el rubro c\u00e1rnico, en capacidad y tama\u00f1o. Adem\u00e1s, detall\u00f3 que de toda la torta empresarial que apuesta por este negocio, este frigor\u00edfico tiene el 43%  en la ciudad de Asunci\u00f3n. De toda la torta que representa a las empresas dedicadas al rubro frigor\u00edfico, Athena Meals como tal tiene el 43% de toda la repartici\u00f3n.   Adem\u00e1s, en materia de capacidad industrial, tambi\u00e9n va a la cabeza de las dem\u00e1s plantas, y solo en esa zona de Tablada, cuenta con dos plantas.  <\/p>\n<\/div>\n<div class=\"article-heading-bottom clearfix\">\n<div class=\"article-meta\">\n<p>26 de octubre de 2021 &#8211; 15:54<\/p>\n<\/div>\n<\/div>\n<\/div>\n<div id=\"article-content\">\n<article>\n<p>Seg\u00fan el titular del Senacsa, tan solo en lo que va de este a\u00f1o, se faenaron 137.000 cabezas de ganado, y adem\u00e1s, tiene cinco plantas ubicadas en ciudades como San Antonio y en la ciudad de Bel\u00e9n, departamento de Concepci\u00f3n.<\/p>\n<p>Por otro lado, Martins record\u00f3 que fue justamente en Tablada donde se iniciaron las primeras operaciones de los frigor\u00edficos, y fueron creadas las primeras plantas, y entre ellas, Athena Meals. La subsidiaria representa el grupo m\u00e1s importante del pa\u00eds en capacidad y tama\u00f1o, pues fue una de las primeras plantas apostadas en la ciudad de Asunci\u00f3n.<\/p>\n<p>De toda la torta que representa a las empresas dedicadas al rubro frigor\u00edfico, Athena Meals como tal tiene el 43% de la repartici\u00f3n.<\/p>\n<p><b>Lea m\u00e1s: <\/b><a target=\"_blank\" href=\"https:\/\/www.abc.com.py\/nacionales\/2021\/10\/26\/antes-del-incendio-hubo-una-llamada-por-supuesta-fuga-de-amoniaco\/\" rel=\"noopener\"><b>Antes del incendio hubo una llamada por supuesta fuga de amon\u00edaco<\/b><\/a><\/p>\n<h2>Cinco plantas<\/h2>\n<p>Adem\u00e1s, en materia de capacidad industrial, tambi\u00e9n Athena Meals va a la cabeza de las dem\u00e1s plantas, y solo en esa zona de Tablada, cuenta con dos plantas.<\/p>\n<p>Adem\u00e1s de estas dos, la industria tiene tres plantas m\u00e1s en todo el pa\u00eds, sumando as\u00ed un whole de cinco.<\/p>\n<p>De todo el porcentaje mencionado anteriormente, la planta que se incendi\u00f3 representa el 8%, mencion\u00f3 Martins.<\/p>\n<h2>Estaban por ser auditados<\/h2>\n<p>Resalt\u00f3 que justamente antes del siniestro, este sitio estaba por ser visitado por auditores de Colombia, con el fin de pasar por procesos de cara a la exportaci\u00f3n.<\/p>\n<p>En whole, en las dos plantas que se encuentran en Tablada, y que pertenecen a los mismos due\u00f1os de esta industria, hay aproximadamente 1.150 colaboradores que se ven afectados de manera directa en materia laboral, pues estaban trabajando en estos lugares.<\/p>\n<p><b>Lea m\u00e1s: <\/b><a target=\"_blank\" href=\"https:\/\/www.abc.com.py\/nacionales\/2021\/10\/26\/emergencia-mayor-por-incendio-piden-evacuacion-de-un-radio-de-5-cuadras-y-uso-de-tapabocas\/\" rel=\"noopener\"><b>Emergencia mayor por incendio: piden evacuaci\u00f3n de un radio de 5 cuadras y uso de tapabocas<\/b><\/a><\/p>\n<p>No obstante, Martins dijo que es muy possible que tengan trabajo muy pronto, pues al ser una gran empresa de comercio, tienen otras f\u00e1bricas donde pueden dar fuente de trabajo a su private. Seg\u00fan el titular del Senacsa, a nivel pa\u00eds cuentan con aproximadamente 3.500 funcionarios.<\/p>\n<h2>Segunda vez que sufre incendio<\/h2>\n<p>Por otro lado, record\u00f3 que es el segundo siniestro importante que tiene este frigor\u00edfico, en el 2019 tuvo un incendio tambi\u00e9n Frigochorti, en el Chaco, que pertenece tambi\u00e9n a la subsidiaria Athena Meals.<\/p>\n<p>Con respecto a la restauraci\u00f3n edilicia y la recuperaci\u00f3n de las p\u00e9rdidas, Martins estim\u00f3 que se requerir\u00edan entre US$ 20 y US$ 25 millones, y que la reconstrucci\u00f3n podr\u00eda demorar dos a\u00f1os.<\/p>\n<p><b>M\u00e1s information: <\/b><a target=\"_blank\" href=\"https:\/\/www.abc.com.py\/nacionales\/2021\/10\/26\/incendio-en-tablada-bomberos-controlan-llamas-y-siguen-con-tareas-de-enfriamiento\/\" rel=\"noopener\"><b>Incendio en Tablada: bomberos controlan llamas y siguen con tareas de enfriamiento<\/b><\/a><\/p>\n<\/article>\n<\/div>\n\n<p><em> \u2018 The preceding article may include information circulated by third parties \u2019 <\/em><\/p>\n<p><em> \u2018 Some details of this article were extracted from the following source www.abc.com.py \u2019 <\/em><\/p>\n","protected":false},"excerpt":{"rendered":"<p>El presidente del Servicio Nacional de Calidad y Salud Animal (Senacsa), Jos\u00e9 Carlos Martins, se\u00f1al\u00f3 que la subsidiaria Athena Meals, cuyo frigor\u00edfico se incendi\u00f3 en la ma\u00f1ana de este martes, pertenece al grupo m\u00e1s importante del pa\u00eds en el rubro c\u00e1rnico, en capacidad y tama\u00f1o. Adem\u00e1s, detall\u00f3 que de toda la torta empresarial que apuesta [&hellip;]<\/p>\n","protected":false},"author":2,"featured_media":214624,"comment_status":"open","ping_status":"closed","sticky":false,"template":"","format":"standard","meta":{"om_disable_all_campaigns":false,"jnews-multi-image_gallery":[],"jnews_single_post":[],"jnews_primary_category":[],"jnews_social_meta":[],"footnotes":""},"categories":[43],"tags":[],"class_list":["post-214623","post","type-post","status-publish","format-standard","has-post-thumbnail","hentry","category-gourmet"],"_links":{"self":[{"href":"https:\/\/dimensionturistica.com\/es\/wp-json\/wp\/v2\/posts\/214623","targetHints":{"allow":["GET"]}}],"collection":[{"href":"https:\/\/dimensionturistica.com\/es\/wp-json\/wp\/v2\/posts"}],"about":[{"href":"https:\/\/dimensionturistica.com\/es\/wp-json\/wp\/v2\/types\/post"}],"author":[{"embeddable":true,"href":"https:\/\/dimensionturistica.com\/es\/wp-json\/wp\/v2\/users\/2"}],"replies":[{"embeddable":true,"href":"https:\/\/dimensionturistica.com\/es\/wp-json\/wp\/v2\/comments?post=214623"}],"version-history":[{"count":0,"href":"https:\/\/dimensionturistica.com\/es\/wp-json\/wp\/v2\/posts\/214623\/revisions"}],"wp:featuredmedia":[{"embeddable":true,"href":"https:\/\/dimensionturistica.com\/es\/wp-json\/wp\/v2\/media\/214624"}],"wp:attachment":[{"href":"https:\/\/dimensionturistica.com\/es\/wp-json\/wp\/v2\/media?parent=214623"}],"wp:term":[{"taxonomy":"category","embeddable":true,"href":"https:\/\/dimensionturistica.com\/es\/wp-json\/wp\/v2\/categories?post=214623"},{"taxonomy":"post_tag","embeddable":true,"href":"https:\/\/dimensionturistica.com\/es\/wp-json\/wp\/v2\/tags?post=214623"}],"curies":[{"name":"wp","href":"https:\/\/api.w.org\/{rel}","templated":true}]}}