{"id":214611,"date":"2021-10-26T18:51:26","date_gmt":"2021-10-26T18:51:26","guid":{"rendered":"https:\/\/dimensionturistica.com\/es\/?p=214611"},"modified":"2021-10-26T18:51:26","modified_gmt":"2021-10-26T18:51:26","slug":"tyson-foods-mandato-llevo-a-96-de-empleados-a-vacunarse","status":"publish","type":"post","link":"https:\/\/dimensionturistica.com\/es\/tyson-foods-mandato-llevo-a-96-de-empleados-a-vacunarse\/","title":{"rendered":"Tyson Foods: Mandato llev\u00f3 a 96% de empleados a vacunarse"},"content":{"rendered":"<p> <br \/>\n<\/p>\n<div data-subscriber-content=\"\"><span class=\"dateline\">OMAHA, Nebraska, EE.UU.\u00a0\u2014\u00a0<\/span><\/p>\n<p>M\u00e1s del 96% de los empleados de la empacadora de carne Tyson Meals se han vacunado contra el COVID-19 desde que la empresa impuso la obligaci\u00f3n de inocularse.<\/p>\n<p>La empresa, con sede en Springdale, Arkansas, indic\u00f3 que la cantidad de sus 120.000 empleados que han sido vacunados pr\u00e1cticamente se duplic\u00f3 desde que anunci\u00f3 el mandato el 3 de agosto, cuando s\u00f3lo 50% de sus trabajadores hab\u00edan sido inoculados. Enfatiz\u00f3 que logr\u00f3 la meta incluso antes del plazo que se hab\u00eda fijado para hacerlo, el 1 de noviembre.<\/p>\n<p>\u201cEs un resultado incre\u00edble, no s\u00f3lo para nuestra empresa, sino para nuestras familias y nuestras comunidades en el pa\u00eds\u201d, declar\u00f3 el martes el presidente y director ejecutivo de Tyson Donnie King en un comunicado a sus empleados. <\/p>\n<p>Tyson, que ha estado lidiando con escasez de mano de obra, avis\u00f3 que despedir\u00eda a aquellos que no se vacunen antes de la fecha l\u00edmite, pero que los volver\u00e1 a recibir si se vacunan despu\u00e9s.<\/p>\n<p>\u201cTambi\u00e9n me gustar\u00eda decir a quienes siguen sin vacunarse que es su decisi\u00f3n y respetamos esa decisi\u00f3n\u201d, expres\u00f3 King. \u201cSi cambian de opini\u00f3n y quieren reincorporarse a Tyson, h\u00e1ganoslo saber. Nuestras puertas est\u00e1n abiertas\u201d.<\/p>\n<p>El vocero Gary Micklson dijo que, hasta el momento, muy pocos empleados han dejado la empresa debido al mandato.<\/p>\n<p>La industria se vio muy afectada por la pandemia en la primavera de 2020 cuando el virus oblig\u00f3 al cierre temporal de muchas plantas empacadoras de carne por la gran cantidad de empleados que se enfermaron o tuvieron que ponerse en cuarentena. El sindicato United Meals and Business Employees dijo que al menos 132 de sus miembros murieron del virus durante los brotes, y otros 22.400 se infectaron o fueron expuestos.<\/p>\n<\/div>\n<p><script>\n  window.fbAsyncInit = function() {\n      FB.init({\n          appId: '125832154430708',\n          xfbml: true,\n          version: 'v12.0'\n      });\n  };\n  if (document.getElementById('facebook-jssdk') === null) {\n      const js = document.createElement('script');\n      js.id = 'facebook-jssdk';\n      js.src=\"https:\/\/connect.facebook.net\/en_US\/sdk.js\";\n      js.async = true;\n      js.setAttribute('crossorigin', 'anonymous')\n      window.setTimeout(function () {\n          document.head.appendChild(js);\n      }, 1500);\n  }\n<\/script><br \/>\n<br \/><\/p>\n<p><em> \u2018 The preceding article may include information circulated by third parties \u2019 <\/em><\/p>\n<p><em> \u2018 Some details of this article were extracted from the following source www.sandiegouniontribune.com \u2019 <\/em><\/p>\n","protected":false},"excerpt":{"rendered":"<p>OMAHA, Nebraska, EE.UU.\u00a0\u2014\u00a0 M\u00e1s del 96% de los empleados de la empacadora de carne Tyson Meals se han vacunado contra el COVID-19 desde que la empresa impuso la obligaci\u00f3n de inocularse. La empresa, con sede en Springdale, Arkansas, indic\u00f3 que la cantidad de sus 120.000 empleados que han sido vacunados pr\u00e1cticamente se duplic\u00f3 desde que [&hellip;]<\/p>\n","protected":false},"author":2,"featured_media":214612,"comment_status":"open","ping_status":"closed","sticky":false,"template":"","format":"standard","meta":{"om_disable_all_campaigns":false,"jnews-multi-image_gallery":[],"jnews_single_post":[],"jnews_primary_category":[],"jnews_social_meta":[],"footnotes":""},"categories":[43],"tags":[],"class_list":["post-214611","post","type-post","status-publish","format-standard","has-post-thumbnail","hentry","category-gourmet"],"_links":{"self":[{"href":"https:\/\/dimensionturistica.com\/es\/wp-json\/wp\/v2\/posts\/214611","targetHints":{"allow":["GET"]}}],"collection":[{"href":"https:\/\/dimensionturistica.com\/es\/wp-json\/wp\/v2\/posts"}],"about":[{"href":"https:\/\/dimensionturistica.com\/es\/wp-json\/wp\/v2\/types\/post"}],"author":[{"embeddable":true,"href":"https:\/\/dimensionturistica.com\/es\/wp-json\/wp\/v2\/users\/2"}],"replies":[{"embeddable":true,"href":"https:\/\/dimensionturistica.com\/es\/wp-json\/wp\/v2\/comments?post=214611"}],"version-history":[{"count":0,"href":"https:\/\/dimensionturistica.com\/es\/wp-json\/wp\/v2\/posts\/214611\/revisions"}],"wp:featuredmedia":[{"embeddable":true,"href":"https:\/\/dimensionturistica.com\/es\/wp-json\/wp\/v2\/media\/214612"}],"wp:attachment":[{"href":"https:\/\/dimensionturistica.com\/es\/wp-json\/wp\/v2\/media?parent=214611"}],"wp:term":[{"taxonomy":"category","embeddable":true,"href":"https:\/\/dimensionturistica.com\/es\/wp-json\/wp\/v2\/categories?post=214611"},{"taxonomy":"post_tag","embeddable":true,"href":"https:\/\/dimensionturistica.com\/es\/wp-json\/wp\/v2\/tags?post=214611"}],"curies":[{"name":"wp","href":"https:\/\/api.w.org\/{rel}","templated":true}]}}