{"id":214320,"date":"2021-10-26T09:27:47","date_gmt":"2021-10-26T09:27:47","guid":{"rendered":"https:\/\/dimensionturistica.com\/es\/?p=214320"},"modified":"2021-10-26T09:27:48","modified_gmt":"2021-10-26T09:27:48","slug":"el-crucero-se-divierte-despues-de-los-confinamientos","status":"publish","type":"post","link":"https:\/\/dimensionturistica.com\/es\/el-crucero-se-divierte-despues-de-los-confinamientos\/","title":{"rendered":"El crucero se divierte despu\u00e9s de los confinamientos"},"content":{"rendered":"<p> <br \/>\n<\/p>\n<div>\n<p class=\"m-pub-dates\"><span class=\"m-pub-dates__date\">Primera modificaci\u00f3n: <time datetime=\"2021-10-26T09:15:05+00:00\" pubdate=\"pubdate\">26\/10\/2021 &#8211; 11:15<\/time><\/span><\/p>\n<\/p><\/div>\n<p>\n                    La pandemia de COVID 19 trastorn\u00f3 la vida de las personas y provoc\u00f3 un serio impacto econ\u00f3mico en el turismo: se suspendieron vuelos, hubo restricciones para entrar en muchos pa\u00edses y naturalmente las compa\u00f1\u00edas especializadas en cruceros tuvieron que dejar sus barcos anclados en los puertos.\u00a0La pandemia m\u00e1s o menos controlada, el sector tur\u00edstico est\u00e1\u00a0respirando nuevamente, sobre todo los cruceros como los de CroisiEurope, cuyos barcos navegan por varias regiones del planeta.\n                <\/p>\n<div>\n<p>Como todo crucero que se respeta, los de CroisiEurope hacen escalas en los lugares m\u00e1s emblem\u00e1ticos por donde navega.\u00a0 En este paseo por el R\u00f3dano y la Saona, el R\u00f3dano Princesa zarpa de un puerto de Lyon, ciudad francesa ubicada en el sureste de Francia.<\/p>\n<p>Lyon es la tercera ciudad m\u00e1s poblada del pa\u00eds y fue la antigua capital de la Galia durante el Imperio Romano. En la Edad media se destac\u00f3 por ser una ciudad comercial para convertirse en el siglo 19 en una plaza financiera muy importante.<\/p>\n<p>Lyon es, adem\u00e1s, una ciudad universitaria que acoge a m\u00e1s de 140.000 estudiantes en sus tres universidades y en las llamadas Grandes \u00c9coles o grandes escuelas, el equivalente de las mejores universidades estadounidenses como Harvard o Yale.\u00a0 Fue tambi\u00e9n muy conocida por su industria textil, en explicit por el monopolio de la seda. Y no olvidemos su gastronom\u00eda, entre sus estrellas figura el chef Paul Bocuse, ya fallecido.<\/p>\n<div class=\"m-em-image\">\n<figure class=\"m-figure m-figure--original\">\n<div class=\"m-figure__img-wrapper\">\n<p><img decoding=\"async\" src=\"data:image\/gif;base64,R0lGODlhAQABAIAAAAAAAP\/\/\/yH5BAEAAAAALAAAAAABAAEAAAIBRAA7\" alt=\"La ruta del R\u00f3dano Princesa.\"   loading=\"lazy\" class=\"m-figure__img lazy\"\/><\/p><\/div><figcaption class=\"m-figure__caption\">\n                <span class=\"a-media-legend\">La ruta del R\u00f3dano Princesa.<\/span>                <span class=\"a-media-legend\">\u00a9  CroisiEurope<\/span>            <\/figcaption><\/figure>\n<\/p><\/div>\n<p>El R\u00f3dano Princesa nos llev\u00f3 a Avi\u00f1\u00f3n, otra ciudad famosa por su Pageant de teatro y su puente, entre otras maravillas. Aurelien Clavero, gu\u00eda tur\u00edstico y conferencista de la regi\u00f3n de Provenza nos mostr\u00f3 las maravillas y nos cont\u00f3 la historia de esta ciudad que paso a ser francesa en el siglo 18, despu\u00e9s de la Revoluci\u00f3n francesa pas\u00f3 de manos del Vaticano a Francia.<\/p>\n<p>Entre otras maravillas se puede visitar el Palacio de los Papas,\u00a0Patrimonio de la Humanidad de la UNESCO y testigo de su pasado como capital de la cristiandad en la Edad Media.<\/p>\n<p>La plaza del Reloj siempre ha sido el coraz\u00f3n de Avignon. El espacio donde estaba el foro romano est\u00e1 ocupado hoy por terrazas de caf\u00e9s y restaurantes instalados a la sombra de grandes pl\u00e1tanos.<\/p>\n<p>En otra de las etapas del crucero los viajeros visitan la Camarga. Quienes vieron la pel\u00edcula Mates, Amigos, de 1971, reconocer\u00e1n el tema de la pel\u00edcula que, cronol\u00f3gicamente fue el cuarto disco grabado en estudio de Elton John.<\/p>\n<p>La trama de esta pel\u00edcula se centra en la relaci\u00f3n entre dos adolescentes de or\u00edgenes opuestos, \u00e9l adinerado y ella hu\u00e9rfana de bajos recursos. Ella queda embarazada y se fugan a la Camarga en donde nace el beb\u00e9, una ni\u00f1a, hasta que la polic\u00eda los encuentra y los separa.<\/p>\n<p>La Camarga es tambi\u00e9n famosa por sus caballos, sus toros y las corridas camargue\u00f1as.<\/p>\n<p>CroisiEurope nos llev\u00f3 a visitar la finca Layelle de Michel Philppe quien nos explic\u00f3 las caracter\u00edsticas del toro camargue\u00f1o:<\/p>\n<p><em>\u201cEs un toro salvaje que vive en el campo, aunque est\u00e1n cercados para que no se escape, claro. Este toro se utiliza para las corridas camargue\u00f1as. En Francia hay tres tipos de tauromaquia, una de ellas es la corrida camargue\u00f1a.&#8221;<\/em><\/p>\n<p><em>&#8220;Yo creo que el toro de lidia espa\u00f1ol y el camargue\u00f1o son primos hermanos y son la raza m\u00e1s antigua del mundo. Si visita las grutas de Lascaux ver\u00e1 que los hombres de la prehistoria los pintaban y son los mismos. Los llamaban los Urock \u201c<\/em><\/p>\n<div class=\"m-em-image\">\n<figure class=\"m-figure m-figure--original\">\n<div class=\"m-figure__img-wrapper\">\n<p><img decoding=\"async\" src=\"data:image\/gif;base64,R0lGODlhAQABAIAAAAAAAP\/\/\/yH5BAEAAAAALAAAAAABAAEAAAIBRAA7\" alt=\"El ganadero Michel Philippe en su finca &quot;Mas Layelle&quot;\"   loading=\"lazy\" class=\"m-figure__img lazy\"\/><\/p><\/div><figcaption class=\"m-figure__caption\">\n                <span class=\"a-media-legend\">El ganadero Michel Philippe en su finca &#8220;Mas Layelle&#8221;<\/span>                <span class=\"a-media-legend\">\u00a9  Silvia Celi RFI<\/span>            <\/figcaption><\/figure>\n<\/p><\/div>\n<p>Los caballos camargue\u00f1os nacen marrones, negros o marr\u00f3n claro, pero cuando crecen se ponen blancos, as\u00ed\u00a0que todos los caballos adultos son de ese coloration.<\/p>\n<div class=\"m-em-image\">\n<figure class=\"m-figure m-figure--original\">\n<div class=\"m-figure__img-wrapper\">\n<p><img decoding=\"async\" src=\"data:image\/gif;base64,R0lGODlhAQABAIAAAAAAAP\/\/\/yH5BAEAAAAALAAAAAABAAEAAAIBRAA7\" alt=\"Potro camargue\u00f1o.\"   loading=\"lazy\" class=\"m-figure__img lazy\"\/><\/p><\/div><figcaption class=\"m-figure__caption\">\n                <span class=\"a-media-legend\">Potro camargue\u00f1o.<\/span>                <span class=\"a-media-legend\">\u00a9  Silvia Celi RFI<\/span>            <\/figcaption><\/figure>\n<\/p><\/div>\n<p>Entre<em>\u00a0<\/em>l<em>a<\/em>s especialidades gastron\u00f3micas de la Camarga figuran el arroz, que producen blanco, marr\u00f3n rojizo y negro.<\/p>\n<p>Durante la navegaci\u00f3n se ven paisajes preciosos, pero durante las visitas\u00a0en autob\u00fas,\u00a0sorprenden otros escenarios naturales, refugios de una biodiversidad protegida.<\/p>\n<div class=\"m-em-image\">\n<figure class=\"m-figure m-figure--original\">\n<div class=\"m-figure__img-wrapper\">\n<p><img decoding=\"async\" src=\"data:image\/gif;base64,R0lGODlhAQABAIAAAAAAAP\/\/\/yH5BAEAAAAALAAAAAABAAEAAAIBRAA7\" alt=\"Estas \u00e1reas est\u00e1n protegidas y en ellas hay una biodiversidad muy importante.\"   loading=\"lazy\" class=\"m-figure__img lazy\"\/><\/p><\/div><figcaption class=\"m-figure__caption\">\n                <span class=\"a-media-legend\">Estas \u00e1reas est\u00e1n protegidas y en ellas hay una biodiversidad muy importante.<\/span>                <span class=\"a-media-legend\">\u00a9  Silvia Celi RFI<\/span>            <\/figcaption><\/figure>\n<\/p><\/div>\n<p>Y es precisamente lo\u00a0que m\u00e1s le gust\u00f3 al pasajero alem\u00e1n Peter:<\/p>\n<p><em>\u201cHace nueve a\u00f1os hice un crucero por el Danubio y tengo muchos amigos franceses, de manera que siempre he sentido un gran inter\u00e9s por Francia. En la televisi\u00f3n vi muchos documentales sobre el Valle del R\u00f3dano entonces le dije a mi esposa que hici\u00e9ramos un viaje por esta regi\u00f3n de Francia\u201d.<\/em><\/p>\n<p><em>\u201cLo que m\u00e1s me ha gustado en este crucero son\u00a0los paisajes y luego las ciudades que hemos visitado con toda la cultura francesa que tanto gusta a los alemanes\u201d<\/em><\/p>\n<p>Durante la navegaci\u00f3n, uno de los placeres es tomar sol en el puente superior y hasta hacer una siesta.<\/p>\n<div class=\"m-em-image\">\n<figure class=\"m-figure m-figure--original\">\n<div class=\"m-figure__img-wrapper\">\n<p><img decoding=\"async\" src=\"data:image\/gif;base64,R0lGODlhAQABAIAAAAAAAP\/\/\/yH5BAEAAAAALAAAAAABAAEAAAIBRAA7\" alt=\"Pasajeros alemanes tomando sol en el puente superior.\"   loading=\"lazy\" class=\"m-figure__img lazy\"\/><\/p><\/div><figcaption class=\"m-figure__caption\">\n                <span class=\"a-media-legend\">Pasajeros alemanes tomando sol en el puente superior.<\/span>                <span class=\"a-media-legend\">\u00a9  Silvia Celi RFI<\/span>            <\/figcaption><\/figure>\n<\/p><\/div>\n<p>Y preferiblemente disfrutantdo de alguno\u00a0de los variados cocteles que preparan el barman del barco&#8230;o una copita de vino del Valle del R\u00f3dano. Esos vinos son muy famosos.<\/p>\n<div class=\"m-em-image\">\n<figure class=\"m-figure m-figure--original\">\n<div class=\"m-figure__img-wrapper\">\n<p><img decoding=\"async\" src=\"data:image\/gif;base64,R0lGODlhAQABAIAAAAAAAP\/\/\/yH5BAEAAAAALAAAAAABAAEAAAIBRAA7\" alt=\"C\u00f3ctel de mango con ron.\"   loading=\"lazy\" class=\"m-figure__img lazy\"\/><\/p><\/div><figcaption class=\"m-figure__caption\">\n                <span class=\"a-media-legend\">C\u00f3ctel de mango con ron.<\/span>                <span class=\"a-media-legend\">\u00a9  Silvia Celi RFI<\/span>            <\/figcaption><\/figure>\n<\/p><\/div><\/div>\n\n<p><em> &#8221; Fuentes www.rfi.fr &#8221; <\/em><\/p>\n","protected":false},"excerpt":{"rendered":"<p>Primera modificaci\u00f3n: 26\/10\/2021 &#8211; 11:15 La pandemia de COVID 19 trastorn\u00f3 la vida de las personas y provoc\u00f3 un serio impacto econ\u00f3mico en el turismo: se suspendieron vuelos, hubo restricciones para entrar en muchos pa\u00edses y naturalmente las compa\u00f1\u00edas especializadas en cruceros tuvieron que dejar sus barcos anclados en los puertos.\u00a0La pandemia m\u00e1s o menos [&hellip;]<\/p>\n","protected":false},"author":4,"featured_media":214321,"comment_status":"open","ping_status":"closed","sticky":false,"template":"","format":"standard","meta":{"om_disable_all_campaigns":false,"jnews-multi-image_gallery":[],"jnews_single_post":[],"jnews_primary_category":[],"jnews_social_meta":[],"footnotes":""},"categories":[41],"tags":[510,1653,3918,544,34396],"class_list":["post-214320","post","type-post","status-publish","format-standard","has-post-thumbnail","hentry","category-cruceros","tag-covid-19","tag-europa","tag-francia","tag-turismo","tag-vida-en-el-planeta"],"_links":{"self":[{"href":"https:\/\/dimensionturistica.com\/es\/wp-json\/wp\/v2\/posts\/214320","targetHints":{"allow":["GET"]}}],"collection":[{"href":"https:\/\/dimensionturistica.com\/es\/wp-json\/wp\/v2\/posts"}],"about":[{"href":"https:\/\/dimensionturistica.com\/es\/wp-json\/wp\/v2\/types\/post"}],"author":[{"embeddable":true,"href":"https:\/\/dimensionturistica.com\/es\/wp-json\/wp\/v2\/users\/4"}],"replies":[{"embeddable":true,"href":"https:\/\/dimensionturistica.com\/es\/wp-json\/wp\/v2\/comments?post=214320"}],"version-history":[{"count":0,"href":"https:\/\/dimensionturistica.com\/es\/wp-json\/wp\/v2\/posts\/214320\/revisions"}],"wp:featuredmedia":[{"embeddable":true,"href":"https:\/\/dimensionturistica.com\/es\/wp-json\/wp\/v2\/media\/214321"}],"wp:attachment":[{"href":"https:\/\/dimensionturistica.com\/es\/wp-json\/wp\/v2\/media?parent=214320"}],"wp:term":[{"taxonomy":"category","embeddable":true,"href":"https:\/\/dimensionturistica.com\/es\/wp-json\/wp\/v2\/categories?post=214320"},{"taxonomy":"post_tag","embeddable":true,"href":"https:\/\/dimensionturistica.com\/es\/wp-json\/wp\/v2\/tags?post=214320"}],"curies":[{"name":"wp","href":"https:\/\/api.w.org\/{rel}","templated":true}]}}