{"id":213813,"date":"2021-10-25T16:51:34","date_gmt":"2021-10-25T16:51:34","guid":{"rendered":"https:\/\/dimensionturistica.com\/es\/?p=213813"},"modified":"2021-10-25T16:51:34","modified_gmt":"2021-10-25T16:51:34","slug":"detienen-a-presunto-autor-de-balacera-en-tulum-donde-murio-anjali-ryot","status":"publish","type":"post","link":"https:\/\/dimensionturistica.com\/es\/detienen-a-presunto-autor-de-balacera-en-tulum-donde-murio-anjali-ryot\/","title":{"rendered":"Detienen a presunto autor de balacera en Tulum donde muri\u00f3 Anjali Ryot"},"content":{"rendered":"<p> <br \/>\n<\/p>\n<div id=\"id-body-node\" rol-nid=\"1478971\">\n<p>Jos\u00e9 &#8216;L&#8217;, presunto autor\u00a0de la <a rel=\"nofollow noopener\" target=\"_blank\" href=\"https:\/\/www.excelsior.com.mx\/nacional\/mueren-dos-extranjeros-tras-ataque-en-bar-de-tulum\/1478373\"><strong>balacera en Tulum que dej\u00f3 dos turistas muertos<\/strong><\/a>, entre ellos a la infuencer de viajes <a rel=\"nofollow noopener\" target=\"_blank\" href=\"https:\/\/www.excelsior.com.mx\/nacional\/ella-es-anjali-ryot-la-influencer-de-viajes-asesinada-en-tulum\/1478465\"><strong>Anjali Ryot<\/strong><\/a>, fue detenido por agentes de investigaci\u00f3n de la Fiscal\u00eda de Quintana Roo.<\/p>\n<p>El detenido est\u00e1 acusado de\u00a0<strong>homicidio calificado<\/strong> de la turista originaria de India y de otro joven de Alemania, as\u00ed como homicidio en grado de tentativa y lesiones contra otras cinco personas que resultaron heridas el pasado mi\u00e9rcoles.<\/p>\n<p>De acuerdo con las investigaciones, la balacera deriv\u00f3 de un <strong>enfrentamiento entre integrantes de c\u00e9lulas dedicadas al narcomenudeo<\/strong>. Las personas heridas y las que murieron se encontraban en un bar de la calle Centauro en la zona centro de Tulum.<\/p>\n<p>Una de las v\u00edctimas fue identificada como\u00a0<strong>Anjali Ryot<\/strong>, una joven de 25 a\u00f1os que resid\u00eda en Canad\u00e1, mientras que un <strong>turista alem\u00e1n muri\u00f3 en el hospital donde period atendido<\/strong>.<\/p>\n<p>Debido a la balacera, <a rel=\"nofollow noopener\" target=\"_blank\" href=\"https:\/\/www.excelsior.com.mx\/global\/alemania-lanza-alerta-de-viajes-a-la-riviera-maya-por-inseguridad-y-covid\/1478601\"><strong>Alemania emiti\u00f3 una alerta de viaje para M\u00e9xico<\/strong><\/a>, en especial a la Riviera Maya al se\u00f1alar que han ocurrido ataques que han afectado a viajeros de ese pa\u00eds.<\/p>\n<p>Llamaron a sus ciudadanos que se encuentran en Tulum y Playa del Carmen a tener precauciones al momeo de trasladarse en taxis o salir a pasear.<\/p>\n<p>En tanto, el presidente Andr\u00e9s Manuel L\u00f3pez Obrador anunci\u00f3 que se<strong> <a rel=\"nofollow noopener\" target=\"_blank\" href=\"https:\/\/www.excelsior.com.mx\/nacional\/lopez-obrador-reforzara-seguridad-en-tulum-por-balacera\/1478957\">reforzar\u00e1 la seguridad en este destino tur\u00edstico y en particular en la Riviera Maya<\/a><\/strong> con m\u00e1s efectivos de la Guardia Nacional.<\/p>\n<p>\u00a0<\/p>\n<p><a rel=\"nofollow noopener\" target=\"_blank\" href=\"http:\/\/www.excelsior.com.mx\/ultima-hora\"><img decoding=\"async\" class=\"img-fluid\" loading=\"lazy\" src=\"https:\/\/cdn2.excelsior.imagendigital.com\/images\/pleca_ultima_hora.jpg\" width=\"580\" heigth=\"50\"\/><\/a><\/p>\n<p>vjcm<\/p>\n<\/p><\/div>\n<p><script type=\"text\/javascript\">\n    window.fbAsyncInit = function() {\n      FB.init({\n        appId: '550225168356361',\n        status: true,\n        xfbml: true,\n        version: 'v3.3',\n        autoLogAppEvents: true,\n        cookie: true\n      });\n    };\n    (function(d, s, id) {\n      var js, fjs = d.getElementsByTagName(s)[0];\n      if (d.getElementById(id)) return;\n      js = d.createElement(s);\n      js.id = id;\n      js.src = \"https:\/\/connect.facebook.net\/es_LA\/sdk.js\";\n      fjs.parentNode.insertBefore(js, fjs);\n    }(document, 'script', 'facebook-jssdk'));\n  <\/script><br \/>\n<br \/><\/p>\n<p><em> &#8221; Fuentes www.excelsior.com.mx &#8221; <\/em><\/p>\n","protected":false},"excerpt":{"rendered":"<p>Jos\u00e9 &#8216;L&#8217;, presunto autor\u00a0de la balacera en Tulum que dej\u00f3 dos turistas muertos, entre ellos a la infuencer de viajes Anjali Ryot, fue detenido por agentes de investigaci\u00f3n de la Fiscal\u00eda de Quintana Roo. El detenido est\u00e1 acusado de\u00a0homicidio calificado de la turista originaria de India y de otro joven de Alemania, as\u00ed como homicidio [&hellip;]<\/p>\n","protected":false},"author":4,"featured_media":79782,"comment_status":"open","ping_status":"closed","sticky":false,"template":"","format":"standard","meta":{"om_disable_all_campaigns":false,"jnews-multi-image_gallery":[],"jnews_single_post":[],"jnews_primary_category":[],"jnews_social_meta":[],"footnotes":""},"categories":[40],"tags":[34348,34345,34347,34346,705],"class_list":["post-213813","post","type-post","status-publish","format-standard","has-post-thumbnail","hentry","category-industria","tag-anjali-ryot","tag-balacera-tulum","tag-detenido-balacera","tag-muertos-tulum","tag-noticias"],"_links":{"self":[{"href":"https:\/\/dimensionturistica.com\/es\/wp-json\/wp\/v2\/posts\/213813","targetHints":{"allow":["GET"]}}],"collection":[{"href":"https:\/\/dimensionturistica.com\/es\/wp-json\/wp\/v2\/posts"}],"about":[{"href":"https:\/\/dimensionturistica.com\/es\/wp-json\/wp\/v2\/types\/post"}],"author":[{"embeddable":true,"href":"https:\/\/dimensionturistica.com\/es\/wp-json\/wp\/v2\/users\/4"}],"replies":[{"embeddable":true,"href":"https:\/\/dimensionturistica.com\/es\/wp-json\/wp\/v2\/comments?post=213813"}],"version-history":[{"count":0,"href":"https:\/\/dimensionturistica.com\/es\/wp-json\/wp\/v2\/posts\/213813\/revisions"}],"wp:featuredmedia":[{"embeddable":true,"href":"https:\/\/dimensionturistica.com\/es\/wp-json\/wp\/v2\/media\/79782"}],"wp:attachment":[{"href":"https:\/\/dimensionturistica.com\/es\/wp-json\/wp\/v2\/media?parent=213813"}],"wp:term":[{"taxonomy":"category","embeddable":true,"href":"https:\/\/dimensionturistica.com\/es\/wp-json\/wp\/v2\/categories?post=213813"},{"taxonomy":"post_tag","embeddable":true,"href":"https:\/\/dimensionturistica.com\/es\/wp-json\/wp\/v2\/tags?post=213813"}],"curies":[{"name":"wp","href":"https:\/\/api.w.org\/{rel}","templated":true}]}}