{"id":213417,"date":"2021-10-24T18:46:22","date_gmt":"2021-10-24T18:46:22","guid":{"rendered":"https:\/\/dimensionturistica.com\/es\/?p=213417"},"modified":"2021-10-24T18:46:23","modified_gmt":"2021-10-24T18:46:23","slug":"preve-sectur-posible-llegada-a-mazatlan-de-65-cruceros-mas-antes-de-terminar-el-ano","status":"publish","type":"post","link":"https:\/\/dimensionturistica.com\/es\/preve-sectur-posible-llegada-a-mazatlan-de-65-cruceros-mas-antes-de-terminar-el-ano\/","title":{"rendered":"Prev\u00e9 Sectur posible llegada a Mazatl\u00e1n de 65 cruceros m\u00e1s antes de terminar el a\u00f1o"},"content":{"rendered":"<p> <br \/>\n<\/p>\n<div>\n<p> \u00d3scar P\u00e9rez Barros, titular de la Secretar\u00eda de Turismo estatal, aclara que no es seguro que las 65 embarcaciones lleguen a Mazatl\u00e1n, pues est\u00e1 el issue de los huracanes as\u00ed como el de la pandemia de Covid-19, pero aproximadamente tienen esas estimaciones\n<\/p>\n<\/p><\/div>\n\n<p><em> &#8221; Fuentes www.noroeste.com.mx &#8221; <\/em><\/p>\n","protected":false},"excerpt":{"rendered":"<p>\u00d3scar P\u00e9rez Barros, titular de la Secretar\u00eda de Turismo estatal, aclara que no es seguro que las 65 embarcaciones lleguen a Mazatl\u00e1n, pues est\u00e1 el issue de los huracanes as\u00ed como el de la pandemia de Covid-19, pero aproximadamente tienen esas estimaciones &#8221; Fuentes www.noroeste.com.mx &#8221;<\/p>\n","protected":false},"author":4,"featured_media":213418,"comment_status":"open","ping_status":"closed","sticky":false,"template":"","format":"standard","meta":{"om_disable_all_campaigns":false,"jnews-multi-image_gallery":[],"jnews_single_post":[],"jnews_primary_category":[],"jnews_social_meta":[],"footnotes":""},"categories":[41],"tags":[18734],"class_list":["post-213417","post","type-post","status-publish","format-standard","has-post-thumbnail","hentry","category-cruceros","tag-antonio-olazabal"],"_links":{"self":[{"href":"https:\/\/dimensionturistica.com\/es\/wp-json\/wp\/v2\/posts\/213417","targetHints":{"allow":["GET"]}}],"collection":[{"href":"https:\/\/dimensionturistica.com\/es\/wp-json\/wp\/v2\/posts"}],"about":[{"href":"https:\/\/dimensionturistica.com\/es\/wp-json\/wp\/v2\/types\/post"}],"author":[{"embeddable":true,"href":"https:\/\/dimensionturistica.com\/es\/wp-json\/wp\/v2\/users\/4"}],"replies":[{"embeddable":true,"href":"https:\/\/dimensionturistica.com\/es\/wp-json\/wp\/v2\/comments?post=213417"}],"version-history":[{"count":0,"href":"https:\/\/dimensionturistica.com\/es\/wp-json\/wp\/v2\/posts\/213417\/revisions"}],"wp:featuredmedia":[{"embeddable":true,"href":"https:\/\/dimensionturistica.com\/es\/wp-json\/wp\/v2\/media\/213418"}],"wp:attachment":[{"href":"https:\/\/dimensionturistica.com\/es\/wp-json\/wp\/v2\/media?parent=213417"}],"wp:term":[{"taxonomy":"category","embeddable":true,"href":"https:\/\/dimensionturistica.com\/es\/wp-json\/wp\/v2\/categories?post=213417"},{"taxonomy":"post_tag","embeddable":true,"href":"https:\/\/dimensionturistica.com\/es\/wp-json\/wp\/v2\/tags?post=213417"}],"curies":[{"name":"wp","href":"https:\/\/api.w.org\/{rel}","templated":true}]}}