{"id":213059,"date":"2021-10-23T18:56:25","date_gmt":"2021-10-23T18:56:25","guid":{"rendered":"https:\/\/dimensionturistica.com\/es\/?p=213059"},"modified":"2021-10-23T18:56:25","modified_gmt":"2021-10-23T18:56:25","slug":"vicky-foods-impulsa-su-internacionalizacion","status":"publish","type":"post","link":"https:\/\/dimensionturistica.com\/es\/vicky-foods-impulsa-su-internacionalizacion\/","title":{"rendered":"Vicky Foods impulsa su internacionalizaci\u00f3n"},"content":{"rendered":"<p> <br \/>\n<\/p>\n<div>\n<div>\n<p><strong>Vicky\u00a0Meals\u00a0ha anunciado la apertura de\u00a0<\/strong><b><strong>su prim<\/strong>period planta de producci\u00f3n en Francia durante el \u00faltimo trimestre de 2022<\/b>. Un proyecto con el que la compa\u00f1\u00eda <strong>contin\u00faa su plan de expansi\u00f3n internacional<\/strong> con el objetivo de convertirse en un\u00a0grupo referente en el sector de la alimentaci\u00f3n a nivel international.<\/p>\n<p class=\"bq-right\">El grupo de alimentaci\u00f3n invertir\u00e1 45 millones de euros en este centro de producci\u00f3n que estar\u00e1 en funcionamiento el \u00faltimo trimestre de 2022<\/p>\n<p>Con una\u00a0<b>inversi\u00f3n cercana a los 45 millones de euros<\/b>, la f\u00e1brica contar\u00e1 con una <strong>superficie superior a los 21.100 metros cuadrados<\/strong>, tecnolog\u00eda\u00a0avanzada y\u00a0destinada a la elaboraci\u00f3n de productos de pasteler\u00eda y panader\u00eda. Solo en su primer a\u00f1o, Vicky Meals prev\u00e9 una\u00a0<b>producci\u00f3n superior a las 14.000 toneladas<\/b>\u00a0y unas\u00a0<b>ventas de 25 millones de euros<\/b>.<\/p>\n<p>El nuevo centro, al que est\u00e1 previsto que se\u00a0<b>incorporen alrededor de 100 personas<\/b>\u00a0en la fase inicial, estar\u00e1 ubicado en el municipio de Fragnes-La Loy\u00e8re, en la regi\u00f3n de Borgo\u00f1a-Franco Condado. Una zona estrat\u00e9gica a nivel log\u00edstico y de infraestructuras que permitir\u00e1 al grupo\u00a0<b>proveer al mercado franc\u00e9s y a otros colindantes como Alemania, Suiza y Norte de Italia<\/b>, ser m\u00e1s competitivos y ofrecer un mejor servicio a sus clientes.<\/p>\n<p>Dentro del plan de internacionalizaci\u00f3n de Vicky Meals, Francia es, desde hace m\u00e1s de 25 a\u00f1os, uno de los pa\u00edses clave gracias a su gran potencial de crecimiento. En este sentido, en el a\u00f1o 2020\u00a0<b>supuso el 36% del volumen de negocio internacional de la compa\u00f1\u00eda<\/b>\u00a0siendo los productos de panader\u00eda los que m\u00e1s crecieron.<b>\u00a0<\/b><\/p>\n<h3>Segunda f\u00e1brica en el exterior<\/h3>\n<p>Vicky Meals <strong>dispone de cuatro centros productivos, tres situados en territorio nacional y uno en Argelia.<\/strong> Es en este pa\u00eds donde la compa\u00f1\u00eda opera su primera planta fuera de Espa\u00f1a en el a\u00f1o 2014. Sus instalaciones est\u00e1n localizadas en el municipio de Sig, cerca de Or\u00e1n, y cuentan con tres l\u00edneas de producci\u00f3n. Actualmente el grupo ocupa el primer puesto en el sector de la pasteler\u00eda del pa\u00eds.<\/p>\n<\/p><\/div>\n<p> <!-- article-content --><\/p><\/div>\n\n<p><em> \u2018 The preceding article may include information circulated by third parties \u2019 <\/em><\/p>\n<p><em> \u2018 Some details of this article were extracted from the following source www.revistaaral.com \u2019 <\/em><\/p>\n","protected":false},"excerpt":{"rendered":"<p>Vicky\u00a0Meals\u00a0ha anunciado la apertura de\u00a0su primperiod planta de producci\u00f3n en Francia durante el \u00faltimo trimestre de 2022. Un proyecto con el que la compa\u00f1\u00eda contin\u00faa su plan de expansi\u00f3n internacional con el objetivo de convertirse en un\u00a0grupo referente en el sector de la alimentaci\u00f3n a nivel international. El grupo de alimentaci\u00f3n invertir\u00e1 45 millones de [&hellip;]<\/p>\n","protected":false},"author":2,"featured_media":213060,"comment_status":"open","ping_status":"closed","sticky":false,"template":"","format":"standard","meta":{"om_disable_all_campaigns":false,"jnews-multi-image_gallery":[],"jnews_single_post":[],"jnews_primary_category":[],"jnews_social_meta":[],"footnotes":""},"categories":[43],"tags":[],"class_list":["post-213059","post","type-post","status-publish","format-standard","has-post-thumbnail","hentry","category-gourmet"],"_links":{"self":[{"href":"https:\/\/dimensionturistica.com\/es\/wp-json\/wp\/v2\/posts\/213059","targetHints":{"allow":["GET"]}}],"collection":[{"href":"https:\/\/dimensionturistica.com\/es\/wp-json\/wp\/v2\/posts"}],"about":[{"href":"https:\/\/dimensionturistica.com\/es\/wp-json\/wp\/v2\/types\/post"}],"author":[{"embeddable":true,"href":"https:\/\/dimensionturistica.com\/es\/wp-json\/wp\/v2\/users\/2"}],"replies":[{"embeddable":true,"href":"https:\/\/dimensionturistica.com\/es\/wp-json\/wp\/v2\/comments?post=213059"}],"version-history":[{"count":0,"href":"https:\/\/dimensionturistica.com\/es\/wp-json\/wp\/v2\/posts\/213059\/revisions"}],"wp:featuredmedia":[{"embeddable":true,"href":"https:\/\/dimensionturistica.com\/es\/wp-json\/wp\/v2\/media\/213060"}],"wp:attachment":[{"href":"https:\/\/dimensionturistica.com\/es\/wp-json\/wp\/v2\/media?parent=213059"}],"wp:term":[{"taxonomy":"category","embeddable":true,"href":"https:\/\/dimensionturistica.com\/es\/wp-json\/wp\/v2\/categories?post=213059"},{"taxonomy":"post_tag","embeddable":true,"href":"https:\/\/dimensionturistica.com\/es\/wp-json\/wp\/v2\/tags?post=213059"}],"curies":[{"name":"wp","href":"https:\/\/api.w.org\/{rel}","templated":true}]}}