{"id":211630,"date":"2021-10-21T12:09:13","date_gmt":"2021-10-21T12:09:13","guid":{"rendered":"https:\/\/dimensionturistica.com\/es\/?p=211630"},"modified":"2021-10-21T12:09:14","modified_gmt":"2021-10-21T12:09:14","slug":"gestores-de-viajes-preparados-para-el-nuevo-futuro-de-los-viajes","status":"publish","type":"post","link":"https:\/\/dimensionturistica.com\/es\/gestores-de-viajes-preparados-para-el-nuevo-futuro-de-los-viajes\/","title":{"rendered":"Gestores de viajes: preparados para el nuevo futuro de los viajes"},"content":{"rendered":"<p> <br \/>\n<\/p>\n<div>\n<div class=\"wysiwyg-photo\">\n<p>Dentro de su programa de trabajo, la Asociaci\u00f3n Espa\u00f1ola de Gestores de Viajes de Empresa (AEGVE), una entidad de referencia en su segmento, con m\u00e1s de un centenar de socios y colaboradores, ha celebrado recientemente su IV Congreso Anual, que ha tenido lugar en Valencia.<\/p>\n<\/p><\/div>\n<p>A este encuentro han asistido \u2018travel managers\u2019 de toda Espa\u00f1a, en representaci\u00f3n de las principales empresas de nuestro pa\u00eds, que hemos debatido en torno a los asuntos que nos ocupan (y preocupan). Especialmente sobre el <strong>papel que hemos de tener en la nueva realidad post-pandemia, que ser\u00e1 mucho m\u00e1s estrat\u00e9gico y deber\u00e1 garantizar que las pol\u00edticas de las empresas se ajusten en mayor medida a las expectativas de los empleados,<\/strong> seg\u00fan informes recientes, entre ellos el que ha elaborado SAP Concur (Enterprise Journey Report 2021).<\/p>\n<p>Los miembros de AEGVE tambi\u00e9n hemos podido constatar en el evento de Valencia, a modo de conclusi\u00f3n normal, que <strong>los gestores de viajes estamos preparados para retornar a la normalidad y con ello contribuir a reactivar el sector del turismo y los viajes y, al tiempo, restablecer al impulso de la marca Espa\u00f1a<\/strong> a trav\u00e9s de las organizaciones que representamos. Ello a pesar de las voces que insisten en proclamar que el turismo de los negocios tardar\u00e1 mucho m\u00e1s en recuperarse.<\/p>\n<p>Con nuestro trabajo, y conscientes del valor que adquiere m\u00e1s si cabe en los tiempos que corren, <strong>hemos de sensibilizar a nuestras organizaciones para gradualmente, y siempre en la medida de nuestras posibilidades, ir recuperando la \u2018vieja normalidad\u2019,<\/strong> es decir, esa normalidad que tanto hizo por la internacionalizaci\u00f3n de nuestras empresas. El papel de la formaci\u00f3n, en este sentido, cobra mayor relieve si cabe.<\/p>\n<p>De ah\u00ed la importancia que tiene otro de los aspectos que se abordaron en el IV Congreso Anual, como fue la <strong>presentaci\u00f3n del nuevo curso 2021\/22 que AEGVE organizar\u00e1 conjuntamente con la Universidad de Nebrija.<\/strong> Tras este congreso, nuestra organizaci\u00f3n ha avanzado en la confecci\u00f3n de nuevas actuaciones, para lo cual hemos organizado diversas jornadas de trabajo.<\/p>\n<p>Este evento, adem\u00e1s, ha servido de <strong>antesala del Worldwide Summit Journey Administration (ISTM), primer encuentro que organiza este segmento especializado del turismo corporativo tras la disaster sanitaria mundial.<\/strong> El encuentro tendr\u00e1 lugar en C\u00f3rdoba entre los d\u00edas 3 y 4 de noviembre, en el Lodge Eurostars Palace C\u00f3rdoba, y cuenta con el apoyo de diversas instituciones p\u00fablicas y privadas, entre las que figuran Iberia, Renfe, Amadeus y la Cadena Hoteleras Eurostars Lodges.<\/p>\n<p>El Worldwide Summit analizar\u00e1 el <strong>impacto de la emergencia sanitaria en los viajes corporativos, los posibles cambios que se habr\u00edan producido en este \u00e1mbito y la evoluci\u00f3n previsible que tendr\u00e1n en los pr\u00f3ximos a\u00f1os.<\/strong> Asimismo se han programado sesiones profesionales que abordar\u00e1n las principales cuestiones que afectan a los profesionales de los viajes de empresa en su d\u00eda a d\u00eda, as\u00ed como identificar nuevas v\u00edas de negocio o recursos de crecimiento y mejora del sector. La cumbre, adem\u00e1s, se ha planteado como un foro de intercambio de informaci\u00f3n y asesoramiento sobre cuestiones de inter\u00e9s com\u00fan.<\/p>\n<p>La agenda de trabajo incluye asimismo un programa social para dar a conocer los principales atractivos y puntos de inter\u00e9s de la provincia de C\u00f3rdoba. <strong>Est\u00e1 prevista la asistencia de m\u00e1s de 150 \u2018travel manager\u2019 de una docena de pa\u00edses europeos, entre ellos procedentes de Alemania, Austria, Finlandia, Italia. Noruega o Suiza<\/strong>.<\/p>\n<p>Desde esta tribuna de Hosteltur quiero <strong>invitar a todos los \u2018travel manager\u2019 de nuestro pa\u00eds a participar en esta cumbre, que es gratuita previa acreditaci\u00f3n de la organizaci\u00f3n.<\/strong> Porque el Worldwide Summit Journey Administration es, ante todo, una oportunidad \u00fanica de participar en un encuentro que quedar\u00e1 enmarcado como referente para los participantes nacionales e internacionales.<\/p>\n<p>Para AEGVE, adem\u00e1s, supone dar visibilidad a nuestra entidad como organismo internacional de apoyo, informaci\u00f3n y formaci\u00f3n en materia de journey administration, capaz de aportar como asociaci\u00f3n conocimientos y mejoras al sector internacional y ser v\u00ednculo de uni\u00f3n entre las asociaciones internacionales de profesionales de viajes de negocio.Por todo ello queremos contar con vosotros, con los \u2018travel manager\u2019.<\/p>\n<p>Porque s\u00f3lo as\u00ed podremos proclamar, al fin, que<strong> los gestores de viajes, en lo que a nosotros concierne, estamos preparados para el nuevo futuro.<\/strong><\/p>\n<\/p><\/div>\n\n<p><em> &#8221; Fuentes www.hosteltur.com &#8221; <\/em><\/p>\n","protected":false},"excerpt":{"rendered":"<p>Dentro de su programa de trabajo, la Asociaci\u00f3n Espa\u00f1ola de Gestores de Viajes de Empresa (AEGVE), una entidad de referencia en su segmento, con m\u00e1s de un centenar de socios y colaboradores, ha celebrado recientemente su IV Congreso Anual, que ha tenido lugar en Valencia. A este encuentro han asistido \u2018travel managers\u2019 de toda Espa\u00f1a, [&hellip;]<\/p>\n","protected":false},"author":4,"featured_media":88515,"comment_status":"open","ping_status":"closed","sticky":false,"template":"","format":"standard","meta":{"om_disable_all_campaigns":false,"jnews-multi-image_gallery":[],"jnews_single_post":[],"jnews_primary_category":[],"jnews_social_meta":[],"footnotes":""},"categories":[39],"tags":[572],"class_list":["post-211630","post","type-post","status-publish","format-standard","has-post-thumbnail","hentry","category-viajes","tag-distribucion"],"_links":{"self":[{"href":"https:\/\/dimensionturistica.com\/es\/wp-json\/wp\/v2\/posts\/211630","targetHints":{"allow":["GET"]}}],"collection":[{"href":"https:\/\/dimensionturistica.com\/es\/wp-json\/wp\/v2\/posts"}],"about":[{"href":"https:\/\/dimensionturistica.com\/es\/wp-json\/wp\/v2\/types\/post"}],"author":[{"embeddable":true,"href":"https:\/\/dimensionturistica.com\/es\/wp-json\/wp\/v2\/users\/4"}],"replies":[{"embeddable":true,"href":"https:\/\/dimensionturistica.com\/es\/wp-json\/wp\/v2\/comments?post=211630"}],"version-history":[{"count":0,"href":"https:\/\/dimensionturistica.com\/es\/wp-json\/wp\/v2\/posts\/211630\/revisions"}],"wp:featuredmedia":[{"embeddable":true,"href":"https:\/\/dimensionturistica.com\/es\/wp-json\/wp\/v2\/media\/88515"}],"wp:attachment":[{"href":"https:\/\/dimensionturistica.com\/es\/wp-json\/wp\/v2\/media?parent=211630"}],"wp:term":[{"taxonomy":"category","embeddable":true,"href":"https:\/\/dimensionturistica.com\/es\/wp-json\/wp\/v2\/categories?post=211630"},{"taxonomy":"post_tag","embeddable":true,"href":"https:\/\/dimensionturistica.com\/es\/wp-json\/wp\/v2\/tags?post=211630"}],"curies":[{"name":"wp","href":"https:\/\/api.w.org\/{rel}","templated":true}]}}