{"id":211324,"date":"2021-10-20T22:36:59","date_gmt":"2021-10-20T22:36:59","guid":{"rendered":"https:\/\/dimensionturistica.com\/es\/?p=211324"},"modified":"2021-10-20T22:36:59","modified_gmt":"2021-10-20T22:36:59","slug":"de-que-se-trata-la-cumbre-de-viajes-con-impacto-social-de-medellin-viajar-vida","status":"publish","type":"post","link":"https:\/\/dimensionturistica.com\/es\/de-que-se-trata-la-cumbre-de-viajes-con-impacto-social-de-medellin-viajar-vida\/","title":{"rendered":"De qu\u00e9 se trata la cumbre de viajes con impacto social de Medell\u00edn &#8211; Viajar &#8211; Vida"},"content":{"rendered":"<p> <br \/>\n<\/p>\n<div itemprop=\"articleBody\">\n<p class=\"contenido\" id=\"p626655-m864-863-865\"><b>ProColombia,<\/b> la agencia de viajes Impulse Journey y Tourism Cares, una organizaci\u00f3n estadounidense dedicada a apoyar <b>proyectos sociales<\/b> a trav\u00e9s de la industria de los viajes y el <b>turismo,<\/b> llevar\u00e1n a cabo el Significant Journey Summit en<b> Medell\u00edn,<\/b> entre el 7 y el 11 de noviembre.<\/p>\n<p>(Le puede interesar:<a rel=\"nofollow noopener\" target=\"_blank\" href=\"https:\/\/www.eltiempo.com\/vida\/viajar\/semana-de-receso-reactivacion-del-turismo-fue-cercana-al-60-por-ciento-626496\">\u00a0Reactivaci\u00f3n del turismo nacional en la semana de receso se acerc\u00f3 al 60 %).<\/a><\/p>\n<p>El evento conectar\u00e1 a 30 profesionales extranjeros del sector con agentes de cambio locales; el prop\u00f3sito es que sean testigos, a trav\u00e9s de conversaciones significativas y visitas experienciales a comunidades en Medell\u00edn, de c\u00f3mo el turismo crea medios de vida dignos y proporciona empleos alternativos e inversiones econ\u00f3micas para reducir los impactos sociales y ambientales negativos.<\/p>\n<p class=\"contenido\" id=\"p626655-m908-2-909\">\u201cSe busca que estos profesionales se sientan inspirados para integrar y apoyar empresas sociales locales y experiencias aumentando su impacto social, econ\u00f3mico y ambiental positivo\u201d, explica ProColombia.<\/p>\n<p>(Adem\u00e1s:\u00a0<a rel=\"nofollow noopener\" target=\"_blank\" href=\"https:\/\/www.eltiempo.com\/vida\/viajar\/cuba-reabrira-fronteras-al-turismo-y-ofrecera-su-vacuna-a-los-visitantes-626321\">Cuba reabrir\u00e1 al turismo en noviembre con m\u00e1s vuelos y sin cuarentena).<\/a><\/p>\n<p>Entre las diez empresas sociales locales y l\u00edderes comunitarios que participar\u00e1n se encuentra Diego Calder\u00f3n, que lidera las primeras expediciones de observaci\u00f3n de aves en \u00e1reas remotas de Colombia, con comunidades locales y excombatientes.<\/p>\n<p>La Comuna 13, y su transformaci\u00f3n gracias al aporte de artistas locales; el barrio Manrique y su proyecto de capoeira; Moravia y sus bosques, invernaderos y arbustos, que crecen en \u00e1reas que antes estaban ahogadas por la basura, tambi\u00e9n hacen parte de las experiencias que se visibilizar\u00e1n.<\/p>\n<p>El Significant Journey Summit fue lanzado por primera vez en Jordania en el 2018 y se destaca como un evento de viaje innovador que crea un impacto econ\u00f3mico a largo plazo para las comunidades tur\u00edsticas mediante la creaci\u00f3n de conexiones profundas e inmersivas. <\/p>\n<p>Se espera que a medida que m\u00e1s marcas de viajes globales comiencen a incorporar experiencias de viaje operadas por la comunidad en sus itinerarios, los impactos culturales, socioecon\u00f3micos y ambientales creados por el turismo ser\u00e1n cada vez m\u00e1s positivos.<\/p>\n<p>(Tambi\u00e9n:<a rel=\"nofollow noopener\" target=\"_blank\" href=\"https:\/\/www.eltiempo.com\/vida\/viajar\/turismo-en-antioquia-guia-para-visitar-el-municipio-de-el-retiro-625150\">\u00a0El Retiro, un municipio lleno de encantos por descubrir).<\/a><\/p>\n<p>De otro lado, ProColombia y Tourism Cares mostrar\u00e1n a los participantes de este viaje el Significant Map de Colombia, un proyecto presentado en septiembre del 2020 que apoya a la industria de viajes en el desarrollo de un turismo m\u00e1s sostenible. <\/p>\n<p>El objetivo de crearlo period obtener y examinar experiencias aut\u00e9nticas e impactantes para los proveedores de viajes, por lo que este mapa promueve el patrimonio cultural, la historia y la influencia de las comunidades ind\u00edgenas y la riqueza en biodiversidad que tiene Colombia. <\/p>\n<p>Para llevar a cabo esta iniciativa fueron seleccionadas 15 empresas con las mejores iniciativas en turismo comunitario, ubicadas en Isla Grande y San Jacinto (Bol\u00edvar); La Macarena (Meta); Sopetr\u00e1n (Antioquia); Nuqu\u00ed (Choc\u00f3); El Cairo (Valle del Cauca); Charal\u00e1 (Santander); Duitama (Boyac\u00e1); Dibulla (La Guajira); El Remanso (Guain\u00eda); Miravalle (Caquet\u00e1); Santa Marta (Magdalena); Pereira (Risaralda); San Andr\u00e9s, Providencia y Santa Catalina; Huila, y Cauca.<\/p>\n<p class=\"contenido\" id=\"p626655-m914-3-915\">Con informaci\u00f3n de ProColombia<\/p>\n<p><span class=\"articulo-subtitulo\" id=\"p626655-m920-4-921\">Encuentre tambi\u00e9n en Viajar:<\/span><\/p>\n<p class=\"contenido\" id=\"p626655-m926-5-927\"><a rel=\"nofollow noopener\" target=\"_blank\" href=\"https:\/\/www.eltiempo.com\/vida\/viajar\/capitales-del-turismo-inteligente-en-europa-626417\">Siete finalistas al premio Capital Europea del Turismo Inteligente 2022<\/a><\/p>\n<p class=\"contenido\" id=\"p626655-m932-6-933\"><a rel=\"nofollow noopener\" target=\"_blank\" href=\"https:\/\/www.eltiempo.com\/vida\/viajar\/nuevos-proyectos-hoteleros-de-colombia-623876\">Este a\u00f1o se abrir\u00e1n cerca de 3.900 habitaciones hoteleras en el pa\u00eds<\/a><\/p>\n<\/div>\n\n<p><em> &#8221; Fuentes www.eltiempo.com &#8221; <\/em><\/p>\n","protected":false},"excerpt":{"rendered":"<p>ProColombia, la agencia de viajes Impulse Journey y Tourism Cares, una organizaci\u00f3n estadounidense dedicada a apoyar proyectos sociales a trav\u00e9s de la industria de los viajes y el turismo, llevar\u00e1n a cabo el Significant Journey Summit en Medell\u00edn, entre el 7 y el 11 de noviembre. (Le puede interesar:\u00a0Reactivaci\u00f3n del turismo nacional en la semana [&hellip;]<\/p>\n","protected":false},"author":4,"featured_media":211325,"comment_status":"open","ping_status":"closed","sticky":false,"template":"","format":"standard","meta":{"om_disable_all_campaigns":false,"jnews-multi-image_gallery":[],"jnews_single_post":[],"jnews_primary_category":[],"jnews_social_meta":[],"footnotes":""},"categories":[39],"tags":[10255,5179,9056,1609,12137,738,5557,616,4645,544],"class_list":["post-211324","post","type-post","status-publish","format-standard","has-post-thumbnail","hentry","category-viajes","tag-acoge","tag-con","tag-cumbre","tag-el","tag-explorar","tag-impacto","tag-medellin","tag-para","tag-social","tag-turismo"],"_links":{"self":[{"href":"https:\/\/dimensionturistica.com\/es\/wp-json\/wp\/v2\/posts\/211324","targetHints":{"allow":["GET"]}}],"collection":[{"href":"https:\/\/dimensionturistica.com\/es\/wp-json\/wp\/v2\/posts"}],"about":[{"href":"https:\/\/dimensionturistica.com\/es\/wp-json\/wp\/v2\/types\/post"}],"author":[{"embeddable":true,"href":"https:\/\/dimensionturistica.com\/es\/wp-json\/wp\/v2\/users\/4"}],"replies":[{"embeddable":true,"href":"https:\/\/dimensionturistica.com\/es\/wp-json\/wp\/v2\/comments?post=211324"}],"version-history":[{"count":0,"href":"https:\/\/dimensionturistica.com\/es\/wp-json\/wp\/v2\/posts\/211324\/revisions"}],"wp:featuredmedia":[{"embeddable":true,"href":"https:\/\/dimensionturistica.com\/es\/wp-json\/wp\/v2\/media\/211325"}],"wp:attachment":[{"href":"https:\/\/dimensionturistica.com\/es\/wp-json\/wp\/v2\/media?parent=211324"}],"wp:term":[{"taxonomy":"category","embeddable":true,"href":"https:\/\/dimensionturistica.com\/es\/wp-json\/wp\/v2\/categories?post=211324"},{"taxonomy":"post_tag","embeddable":true,"href":"https:\/\/dimensionturistica.com\/es\/wp-json\/wp\/v2\/tags?post=211324"}],"curies":[{"name":"wp","href":"https:\/\/api.w.org\/{rel}","templated":true}]}}