{"id":210870,"date":"2021-10-20T07:50:04","date_gmt":"2021-10-20T07:50:04","guid":{"rendered":"https:\/\/dimensionturistica.com\/es\/?p=210870"},"modified":"2021-10-20T07:50:04","modified_gmt":"2021-10-20T07:50:04","slug":"salon-internacional-de-la-feria-sifer-se-celebrara-del-10-al-12-febrero-2022","status":"publish","type":"post","link":"https:\/\/dimensionturistica.com\/es\/salon-internacional-de-la-feria-sifer-se-celebrara-del-10-al-12-febrero-2022\/","title":{"rendered":"Sal\u00f3n Internacional de la Feria SIFER se celebrar\u00e1 del 10 al 12 febrero 2022"},"content":{"rendered":"<p> <br \/>\n<\/p>\n<div>\n<p>SIFER nace para dar respuesta a las necesidades de una sector que lleva dos a\u00f1os parado como consecuencia de la pandemia, el sector de las Ferias y Fiestas en common y en specific de Andaluc\u00eda, un sector que tiene un impacto econ\u00f3mico para Andaluc\u00eda de m\u00e1s de 1.500M de euros cada a\u00f1o, en sus m\u00e1s de 400 municipios que celebran fiestas.<\/p>\n<p>SIFER, es por tanto el primer sal\u00f3n empresarial cuyo sector engloba a todas aquellas empresas, organizaciones que hacen posible que se celebren las ferias, gracias a sus productos y servicios. Entre ellos se encuentran, montadores de casetas, decoradores, equipamiento de bares, alquiler sillas y mesas, Sonido, WIFI, iluminaci\u00f3n, farolillos, toldos, Aseguradoras, Transportes, Grupos de sevillanas, Academias de baile, Coches de caballos, Picaderos (caballos), Moda y Complementos, Alimentaci\u00f3n, bebidas, Guarnicioner\u00edas, Asoc. de Atracciones, Asoc. de Caseteros, Agencias de viaje, Limpieza, Guarder\u00edas, alojamientos, seguridad, catering, M\u00e9todos de pago, Cerveceras, Refrescos, Manzanillas y Finos Jamones, and so on.<\/p>\n<p>Adem\u00e1s, SIFER tambi\u00e9n ser\u00e1 punto de encuentro para todas las ciudades y pueblos de Andaluc\u00eda, un lugar donde poder promocionar la fiesta m\u00e1s importante del a\u00f1o de cada municipio, y donde poder debatir sobre temas tan importantes y de actualidad como el aforo, la movilidad, accesibilidad a las casetas, la gesti\u00f3n de residuos, seguridad, juventud o botellones, un lugar donde presentar todas las innovaciones empresariales del sector (nuevos sistemas modulares de construcciones ef\u00edmeras, wifi privado, iluminaci\u00f3n led, sistemas digitales de pagos, renovaci\u00f3n de aire en las casetas&#8230;).<\/p>\n<p>A tal efecto, SIFER, de forma pararla a zona expositora para m\u00e1s de 150 entidades contar\u00e1 con un completo programa de presentaciones y mesas redondas que en breve se har\u00e1 p\u00fablico, as\u00ed como un programa de actividades musicales entre los que podemos destacar la presentaci\u00f3n de discos de sevillanas, Clases magistrales de baile de sevillanas, rumbas o buler\u00edas de la mano de prestigiosas Academias, y otras actividades relacionadas con este sector que tambi\u00e9n sufre las consecuencias de la pandemia.<\/p>\n<p>SIFER, cuenta ya con el patrocinio de empresas tan importantes para la construcci\u00f3n de una feria como HELIOPOL_Rusvel, as\u00ed como con la colaboraci\u00f3n de la FAMP, Federaci\u00f3n Andaluza de Municipios y Provincias y el Actual Membership de Enganches, y apoyo empresas como Agencia CPS, Temper advertising and marketing entre otras.<\/p>\n<p>.- Pagina WEB. Reserva espacios, patrocinios y and so on\u2026<\/p>\n<p>www.salonsifer.es<\/p>\n<\/p><\/div>\n\n<p><em> &#8221; Fuentes www.hosteltur.com &#8221; <\/em><\/p>\n","protected":false},"excerpt":{"rendered":"<p>SIFER nace para dar respuesta a las necesidades de una sector que lleva dos a\u00f1os parado como consecuencia de la pandemia, el sector de las Ferias y Fiestas en common y en specific de Andaluc\u00eda, un sector que tiene un impacto econ\u00f3mico para Andaluc\u00eda de m\u00e1s de 1.500M de euros cada a\u00f1o, en sus m\u00e1s [&hellip;]<\/p>\n","protected":false},"author":4,"featured_media":77859,"comment_status":"open","ping_status":"closed","sticky":false,"template":"","format":"standard","meta":{"om_disable_all_campaigns":false,"jnews-multi-image_gallery":[],"jnews_single_post":[],"jnews_primary_category":[],"jnews_social_meta":[],"footnotes":""},"categories":[40],"tags":[572],"class_list":["post-210870","post","type-post","status-publish","format-standard","has-post-thumbnail","hentry","category-industria","tag-distribucion"],"_links":{"self":[{"href":"https:\/\/dimensionturistica.com\/es\/wp-json\/wp\/v2\/posts\/210870","targetHints":{"allow":["GET"]}}],"collection":[{"href":"https:\/\/dimensionturistica.com\/es\/wp-json\/wp\/v2\/posts"}],"about":[{"href":"https:\/\/dimensionturistica.com\/es\/wp-json\/wp\/v2\/types\/post"}],"author":[{"embeddable":true,"href":"https:\/\/dimensionturistica.com\/es\/wp-json\/wp\/v2\/users\/4"}],"replies":[{"embeddable":true,"href":"https:\/\/dimensionturistica.com\/es\/wp-json\/wp\/v2\/comments?post=210870"}],"version-history":[{"count":0,"href":"https:\/\/dimensionturistica.com\/es\/wp-json\/wp\/v2\/posts\/210870\/revisions"}],"wp:featuredmedia":[{"embeddable":true,"href":"https:\/\/dimensionturistica.com\/es\/wp-json\/wp\/v2\/media\/77859"}],"wp:attachment":[{"href":"https:\/\/dimensionturistica.com\/es\/wp-json\/wp\/v2\/media?parent=210870"}],"wp:term":[{"taxonomy":"category","embeddable":true,"href":"https:\/\/dimensionturistica.com\/es\/wp-json\/wp\/v2\/categories?post=210870"},{"taxonomy":"post_tag","embeddable":true,"href":"https:\/\/dimensionturistica.com\/es\/wp-json\/wp\/v2\/tags?post=210870"}],"curies":[{"name":"wp","href":"https:\/\/api.w.org\/{rel}","templated":true}]}}