{"id":210502,"date":"2021-10-19T17:05:24","date_gmt":"2021-10-19T17:05:24","guid":{"rendered":"https:\/\/dimensionturistica.com\/es\/?p=210502"},"modified":"2021-10-19T17:05:24","modified_gmt":"2021-10-19T17:05:24","slug":"naturaleza-y-tradicion-en-el-segundo-dia-del-forum","status":"publish","type":"post","link":"https:\/\/dimensionturistica.com\/es\/naturaleza-y-tradicion-en-el-segundo-dia-del-forum\/","title":{"rendered":"Naturaleza y tradici\u00f3n en el segundo d\u00eda del Forum"},"content":{"rendered":"<p> <br \/>\n<\/p>\n<div>\n<p data-gtm-element-container=\"modulo-texto-link\" class=\"paragraph\">Sostenibilidad, pero tambi\u00e9n naturaleza y tradici\u00f3n. Estos conceptos son solo una pincelada de todo lo que se ha hablado hoy en el pabell\u00f3n que acog\u00eda la segunda jornada del Gastronomic Discussion board Barcelona, en el que se ha podido asistir a talleres que mostraban c\u00f3mo sacar partido tanto a verduras como a carne de caza, o escuchar las voces de algunos de los cocineros y cocineras m\u00e1s influyentes del pa\u00eds y del mundo.\u00a0<\/p>\n<p data-gtm-element-container=\"modulo-texto-link\" class=\"paragraph\">Uno de los primeros encuentros lo protagonizaba<a target=\"_blank\" href=\"https:\/\/www.lavanguardia.com\/comer\/al-dia\/20210920\/7733362\/ricard-camarena-xavier-pellicer-mejores-restaurantes-verduras-mundo.html\" rel=\"noopener\"> Xavier Pellicer<\/a>, cuyo restaurante hom\u00f3nimo ha sido designado en dos ocasiones mejor restaurante de verduras del mundo. Durante uno de los talleres ha hablado de la necesidad de usar alimentos de temporada, pero tambi\u00e9n de &#8220;lo importante que es adaptarse a la tierra si se quiere ser sostenible&#8221;. Asimismo, mientras cocinaba platos como un dolma de remolacha, ha insistido en que hay que limitar m\u00e1s el consumo de carne y pescado, cosa que \u00e9l ya lleva a cabo en su restaurante. &#8220;Se puede comer de todo, pero con medida&#8221;, ha asegurado.\u00a0<\/p>\n<p><span class=\"content-ad-module  hidden-ad\"><\/p>\n<p><span class=\"content-ad visible-xs roba-container  hidden-ad\"><span class=\"ad-unit roba\"><\/p>\n<p>                <\/span><\/span><span class=\"content-ad visible-md irr-container  hidden-ad\"><span class=\"ad-unit irr\"><\/p>\n<p>                <\/span><\/span><span class=\"content-html\"><span class=\"intext-md hidden-xs hidden-md\"\/><\/span><\/span><span class=\"content-subtitle \"><\/p>\n<h3 class=\"subtitle\">Xavier Pellicer,\u00a0Najat Kaanache o Luis Lera han sido algunos de los ponentes de hoy<\/h3>\n<p><\/span><\/p>\n<p data-gtm-element-container=\"modulo-texto-link\" class=\"paragraph\">Al mismo tiempo se presentaba la Gu\u00eda Sluggish Meals 2021-2022, en un acto que ha contado con la participaci\u00f3n de <a target=\"_blank\" href=\"https:\/\/www.lavanguardia.com\/comer\/al-dia\/20210605\/7505224\/carlo-petrini-slow-food-transicion-ecologica-entrevista-yaiza-saiz.html\" rel=\"noopener\">Carlo Petrini<\/a>, fundador del movimiento. La nueva gu\u00eda incluye\u00a0101 locales de Barcelona y alrededores que apuestan por la cocina native, tradicional y sostenible. Durante la presentaci\u00f3n, tambi\u00e9n se ha entregado el reconocimiento m\u00e1s prestigioso del movimiento (El Caracol) a 25 establecimientos comprometidos con Sluggish Meals.\u00a0<\/p>\n<figure class=\"composite-image image-container \" data-gtm-element-container=\"button-gallery\"><picture><source media=\"(min-width: 638px)\" data-srcset=\"https:\/\/www.lavanguardia.com\/files\/content_image_desktop_filter\/uploads\/2021\/10\/19\/616ef2986001c.jpeg\"><source media=\"(min-width: 480px)\" data-srcset=\"https:\/\/www.lavanguardia.com\/files\/content_image_intermediate_filter\/uploads\/2021\/10\/19\/616ef2986001c.jpeg\"><img decoding=\"async\" data-full-src=\"https:\/\/www.lavanguardia.com\/uploads\/2021\/10\/19\/616ef2986001c.jpeg\" alt=\"El chef Luis Lera hablando de cocina cineg\u00e9tica\" src=\"https:\/\/www.lavanguardia.com\/files\/content_image_mobile_filter\/uploads\/2021\/10\/19\/616ef2986001c.jpeg\" class=\"lazy\"\/><\/source><\/source><\/picture><figcaption class=\"figure-caption\">\n<p class=\"caption-title \">El chef Luis Lera hablando de cocina cineg\u00e9tica\u00a0<\/p>\n<p>                    <span class=\"caption-author \">Pere Duran<\/span><\/p>\n<\/figcaption><\/figure>\n<p data-gtm-element-container=\"modulo-texto-link\" class=\"paragraph\">Otras de las protagonistas de la ma\u00f1ana han sido las cooks Am\u00e9lie Darvas y Gabriela Benicio, de \u00c4ponem (Francia), que en la ponencia\u00a0<i>La cocina del retorno a la natura\u00a0<\/i>ha hecho alusi\u00f3n a la cocina esencial que practican en su establecimiento gracias a un huerto de permacultura, y al papel que tiene la mujer a la hora transmitir conocimientos sobre plantas.\u00a0Alessandra Montagne, de Nosso (Francia), tambi\u00e9n ha participado en la cita y ha insistido en que los desperdicios que genera un restaurante lo definen mucho. &#8220;Nosotros no generamos basura, solo tenemos un contenedor para compost y otro para los huesos&#8221;, dec\u00eda la cocinera refiri\u00e9ndose a su native de Par\u00eds, donde el despilfarro no es una opci\u00f3n.\u00a0<\/p>\n<p><span class=\"content-ad-module  hidden-ad\"><\/p>\n<p><span class=\"content-ad visible-xs irr-container  hidden-ad\"><span class=\"ad-unit irr\"><\/p>\n<p>                <\/span><\/span><span class=\"content-html\"><span class=\"intext-xs hidden-xs hidden-md\"\/><\/span><\/span><\/p>\n<p data-gtm-element-container=\"modulo-texto-link\" class=\"paragraph\"><a target=\"_blank\" href=\"https:\/\/www.lavanguardia.com\/comer\/al-dia\/20210417\/6872411\/libros-sant-jordi-despertaran-apetito.html\" rel=\"noopener\">Najat Kaanache<\/a>, chef del restaurante Nur, considerado el mejor de Marruecos y de todo el continente africano por 50 Finest Eating places, ha explicado en la misma ponencia c\u00f3mo se cocina en Fez, adonde regres\u00f3 hace cuatro a\u00f1os para conectar con sus ra\u00edces (ella naci\u00f3 y se cri\u00f3 en la localidad vasca de Orio, pero su familia es marroqu\u00ed). &#8220;En Fez he aprendido a cocinar de otra manera, fij\u00e1ndome en lo que tengo alrededor, en las hierbas. En Marruecos no solo hay especias, tambi\u00e9n bosque, y mujeres m\u00e1gicas haciendo cosas extraordinarias&#8221;, ha manifestado.\u00a0<\/p>\n<p><span class=\"content-subtitle \"><\/p>\n<h3 class=\"subtitle\">Luis Lera ha insistido en la importancia de recuperar la funci\u00f3n de los palomares<\/h3>\n<p><\/span><\/p>\n<p data-gtm-element-container=\"modulo-texto-link\" class=\"paragraph\">Los escabeches, las conservas o el uso del queso y el cacao tambi\u00e9n ha sido parte de la ponencia. Para dar fin al encuentro, en el que tambi\u00e9n han participado las cooks Georgina Viou y\u00a0Vicky Sevilla, se ha referido a la pandemia. &#8220;Si nos ha ense\u00f1ado algo, es que debemos ser m\u00e1s amables&#8221;.\u00a0<\/p>\n<p data-gtm-element-container=\"modulo-texto-link\" class=\"paragraph\">La jornada segu\u00eda con el taller de Luis <a target=\"_blank\" href=\"https:\/\/www.lavanguardia.com\/comer\/sitios\/20210118\/6183135\/lera-tierra-castroverde-campos-plato.html\" rel=\"noopener\">Lera<\/a>, conocido por su restaurante ubicado en Castroverde de Campos (Zamora), considerado uno de los puntos imprescindibles de la cocina contempor\u00e1nea de Espa\u00f1a. La caza es uno de los vectores de su native, y ha sido el tema principal de su charla, en la que ha insistido en la importancia de recuperar la funci\u00f3n de los palomares, que hab\u00edan sido cruciales en el paisaje en el que \u00e9l cocina.<\/p>\n<p><span class=\"content-ad-module  hidden-ad\"><\/p>\n<p><span class=\"content-ad visible-xs roba-container  hidden-ad\"><span class=\"ad-unit roba\"><\/p>\n<p>                <\/span><\/span><\/span><\/p>\n<figure class=\"composite-image image-container \" data-gtm-element-container=\"button-gallery\"><picture><source media=\"(min-width: 638px)\" data-srcset=\"https:\/\/www.lavanguardia.com\/files\/content_image_desktop_filter\/uploads\/2021\/10\/19\/616ef2d143615.jpeg\"><source media=\"(min-width: 480px)\" data-srcset=\"https:\/\/www.lavanguardia.com\/files\/content_image_intermediate_filter\/uploads\/2021\/10\/19\/616ef2d143615.jpeg\"><img decoding=\"async\" data-full-src=\"https:\/\/www.lavanguardia.com\/uploads\/2021\/10\/19\/616ef2d143615.jpeg\" alt=\"Najat Kaanache, chef del restaurante Nur, durante una ponencia del Gastronomic Forum\" src=\"https:\/\/www.lavanguardia.com\/files\/content_image_mobile_filter\/uploads\/2021\/10\/19\/616ef2d143615.jpeg\" class=\"lazy\"\/><\/source><\/source><\/picture><figcaption class=\"figure-caption\">\n<p class=\"caption-title \">Najat Kaanache, chef del restaurante Nur, durante una ponencia del Gastronomic Discussion board\u00a0<\/p>\n<p>                    <span class=\"caption-author \">Pere Duran<\/span><\/p>\n<\/figcaption><\/figure>\n<p data-gtm-element-container=\"modulo-texto-link\" class=\"paragraph\">&#8220;Hoy est\u00e1n en desuso, y uno de los proyectos que tenemos en mente es que vuelvan a funcionar, que el pich\u00f3n y la paloma lleguen a las mesas del m\u00e1ximo de restaurantes posibles, para fomentar una econom\u00eda circular&#8221;, ha manifestado. Y, mientras cocinaba pich\u00f3n y paloma escabechada y un relleno de jabal\u00ed tambi\u00e9n se ha referido a la palabra sostenibilidad, que considera que &#8220;deber\u00eda usarse menos y aplicarse m\u00e1s&#8221;.\u00a0\u00a0<\/p>\n<p data-gtm-element-container=\"modulo-texto-link\" class=\"paragraph\">Norbert Niederkofler,\u00a0Ricard Camarena,\u00a0Jordi Butr\u00f3n,\u00a0Jordi Vil\u00e0 o Iolanda Bustos son otros de los cooks que han asistido a la jornada de hoy, y que tambi\u00e9n han querido transmitir que la sostenibilidad es m\u00e1s que un t\u00e9rmino de moda.\u00a0<\/p>\n<p><span class=\"content-ad-module  hidden-ad\"><\/p>\n<p><span class=\"content-ad visible-xs roba-container  hidden-ad\"><span class=\"ad-unit roba\"><\/p>\n<p>                <\/span><\/span><\/span>\n<\/div>\n<p><script type=\"script\/gg\">\n  gg.didomi.doWhenConsent(!window.didomiBypass, 'c:facebooka-frU9M5JY', function () {\n  !function(f,b,e,v,n,t,s)\n  {if(f.fbq)return;n=f.fbq=function()\n  {n.callMethod? n.callMethod.apply(n,arguments):n.queue.push(arguments)};\n  if(!f._fbq)f._fbq=n;n.push=n;n.loaded=!0;n.version='2.0';\n  n.queue=[];t=b.createElement(e);t.async=!0;\n  t.src=v;s=b.getElementsByTagName(e)[0];\n  s.parentNode.insertBefore(t,s)}(window, document,'script',\n  'https:\/\/connect.facebook.net\/en_US\/fbevents.js');\n  fbq('init', '316167066837274');\n  fbq('track', 'PageView');\n  });\n<\/script><br \/>\n<br \/><\/p>\n<p><em> \u2018 The preceding article may include information circulated by third parties \u2019 <\/em><\/p>\n<p><em> \u2018 Some details of this article were extracted from the following source www.lavanguardia.com \u2019 <\/em><\/p>\n","protected":false},"excerpt":{"rendered":"<p>Sostenibilidad, pero tambi\u00e9n naturaleza y tradici\u00f3n. Estos conceptos son solo una pincelada de todo lo que se ha hablado hoy en el pabell\u00f3n que acog\u00eda la segunda jornada del Gastronomic Discussion board Barcelona, en el que se ha podido asistir a talleres que mostraban c\u00f3mo sacar partido tanto a verduras como a carne de caza, [&hellip;]<\/p>\n","protected":false},"author":2,"featured_media":210503,"comment_status":"open","ping_status":"closed","sticky":false,"template":"","format":"standard","meta":{"om_disable_all_campaigns":false,"jnews-multi-image_gallery":[],"jnews_single_post":[],"jnews_primary_category":[],"jnews_social_meta":[],"footnotes":""},"categories":[43],"tags":[],"class_list":["post-210502","post","type-post","status-publish","format-standard","has-post-thumbnail","hentry","category-gourmet"],"_links":{"self":[{"href":"https:\/\/dimensionturistica.com\/es\/wp-json\/wp\/v2\/posts\/210502","targetHints":{"allow":["GET"]}}],"collection":[{"href":"https:\/\/dimensionturistica.com\/es\/wp-json\/wp\/v2\/posts"}],"about":[{"href":"https:\/\/dimensionturistica.com\/es\/wp-json\/wp\/v2\/types\/post"}],"author":[{"embeddable":true,"href":"https:\/\/dimensionturistica.com\/es\/wp-json\/wp\/v2\/users\/2"}],"replies":[{"embeddable":true,"href":"https:\/\/dimensionturistica.com\/es\/wp-json\/wp\/v2\/comments?post=210502"}],"version-history":[{"count":0,"href":"https:\/\/dimensionturistica.com\/es\/wp-json\/wp\/v2\/posts\/210502\/revisions"}],"wp:featuredmedia":[{"embeddable":true,"href":"https:\/\/dimensionturistica.com\/es\/wp-json\/wp\/v2\/media\/210503"}],"wp:attachment":[{"href":"https:\/\/dimensionturistica.com\/es\/wp-json\/wp\/v2\/media?parent=210502"}],"wp:term":[{"taxonomy":"category","embeddable":true,"href":"https:\/\/dimensionturistica.com\/es\/wp-json\/wp\/v2\/categories?post=210502"},{"taxonomy":"post_tag","embeddable":true,"href":"https:\/\/dimensionturistica.com\/es\/wp-json\/wp\/v2\/tags?post=210502"}],"curies":[{"name":"wp","href":"https:\/\/api.w.org\/{rel}","templated":true}]}}