{"id":210222,"date":"2021-10-19T08:54:18","date_gmt":"2021-10-19T08:54:18","guid":{"rendered":"https:\/\/dimensionturistica.com\/es\/?p=210222"},"modified":"2021-10-19T08:54:18","modified_gmt":"2021-10-19T08:54:18","slug":"la-empresa-atlas-ocean-voyages-estrena-sus-viajes-a-la-antartida-desde-ushuaia","status":"publish","type":"post","link":"https:\/\/dimensionturistica.com\/es\/la-empresa-atlas-ocean-voyages-estrena-sus-viajes-a-la-antartida-desde-ushuaia\/","title":{"rendered":"La empresa atlas Ocean Voyages estrena sus viajes a la Ant\u00e1rtida desde Ushuaia"},"content":{"rendered":"<p> <br \/>\n<\/p>\n<p>\nLa empresa utilizar\u00e1 un jet privado para traer los pasajeros hasta la ciudad m\u00e1s austral del mundo. Ser\u00e1n un complete de 15 recaladas a lo largo de la temporada, comenzando el viaje inaugural el 19 de noviembre y luego el 28 del mismo mes. <\/p>\n<div>\n<p>\nL <\/p>\n<p>a empresa Atlas Ocean Voyages realizar\u00e1 su primera temporada hacia la Ant\u00e1rtida este verano, con el barco World Navigator partiendo desde Ushuaia y utilizando un jet privado para transportar pasajeros desde y hacia la Rep\u00fablica Argentina, inform\u00f3 la Direcci\u00f3n Provincial de Puertos en su sitio oficial.<br \/>\u201cHemos tenido la confirmaci\u00f3n y nos vamos\u201d, dijo Alberto Aliberti, presidente de Atlas Ocean Voyages. \u201cHa habido mucha especulaci\u00f3n. Ten\u00edamos un plan B, pero no es importante\u201d.<br \/>El representante de la firma sostuvo que \u201cuna de las razones por las que creemos que tuvimos un acuerdo m\u00e1s r\u00e1pido (con el Gobierno argentino) es por la burbuja aeron\u00e1utica\u201d destac\u00f3.<br \/>En este sentido, un ajuste operativo ser\u00e1 un cambio de piloto \/ tripulaci\u00f3n para la aeronave en Santiago, Chile, que requerir\u00e1 una parada de tres horas en el camino a Ushuaia.<br \/>No obstante, al estilo Atlas, los pasajeros disfrutar\u00e1n de un brunch con champ\u00e1n durante el descanso.<br \/>La temporada inaugural de Atlas Ocean Voyages hacia la Ant\u00e1rtida ver\u00e1 al World Navigator zarpar desde Ushuaia en su primer viaje el 19 de noviembre. Los hu\u00e9spedes obtienen viajes a\u00e9reos de cortes\u00eda desde las 16 principales puertas de enlace de EE. UU. Y Canad\u00e1 y luego se conectan en Orlando, Florida, con el jet privado de fuselaje ancho constitution de Atlas.<br \/>El servicio directo scale back al menos el tiempo de viaje de un d\u00eda de vuelo desde Am\u00e9rica del Norte, dijo la compa\u00f1\u00eda.<br \/>A su llegada a Ushuaia, los hu\u00e9spedes ser\u00e1n acompa\u00f1ados a trav\u00e9s de inmigraci\u00f3n y trasladados a World Navigator, mientras que su equipaje facturado se entrega a sus suites y camarotes.<br \/>Cabe destacar que ser\u00e1n un complete de 15 recaladas a lo largo de la temporada, comenzando el viaje inaugural el 19 de noviembre y luego el 28 del mismo mes. En diciembre los d\u00edas 10, 19 y 28. Ya en enero del 2022 tocar\u00e1 el puerto de Ushuaia los d\u00edas 6, 15 y 24. En Febrero ser\u00e1n los d\u00edas 2, 14 y 23 respectivamente, mientras que en el mes de marzo tendr\u00e1 cuatro recaladas, el 4, 13, 23 y 31 para culminar su primera temporada hacia la Ant\u00e1rtida desde nuestro puerto.<\/p>\n<\/p><\/div>\n<p><script>(function(d, s, id) {\n      var js, fjs = d.getElementsByTagName(s)[0];\n      if (d.getElementById(id)) return;\n      js = d.createElement(s); js.id = id;\n      js.src = \"\/\/connect.facebook.net\/es_LA\/sdk.js#xfbml=1&appId=&version=v2.0\";\n      fjs.parentNode.insertBefore(js, fjs);\n    }(document, 'script', 'facebook-jssdk'));\n    <\/script><br \/>\n<br \/><\/p>\n<p><em> &#8221; Fuentes www.eldiariodelfindelmundo.com &#8221; <\/em><\/p>\n","protected":false},"excerpt":{"rendered":"<p>La empresa utilizar\u00e1 un jet privado para traer los pasajeros hasta la ciudad m\u00e1s austral del mundo. Ser\u00e1n un complete de 15 recaladas a lo largo de la temporada, comenzando el viaje inaugural el 19 de noviembre y luego el 28 del mismo mes. L a empresa Atlas Ocean Voyages realizar\u00e1 su primera temporada hacia [&hellip;]<\/p>\n","protected":false},"author":4,"featured_media":210223,"comment_status":"open","ping_status":"closed","sticky":false,"template":"","format":"standard","meta":{"om_disable_all_campaigns":false,"jnews-multi-image_gallery":[],"jnews_single_post":[],"jnews_primary_category":[],"jnews_social_meta":[],"footnotes":""},"categories":[39],"tags":[13002,24352],"class_list":["post-210222","post","type-post","status-publish","format-standard","has-post-thumbnail","hentry","category-viajes","tag-antartida","tag-temporada-de-cruceros"],"_links":{"self":[{"href":"https:\/\/dimensionturistica.com\/es\/wp-json\/wp\/v2\/posts\/210222","targetHints":{"allow":["GET"]}}],"collection":[{"href":"https:\/\/dimensionturistica.com\/es\/wp-json\/wp\/v2\/posts"}],"about":[{"href":"https:\/\/dimensionturistica.com\/es\/wp-json\/wp\/v2\/types\/post"}],"author":[{"embeddable":true,"href":"https:\/\/dimensionturistica.com\/es\/wp-json\/wp\/v2\/users\/4"}],"replies":[{"embeddable":true,"href":"https:\/\/dimensionturistica.com\/es\/wp-json\/wp\/v2\/comments?post=210222"}],"version-history":[{"count":0,"href":"https:\/\/dimensionturistica.com\/es\/wp-json\/wp\/v2\/posts\/210222\/revisions"}],"wp:featuredmedia":[{"embeddable":true,"href":"https:\/\/dimensionturistica.com\/es\/wp-json\/wp\/v2\/media\/210223"}],"wp:attachment":[{"href":"https:\/\/dimensionturistica.com\/es\/wp-json\/wp\/v2\/media?parent=210222"}],"wp:term":[{"taxonomy":"category","embeddable":true,"href":"https:\/\/dimensionturistica.com\/es\/wp-json\/wp\/v2\/categories?post=210222"},{"taxonomy":"post_tag","embeddable":true,"href":"https:\/\/dimensionturistica.com\/es\/wp-json\/wp\/v2\/tags?post=210222"}],"curies":[{"name":"wp","href":"https:\/\/api.w.org\/{rel}","templated":true}]}}