{"id":210216,"date":"2021-10-19T08:41:55","date_gmt":"2021-10-19T08:41:55","guid":{"rendered":"https:\/\/dimensionturistica.com\/es\/?p=210216"},"modified":"2021-10-19T08:41:55","modified_gmt":"2021-10-19T08:41:55","slug":"la-dulce-historia-de-vicky-foods-de-pequeno-horno-en-villalonga-a-gigante-de-la-alimentacion","status":"publish","type":"post","link":"https:\/\/dimensionturistica.com\/es\/la-dulce-historia-de-vicky-foods-de-pequeno-horno-en-villalonga-a-gigante-de-la-alimentacion\/","title":{"rendered":"La &#8216;dulce historia&#8217; de Vicky Foods: de peque\u00f1o horno en Villalonga a gigante de la alimentaci\u00f3n"},"content":{"rendered":"<p> <br \/>\n<\/p>\n<div>\n<p><img decoding=\"async\" alt=\"[Img #53657]\" class=\"RichTextAlignLeft\" src=\"https:\/\/saforguia.com\/upload\/images\/10_2021\/1873_245705388_10226033132990793_6516282057799550766_n.jpg\"\/><\/p>\n<p>\u00a0<\/p>\n<p>El lunes pasado tuvo lugar la presentaci\u00f3n del libro &#8216;Una dulce historia&#8217;, de Rafa Juan, CEO de Vicky Meals, en el que narra la trayectoria de la empresa acquainted, desde sus or\u00edgenes hasta la actualidad. El acto sirvi\u00f3 adem\u00e1s para inaugurar la sede de la Fundaci\u00f3n Vicky Meals, en el mismo complejo industrial de Villalonga, tras rehabilitar las antiguas oficinas administrativas, que estaban en desuso, despu\u00e9s de trasladar a finales de 2019 todos los servicios para inaugurar el Centro de Innovaci\u00f3n.<\/p>\n<p>\u00a0<\/p>\n<p><img decoding=\"async\" alt=\"[Img #53659]\" class=\"RichTextAlignLeft\" src=\"https:\/\/saforguia.com\/upload\/images\/10_2021\/2649_presentacion-una-dulce-historia_rafael-juan-consejero-delegado-de-vicky-foods.jpg\" style=\"height:287px;width:430px;\"\/>El acto, con limitaciones de aforo, cont\u00f3 con directivos del mundo de la empresa y autoridades pol\u00edticas, entre ellas el presidente de la Generalitat, Ximo Puig, que ha escrito el pr\u00f3logo del libro, y el de Les Corts, Enric Morera. Adem\u00e1s, la ministra de Ciencia e Innovaci\u00f3n, Diana Morant, se sum\u00f3 con un mensaje de felicitaci\u00f3n grabado desde Madrid.\u00a0\u00a0<\/p>\n<p>\u00a0<\/p>\n<p>Durante el mismo tambi\u00e9n se quiso rendir un tributo a la figura de Victoria Fern\u00e1ndez, cofundadora del \u201cholding\u201d internacional fallecida en abril, descubriendo un busto en su honor. Esta escultura presidir\u00e1 las nuevas instalaciones de la Fundaci\u00f3n Vicky Meals, una entidad que naci\u00f3 a finales de 2020 con el prop\u00f3sito de fomentar la innovaci\u00f3n, el emprendimiento y el desarrollo de actividades relacionadas con la formaci\u00f3n y el aprendizaje.<\/p>\n<p>\u00a0<\/p>\n<p><img decoding=\"async\" alt=\"[Img #53660]\" class=\"RichTextAlignLeft\" src=\"https:\/\/saforguia.com\/upload\/images\/10_2021\/4575_211018_pre_foto2_vickyfoods.jpg\" style=\"height:447px;width:670px;\"\/><\/p>\n<p>\u00a0<\/p>\n<p>Hubo tambi\u00e9n un debate-coloquio con Ximo Puig, Rafa Juan y Pedro Mart\u00ednez, CEO de Agilyza Consulting, moderado por la periodista Marina Vall\u00e9s, donde se habl\u00f3 de innovaci\u00f3n, liderazgo, trabajo en equipo y empresa acquainted. El evento estuvo amenizado por un cuarteto de cuerda.<\/p>\n<p>\u00a0<\/p>\n<p><img decoding=\"async\" alt=\"[Img #53656]\" class=\"RichTextAlignLeft\" src=\"https:\/\/saforguia.com\/upload\/images\/10_2021\/3354_presentacion-libro-una-dulce-historia.jpg\" style=\"height:447px;width:670px;\"\/><\/p>\n<p>\u00a0<\/p>\n<p>Ximo Puig destac\u00f3 la trayectoria de Vicky Meals \u201cuna firma comprometida con su tierra y su sociedad que, con una plantilla superior a las 2.600 personas, simboliza el valor de la empresa acquainted&#8221;. Adem\u00e1s, tambi\u00e9n elogi\u00f3 el perfil directivo de Rafa Juan y su protagonismo activo en la defensa del empresariado de la comarca de la Safor y la C. Valenciana.\u00a0<br \/>\u00a0<\/p>\n<p><img decoding=\"async\" alt=\"[Img #53655]\" class=\"RichTextAlignLeft\" src=\"https:\/\/saforguia.com\/upload\/images\/10_2021\/5094_presentacion-una-dulce-historia_ximo-puig-presidente-de-la-generalitat-valenciana-y-rafael-juan-consejero-delegado-de-vicky-foods.jpg\" style=\"height:450px;width:300px;\"\/>A trav\u00e9s de los 16 cap\u00edtulos que conforman el libro, lanzado bajo el sello PROFIT Editorial, Rafael Juan cuenta en primera persona la historia de Vicky Meals: un peque\u00f1o negocio que nace de la historia de amor de sus padres, Antonio Juan y Victoria Fern\u00e1ndez, en los a\u00f1os 50 y que, con sus \u00e9xitos, pero tambi\u00e9n con sus fracasos, se ha convertido en un gigante del sector alimentario.<br \/>\u00a0<\/p>\n<p>\u00a0<\/p>\n<p>Los beneficios del libro ir\u00e1n destinados a proyecto educativos de la Fundaci\u00f3n Vicky Meals. La obra quiere ser un homenaje a todas las personas que con su esfuerzo han contribuido a construir la compa\u00f1\u00eda a lo largo de sus 70 a\u00f1os y un legado de sus valores y filosof\u00eda para las futuras generaciones.<\/p>\n<p>\u00a0<\/p>\n<p>ENLACE A LA <span style=\"font-size:16px;\"><strong><span style=\"text-decoration:underline;\"><a target=\"_blank\" href=\"https:\/\/unadulcehistoria.com\/\" rel=\"noreferrer noopener\">P\u00c1GINA WEB DE &#8216;UNA DULCE HISTORIA&#8217;.\u00a0<\/a><\/span><\/strong><\/span><\/p>\n<\/div>\n\n<p><em> \u2018 The preceding article may include information circulated by third parties \u2019 <\/em><\/p>\n<p><em> \u2018 Some details of this article were extracted from the following source saforguia.com \u2019 <\/em><\/p>\n","protected":false},"excerpt":{"rendered":"<p>\u00a0 El lunes pasado tuvo lugar la presentaci\u00f3n del libro &#8216;Una dulce historia&#8217;, de Rafa Juan, CEO de Vicky Meals, en el que narra la trayectoria de la empresa acquainted, desde sus or\u00edgenes hasta la actualidad. El acto sirvi\u00f3 adem\u00e1s para inaugurar la sede de la Fundaci\u00f3n Vicky Meals, en el mismo complejo industrial de [&hellip;]<\/p>\n","protected":false},"author":2,"featured_media":210217,"comment_status":"open","ping_status":"closed","sticky":false,"template":"","format":"standard","meta":{"om_disable_all_campaigns":false,"jnews-multi-image_gallery":[],"jnews_single_post":[],"jnews_primary_category":[],"jnews_social_meta":[],"footnotes":""},"categories":[43],"tags":[33962],"class_list":["post-210216","post","type-post","status-publish","format-standard","has-post-thumbnail","hentry","category-gourmet","tag-una-dulce-historia-vicky-foods"],"_links":{"self":[{"href":"https:\/\/dimensionturistica.com\/es\/wp-json\/wp\/v2\/posts\/210216","targetHints":{"allow":["GET"]}}],"collection":[{"href":"https:\/\/dimensionturistica.com\/es\/wp-json\/wp\/v2\/posts"}],"about":[{"href":"https:\/\/dimensionturistica.com\/es\/wp-json\/wp\/v2\/types\/post"}],"author":[{"embeddable":true,"href":"https:\/\/dimensionturistica.com\/es\/wp-json\/wp\/v2\/users\/2"}],"replies":[{"embeddable":true,"href":"https:\/\/dimensionturistica.com\/es\/wp-json\/wp\/v2\/comments?post=210216"}],"version-history":[{"count":0,"href":"https:\/\/dimensionturistica.com\/es\/wp-json\/wp\/v2\/posts\/210216\/revisions"}],"wp:featuredmedia":[{"embeddable":true,"href":"https:\/\/dimensionturistica.com\/es\/wp-json\/wp\/v2\/media\/210217"}],"wp:attachment":[{"href":"https:\/\/dimensionturistica.com\/es\/wp-json\/wp\/v2\/media?parent=210216"}],"wp:term":[{"taxonomy":"category","embeddable":true,"href":"https:\/\/dimensionturistica.com\/es\/wp-json\/wp\/v2\/categories?post=210216"},{"taxonomy":"post_tag","embeddable":true,"href":"https:\/\/dimensionturistica.com\/es\/wp-json\/wp\/v2\/tags?post=210216"}],"curies":[{"name":"wp","href":"https:\/\/api.w.org\/{rel}","templated":true}]}}