{"id":210184,"date":"2021-10-19T05:58:24","date_gmt":"2021-10-19T05:58:24","guid":{"rendered":"https:\/\/dimensionturistica.com\/es\/?p=210184"},"modified":"2021-10-19T05:58:24","modified_gmt":"2021-10-19T05:58:24","slug":"plaza-tv-del-rio-vicky-foods-en-vickyfooders-los-consumidores-participan-incluso-antes-de-sacar-un-producto-al-mercado","status":"publish","type":"post","link":"https:\/\/dimensionturistica.com\/es\/plaza-tv-del-rio-vicky-foods-en-vickyfooders-los-consumidores-participan-incluso-antes-de-sacar-un-producto-al-mercado\/","title":{"rendered":"Plaza TV| Del R\u00edo (Vicky Foods): \u201cEn \u2018vickyfooders\u2019 los consumidores participan incluso antes de sacar un producto al mercado\u201d"},"content":{"rendered":"<p> <br \/>\n<\/p>\n<div>\n<p>Manteni\u00e9ndose en su lugar de origen, Vicky Meals levant\u00f3 en 2019 un espectacular centro de innovaci\u00f3n cuya inversi\u00f3n para su creaci\u00f3n fue de 6,5 millones de euros. Cuenta con una superficie de 9.000 m2 en los que se desarrollan los diferentes proyectos por un equipo formado por 150 profesionales entre internos y externos.<\/p>\n<\/div>\n<div>\n<p>Este reportaje forma parte del programa <em><strong>Plaza 4.0<\/strong><\/em>, que dirige y presenta en <em><strong>Plaza TV<\/strong><\/em><strong>\u00a0<\/strong>el periodista Jose For\u00e9s Romero.<\/p>\n<p>Si \u00a0te perdiste este programa de Plaza 4.0 y quieres verlo, aqu\u00ed lo tienes entero.<\/p>\n<\/div>\n\n<p><em> \u2018 The preceding article may include information circulated by third parties \u2019 <\/em><\/p>\n<p><em> \u2018 Some details of this article were extracted from the following source plazatv.valenciaplaza.com \u2019 <\/em><\/p>\n","protected":false},"excerpt":{"rendered":"<p>Manteni\u00e9ndose en su lugar de origen, Vicky Meals levant\u00f3 en 2019 un espectacular centro de innovaci\u00f3n cuya inversi\u00f3n para su creaci\u00f3n fue de 6,5 millones de euros. Cuenta con una superficie de 9.000 m2 en los que se desarrollan los diferentes proyectos por un equipo formado por 150 profesionales entre internos y externos. Este reportaje [&hellip;]<\/p>\n","protected":false},"author":2,"featured_media":210185,"comment_status":"open","ping_status":"closed","sticky":false,"template":"","format":"standard","meta":{"om_disable_all_campaigns":false,"jnews-multi-image_gallery":[],"jnews_single_post":[],"jnews_primary_category":[],"jnews_social_meta":[],"footnotes":""},"categories":[43],"tags":[33960],"class_list":["post-210184","post","type-post","status-publish","format-standard","has-post-thumbnail","hentry","category-gourmet","tag-plaza-4-0"],"_links":{"self":[{"href":"https:\/\/dimensionturistica.com\/es\/wp-json\/wp\/v2\/posts\/210184","targetHints":{"allow":["GET"]}}],"collection":[{"href":"https:\/\/dimensionturistica.com\/es\/wp-json\/wp\/v2\/posts"}],"about":[{"href":"https:\/\/dimensionturistica.com\/es\/wp-json\/wp\/v2\/types\/post"}],"author":[{"embeddable":true,"href":"https:\/\/dimensionturistica.com\/es\/wp-json\/wp\/v2\/users\/2"}],"replies":[{"embeddable":true,"href":"https:\/\/dimensionturistica.com\/es\/wp-json\/wp\/v2\/comments?post=210184"}],"version-history":[{"count":0,"href":"https:\/\/dimensionturistica.com\/es\/wp-json\/wp\/v2\/posts\/210184\/revisions"}],"wp:featuredmedia":[{"embeddable":true,"href":"https:\/\/dimensionturistica.com\/es\/wp-json\/wp\/v2\/media\/210185"}],"wp:attachment":[{"href":"https:\/\/dimensionturistica.com\/es\/wp-json\/wp\/v2\/media?parent=210184"}],"wp:term":[{"taxonomy":"category","embeddable":true,"href":"https:\/\/dimensionturistica.com\/es\/wp-json\/wp\/v2\/categories?post=210184"},{"taxonomy":"post_tag","embeddable":true,"href":"https:\/\/dimensionturistica.com\/es\/wp-json\/wp\/v2\/tags?post=210184"}],"curies":[{"name":"wp","href":"https:\/\/api.w.org\/{rel}","templated":true}]}}