{"id":210052,"date":"2021-10-18T22:24:11","date_gmt":"2021-10-18T22:24:11","guid":{"rendered":"https:\/\/dimensionturistica.com\/es\/?p=210052"},"modified":"2021-10-18T22:24:11","modified_gmt":"2021-10-18T22:24:11","slug":"los-taxistas-contentos-hoy-quiza-manana-no","status":"publish","type":"post","link":"https:\/\/dimensionturistica.com\/es\/los-taxistas-contentos-hoy-quiza-manana-no\/","title":{"rendered":"Los taxistas contentos hoy, quiz\u00e1 ma\u00f1ana no"},"content":{"rendered":"<p> <br \/>\n<\/p>\n<div>\n<p>                <span itemprop=\"articleBody\"><\/p>\n<p><strong>\u00a0<\/p>\n<div class=\"jeg_video_container jeg_video_content\"><iframe loading=\"lazy\" title=\"Los taxistas contentos hoy, quiz\u00e1 ma\u00f1ana no\" width=\"500\" height=\"281\" src=\"https:\/\/www.youtube.com\/embed\/OcVSJDf9CxM?feature=oembed\" frameborder=\"0\" allow=\"accelerometer; autoplay; clipboard-write; encrypted-media; gyroscope; picture-in-picture; web-share\" referrerpolicy=\"strict-origin-when-cross-origin\" allowfullscreen><\/iframe><\/div>\n<p><\/strong><\/p>\n<p>&#13;<\/p>\n<p><strong>Las \u00faltimas jornadas de cruceros han sido muy positivas para isla<\/strong><\/p>\n<p>&#13;<br \/>\n &#13;<\/p>\n<p>\u00a0<\/p>\n<p>&#13;<\/p>\n<p><strong><\/p>\n<li class=\"texto\"><i class=\"fa fa-file-text-o\"\/>Lancelot Digital<\/li>\n<p>\u00a0<\/strong><\/p>\n<p>&#13;<\/p>\n<p>\u00a0<\/p>\n<p>&#13;<\/p>\n<p>Manuel Guill\u00e9n, presidente de la Cooperativa de Taxis San Marcial, se mostraba francamente contento con la vuelta de los cruceros. Y como \u00e9l, igual de satisfechos se encuentran los taxistas de la capital en la jornada de hoy despu\u00e9s de que pudieran ejercer su derecho a trabajar con los cruceristas que arribaron a Lanzarote en dos buques. Pero, sin embargo, no ha sido as\u00ed en las \u00faltimas fechas. \u201cEl crucero de hoy ha permitido que la gente baje libremente a pasear por la ciudad y que escojan el medio de transporte que prefieran, pero luego hay otras empresas que no dejan a sus pasajeros decidir, sino que solo pueden optar al producto que venden desde el mismo crucero\u201d.<\/p>\n<p>&#13;<\/p>\n<p>\u00a0<\/p>\n<p>&#13;<\/p>\n<p>\u00a0<\/p>\n<p>&#13;<\/p>\n<p>Parece algo il\u00f3gico que las medidas sanitarias dependan de las decisiones particulares de las empresas encargadas de organizar estos viajes y algunas s\u00f3lo permiten cerrar excursiones en grupo burbuja bajo sus directrices y para ello, \u00bfqu\u00e9 alegan?<\/p>\n<p>&#13;<\/p>\n<p>\u00a0<\/p>\n<p>&#13;<\/p>\n<p>Guill\u00e9n asegura que se protegen bajo el paraguas del covid, pero \u201ces una excusa. Es il\u00f3gico que vengan a Lanzarote y no dejen econom\u00eda en la isla\u201d.<\/p>\n<p>&#13;<\/p>\n<p>\u00a0<\/p>\n<p>&#13;<\/p>\n<p>&#13;<\/p>\n<p>Est\u00e1n siendo unas jornadas tur\u00edsticas positivas para Arrecife. De hecho, ayer llegaba a puerto un impresionante crucero, el MS Iona con casi 4000 pasajeros en su inside. Pronto se sabr\u00e1 si esto se trata de un hecho aislado o de una constante. Todo depender\u00e1 de lo acordado por la mesa del comercio y el turismo de arrecife que pretende, a trav\u00e9s del di\u00e1logo, presentar la capital de Lanzarote como un destino seguro para la bajada de turistas libremente.<\/p>\n<p>                    <\/span><\/p><\/div>\n<p><script src=\"https:\/\/connect.facebook.net\/es_ES\/all.js#xfbml=1\" type=\"text\/javascript\"><\/script><script type=\"text\/javascript\">\n\/\/<![CDATA[\n   \twindow.fbAsyncInit = function() {\n\t\tFB.init({ appId: '171342606239806', \n\t\t\tstatus: true, \n\t\t\tcookie: true,\n\t\t\txfbml: true,\n\t\t\toauth: true\n\t\t});\n   \t\t    \n\t  \t\t};\n    \/\/      \n    jQuery(window).load(function() {\n    \t(function(){\n    \t\tif(!document.getElementById('fb-root')) {\n    \t\t\tvar root = document.createElement('div');\n    \t\t\troot.id = 'fb-root';\n    \t\t\tdocument.getElementById('gkfb-root').appendChild(root);\n    \t\t\tvar e = document.createElement('script');\n    \t\t\te.src = document.location.protocol + '\/\/connect.facebook.net\/es_ES\/all.js';\n    \t\t\te.async = true;\n    \t\t\tdocument.getElementById('fb-root').appendChild(e);\n    \t\t}  \n    \t})();\n    });\n    \/\/]]>\n<\/script><br \/>\n<br \/><\/p>\n<p><em> &#8221; Fuentes www.lancelotdigital.com &#8221; <\/em><\/p>\n","protected":false},"excerpt":{"rendered":"<p>\u00a0 &#13; Las \u00faltimas jornadas de cruceros han sido muy positivas para isla &#13; &#13; \u00a0 &#13; Lancelot Digital \u00a0 &#13; \u00a0 &#13; Manuel Guill\u00e9n, presidente de la Cooperativa de Taxis San Marcial, se mostraba francamente contento con la vuelta de los cruceros. Y como \u00e9l, igual de satisfechos se encuentran los taxistas de la [&hellip;]<\/p>\n","protected":false},"author":4,"featured_media":210053,"comment_status":"open","ping_status":"closed","sticky":false,"template":"","format":"standard","meta":{"om_disable_all_campaigns":false,"jnews-multi-image_gallery":[],"jnews_single_post":[],"jnews_primary_category":[],"jnews_social_meta":[],"footnotes":""},"categories":[41],"tags":[946],"class_list":["post-210052","post","type-post","status-publish","format-standard","has-post-thumbnail","hentry","category-cruceros","tag-lancelot-digital-noticias-lanzarote-diario-digital-periodico-canarias-sucesos-deportes-cultura-vida-social-opinion-semanario-revista"],"_links":{"self":[{"href":"https:\/\/dimensionturistica.com\/es\/wp-json\/wp\/v2\/posts\/210052","targetHints":{"allow":["GET"]}}],"collection":[{"href":"https:\/\/dimensionturistica.com\/es\/wp-json\/wp\/v2\/posts"}],"about":[{"href":"https:\/\/dimensionturistica.com\/es\/wp-json\/wp\/v2\/types\/post"}],"author":[{"embeddable":true,"href":"https:\/\/dimensionturistica.com\/es\/wp-json\/wp\/v2\/users\/4"}],"replies":[{"embeddable":true,"href":"https:\/\/dimensionturistica.com\/es\/wp-json\/wp\/v2\/comments?post=210052"}],"version-history":[{"count":0,"href":"https:\/\/dimensionturistica.com\/es\/wp-json\/wp\/v2\/posts\/210052\/revisions"}],"wp:featuredmedia":[{"embeddable":true,"href":"https:\/\/dimensionturistica.com\/es\/wp-json\/wp\/v2\/media\/210053"}],"wp:attachment":[{"href":"https:\/\/dimensionturistica.com\/es\/wp-json\/wp\/v2\/media?parent=210052"}],"wp:term":[{"taxonomy":"category","embeddable":true,"href":"https:\/\/dimensionturistica.com\/es\/wp-json\/wp\/v2\/categories?post=210052"},{"taxonomy":"post_tag","embeddable":true,"href":"https:\/\/dimensionturistica.com\/es\/wp-json\/wp\/v2\/tags?post=210052"}],"curies":[{"name":"wp","href":"https:\/\/api.w.org\/{rel}","templated":true}]}}