{"id":209718,"date":"2021-10-18T11:57:13","date_gmt":"2021-10-18T11:57:13","guid":{"rendered":"https:\/\/dimensionturistica.com\/es\/?p=209718"},"modified":"2021-10-18T11:57:14","modified_gmt":"2021-10-18T11:57:14","slug":"iberia-retoma-sus-conexiones-con-eeuu-con-el-fin-de-las-restricciones-a-los-viajes","status":"publish","type":"post","link":"https:\/\/dimensionturistica.com\/es\/iberia-retoma-sus-conexiones-con-eeuu-con-el-fin-de-las-restricciones-a-los-viajes\/","title":{"rendered":"Iberia retoma sus conexiones con EEUU con el fin de las restricciones a los viajes"},"content":{"rendered":"<p> <br \/>\n<\/p>\n<div id=\"article-body-content\" data-action=\"toggle\" data-status=\"on\">\n<section class=\"rel-news\" data-mrf-recirculation=\"noticias-relacionadas-noticia\">\n<h4>Noticias relacionadas<\/h4>\n<\/section>\n<p id=\"paragraph_1\"><strong>El Gobierno de Estados Unidos<\/strong> abrir\u00e1 de nuevo sus fronteras para viajes por turismo desde la UE a partir del pr\u00f3ximo 8 de noviembre y la reacci\u00f3n de Iberia no se ha hecho esperar <a rel=\"nofollow noopener\" target=\"_blank\" href=\"https:\/\/www.elespanol.com\/invertia\/empresas\/turismo\/20210728\/golpe-iberia-europa-maroto-no-eeuu-espana\/599691358_0.html\">tras el golpe recibido en julio<\/a>. La aerol\u00ednea reactiva sus conexiones y <strong>ha programado 70 vuelos semanales entre Espa\u00f1a y Estados Unidos<\/strong> para la temporada de invierno que comienza el 31 de octubre.<\/p>\n<p id=\"paragraph_2\">En concreto, <strong>la aerol\u00ednea ofrecer\u00e1 10 vuelos semanales a Nueva York y otros 10 a Miami por sentido<\/strong>; Chicago contar\u00e1 con cinco vuelos a la semana, y Boston y Los \u00c1ngeles con otras tres frecuencias semanales, seg\u00fan explica en un comunicado.\u00a0<\/p>\n<p id=\"paragraph_3\">La oferta se completa con cuatro vuelos semanales a San Juan de Puerto Rico, destino que forma parte tambi\u00e9n del acuerdo de negocio conjunto para las rutas entre Europa y el Atl\u00e1ntico Norte que Iberia mantiene junto con American Airways, British Airways y Finnair.<\/p>\n<p id=\"paragraph_4\">Adem\u00e1s,<strong> Iberia ofrece vuelos dentro de Estados Unidos a 117 destinos m\u00e1s<\/strong>, gracias a los acuerdos de c\u00f3digo compartido con otras aerol\u00edneas; el \u00faltimo firmado hace unos d\u00edas con Alaska Airways y Stage, por el cual se a\u00f1ad\u00edan 37 destinos m\u00e1s en la Costa Oeste.<\/p>\n<p id=\"paragraph_5\">La aerol\u00ednea espa\u00f1ola ha lanzado una campa\u00f1a de precios para viajar a Estados Unidos desde solo 111 euros por trayecto. Miami desde 111 euros, Nueva York desde 123 o Chicago desde 131.<\/p>\n<p id=\"paragraph_6\">Adem\u00e1s, esta oferta tambi\u00e9n incluye la posibilidad de reservar vuelo+lodge en la misma operaci\u00f3n de forma que el York + 4 noches de lodge desde 399 euros. Estos precios est\u00e1n disponibles en iberia.com hasta el 20 de octubre para volar desde noviembre hasta el 31 de marzo de 2022.<\/p>\n<p id=\"paragraph_7\">Recientemente, <a rel=\"nofollow noopener\" target=\"_blank\" href=\"https:\/\/www.elespanol.com\/invertia\/empresas\/turismo\/20211014\/iberia-incrementa-oferta-puente-aereo-relanzar-negocios\/619438871_0.html\">anunci\u00f3\u00a0<\/a><span><a rel=\"nofollow noopener\" target=\"_blank\" href=\"https:\/\/www.elespanol.com\/invertia\/empresas\/turismo\/20211014\/iberia-incrementa-oferta-puente-aereo-relanzar-negocios\/619438871_0.html\">la reactivaci\u00f3n de los viajes de negocios<\/a> al darle otro impulso a\u00a0<\/span><strong>su servicio de Puente A\u00e9reo entre Madrid y Barcelona<span>\u00a0<\/span><\/strong><span>aumentando un 50% su oferta.\u00a0<\/span><\/p>\n<p><include onerror=\"continue\" src=\"https:\/\/www.elespanol.com\/eemodules\/ESPTagListContentsHTMLMO\/mo.html?p=W10&amp;h=0b72\"\/><\/p>\n<h3 class=\"follow-topics-title\"><span class=\"follow-topics-title__icon\"\/>Sigue los temas que te interesan<\/h3>\n<\/p><\/div>\n\n<p><em> &#8221; Fuentes www.elespanol.com &#8221; <\/em><\/p>\n","protected":false},"excerpt":{"rendered":"<p>Noticias relacionadas El Gobierno de Estados Unidos abrir\u00e1 de nuevo sus fronteras para viajes por turismo desde la UE a partir del pr\u00f3ximo 8 de noviembre y la reacci\u00f3n de Iberia no se ha hecho esperar tras el golpe recibido en julio. La aerol\u00ednea reactiva sus conexiones y ha programado 70 vuelos semanales entre Espa\u00f1a [&hellip;]<\/p>\n","protected":false},"author":4,"featured_media":209719,"comment_status":"open","ping_status":"closed","sticky":false,"template":"","format":"standard","meta":{"om_disable_all_campaigns":false,"jnews-multi-image_gallery":[],"jnews_single_post":[],"jnews_primary_category":[],"jnews_social_meta":[],"footnotes":""},"categories":[39],"tags":[808,544,545],"class_list":["post-209718","post","type-post","status-publish","format-standard","has-post-thumbnail","hentry","category-viajes","tag-iberia","tag-turismo","tag-viajes"],"_links":{"self":[{"href":"https:\/\/dimensionturistica.com\/es\/wp-json\/wp\/v2\/posts\/209718","targetHints":{"allow":["GET"]}}],"collection":[{"href":"https:\/\/dimensionturistica.com\/es\/wp-json\/wp\/v2\/posts"}],"about":[{"href":"https:\/\/dimensionturistica.com\/es\/wp-json\/wp\/v2\/types\/post"}],"author":[{"embeddable":true,"href":"https:\/\/dimensionturistica.com\/es\/wp-json\/wp\/v2\/users\/4"}],"replies":[{"embeddable":true,"href":"https:\/\/dimensionturistica.com\/es\/wp-json\/wp\/v2\/comments?post=209718"}],"version-history":[{"count":0,"href":"https:\/\/dimensionturistica.com\/es\/wp-json\/wp\/v2\/posts\/209718\/revisions"}],"wp:featuredmedia":[{"embeddable":true,"href":"https:\/\/dimensionturistica.com\/es\/wp-json\/wp\/v2\/media\/209719"}],"wp:attachment":[{"href":"https:\/\/dimensionturistica.com\/es\/wp-json\/wp\/v2\/media?parent=209718"}],"wp:term":[{"taxonomy":"category","embeddable":true,"href":"https:\/\/dimensionturistica.com\/es\/wp-json\/wp\/v2\/categories?post=209718"},{"taxonomy":"post_tag","embeddable":true,"href":"https:\/\/dimensionturistica.com\/es\/wp-json\/wp\/v2\/tags?post=209718"}],"curies":[{"name":"wp","href":"https:\/\/api.w.org\/{rel}","templated":true}]}}