{"id":209695,"date":"2021-10-18T11:18:36","date_gmt":"2021-10-18T11:18:36","guid":{"rendered":"https:\/\/dimensionturistica.com\/es\/?p=209695"},"modified":"2021-10-18T11:18:36","modified_gmt":"2021-10-18T11:18:36","slug":"llega-a-lanzarote-el-iona-uno-de-los-cruceros-mas-grandes-del-mundo","status":"publish","type":"post","link":"https:\/\/dimensionturistica.com\/es\/llega-a-lanzarote-el-iona-uno-de-los-cruceros-mas-grandes-del-mundo\/","title":{"rendered":"Llega a Lanzarote el Iona, uno de los cruceros m\u00e1s grandes del mundo"},"content":{"rendered":"<p> <br \/>\n<\/p>\n<div>\n<p>                <span itemprop=\"articleBody\"><\/p>\n<p><img decoding=\"async\" itemprop=\"image\" src=\"https:\/\/www.lancelotdigital.com\/images\/2021\/10\/CRUCEROS.webp\"\/><\/p>\n<p>&#13;<\/p>\n<p><strong>Viajan en el 2417 pasajeros a bordo, la gran mayor\u00eda de nacionalidad brit\u00e1nica, y 1197 tripulantes<\/strong><\/p>\n<p>&#13;<br \/>\n &#13;<\/p>\n<p>\u00a0<\/p>\n<p>&#13;<\/p>\n<li class=\"texto\"><i class=\"fa fa-file-text-o\"\/>Lancelot Digital<\/li>\n<p>\u00a0&#13;<\/p>\n<p>\u00a0<\/p>\n<p>&#13;<\/p>\n<p>El Puerto de Arrecife recibi\u00f3 ayer domingo, por primera vez, la visita del crucero de lujo Iona, uno de los m\u00e1s grandes del mundo, con 2417 pasajeros a bordo, la gran mayor\u00eda de nacionalidad brit\u00e1nica, y 1197 tripulantes.<\/p>\n<p>&#13;<\/p>\n<p>\u00a0<\/p>\n<p>&#13;<\/p>\n<p>Un imponente crucero de la naviera P&amp;O Cruises y consignado por Hamilton &amp; C\u00eda que hace un recorrido desde Southampton (Reino Unido), pasando por la costa norte de Espa\u00f1a, Portugal y Canarias.<\/p>\n<p>&#13;<\/p>\n<p>\u00a0<\/p>\n<p>&#13;<\/p>\n<p>El vicepresidente del Cabildo de Lanzarote, Jacobo Medina, partici\u00f3 en el acto de bienvenida celebrado a pie de barco e hizo entrega de una metopa conmemorativa al capit\u00e1n del crucero. En el acto tambi\u00e9n particip\u00f3 el concejal de Turismo de Arrecife, Armando Santana; el director del Puerto de Arrecife, Aitor Gal\u00e1n y el delegado de Aduanas, Francisco Gil, entre otros.<\/p>\n<p>&#13;<\/p>\n<p>\u00a0<\/p>\n<p>&#13;<\/p>\n<p>Jacobo Medina mostr\u00f3 su satisfacci\u00f3n ante la recuperaci\u00f3n del turismo de cruceros, tras los dif\u00edciles meses debido a la pandemia, ya que &#8220;sin duda es un gran dinamizador econ\u00f3mico para la isla y su capital, Arrecife, al impulsar los servicios de transportes, el comercio, la restauraci\u00f3n y la demanda de ocio, entre otros aspectos&#8221;.<\/p>\n<p>&#13;<\/p>\n<p>\u00a0<\/p>\n<p>&#13;<\/p>\n<p>Por otra parte, en la ma\u00f1ana de hoy lunes tambi\u00e9n arribaba al puerto capitalino el crucero de lujo Regal Princess, uno de los embajadores de la nueva generaci\u00f3n de barcos modernos y sostenibles de la naviera Princess Cruise. Un imponente crucero consignado por Hamilton &amp; C\u00eda, con 2417 pasajeros, la gran mayor\u00eda de nacionalidad brit\u00e1nica, y 1197 tripulantes.<\/p>\n<p>&#13;<\/p>\n<p>\u00a0<\/p>\n<p>&#13;<\/p>\n<p>\u00a0<\/p>\n<p>&#13;<\/p>\n<p>\u00a0<\/p>\n<p>                    <\/span><\/p><\/div>\n<p><script src=\"https:\/\/connect.facebook.net\/es_ES\/all.js#xfbml=1\" type=\"text\/javascript\"><\/script><script type=\"text\/javascript\">\n\/\/<![CDATA[\n   \twindow.fbAsyncInit = function() {\n\t\tFB.init({ appId: '171342606239806', \n\t\t\tstatus: true, \n\t\t\tcookie: true,\n\t\t\txfbml: true,\n\t\t\toauth: true\n\t\t});\n   \t\t    \n\t  \t\t};\n    \/\/      \n    jQuery(window).load(function() {\n    \t(function(){\n    \t\tif(!document.getElementById('fb-root')) {\n    \t\t\tvar root = document.createElement('div');\n    \t\t\troot.id = 'fb-root';\n    \t\t\tdocument.getElementById('gkfb-root').appendChild(root);\n    \t\t\tvar e = document.createElement('script');\n    \t\t\te.src = document.location.protocol + '\/\/connect.facebook.net\/es_ES\/all.js';\n    \t\t\te.async = true;\n    \t\t\tdocument.getElementById('fb-root').appendChild(e);\n    \t\t}  \n    \t})();\n    });\n    \/\/]]>\n<\/script><br \/>\n<br \/><\/p>\n<p><em> &#8221; Fuentes www.lancelotdigital.com &#8221; <\/em><\/p>\n","protected":false},"excerpt":{"rendered":"<p>&#13; Viajan en el 2417 pasajeros a bordo, la gran mayor\u00eda de nacionalidad brit\u00e1nica, y 1197 tripulantes &#13; &#13; \u00a0 &#13; Lancelot Digital \u00a0&#13; \u00a0 &#13; El Puerto de Arrecife recibi\u00f3 ayer domingo, por primera vez, la visita del crucero de lujo Iona, uno de los m\u00e1s grandes del mundo, con 2417 pasajeros a bordo, [&hellip;]<\/p>\n","protected":false},"author":4,"featured_media":209696,"comment_status":"open","ping_status":"closed","sticky":false,"template":"","format":"standard","meta":{"om_disable_all_campaigns":false,"jnews-multi-image_gallery":[],"jnews_single_post":[],"jnews_primary_category":[],"jnews_social_meta":[],"footnotes":""},"categories":[41],"tags":[946],"class_list":["post-209695","post","type-post","status-publish","format-standard","has-post-thumbnail","hentry","category-cruceros","tag-lancelot-digital-noticias-lanzarote-diario-digital-periodico-canarias-sucesos-deportes-cultura-vida-social-opinion-semanario-revista"],"_links":{"self":[{"href":"https:\/\/dimensionturistica.com\/es\/wp-json\/wp\/v2\/posts\/209695","targetHints":{"allow":["GET"]}}],"collection":[{"href":"https:\/\/dimensionturistica.com\/es\/wp-json\/wp\/v2\/posts"}],"about":[{"href":"https:\/\/dimensionturistica.com\/es\/wp-json\/wp\/v2\/types\/post"}],"author":[{"embeddable":true,"href":"https:\/\/dimensionturistica.com\/es\/wp-json\/wp\/v2\/users\/4"}],"replies":[{"embeddable":true,"href":"https:\/\/dimensionturistica.com\/es\/wp-json\/wp\/v2\/comments?post=209695"}],"version-history":[{"count":0,"href":"https:\/\/dimensionturistica.com\/es\/wp-json\/wp\/v2\/posts\/209695\/revisions"}],"wp:featuredmedia":[{"embeddable":true,"href":"https:\/\/dimensionturistica.com\/es\/wp-json\/wp\/v2\/media\/209696"}],"wp:attachment":[{"href":"https:\/\/dimensionturistica.com\/es\/wp-json\/wp\/v2\/media?parent=209695"}],"wp:term":[{"taxonomy":"category","embeddable":true,"href":"https:\/\/dimensionturistica.com\/es\/wp-json\/wp\/v2\/categories?post=209695"},{"taxonomy":"post_tag","embeddable":true,"href":"https:\/\/dimensionturistica.com\/es\/wp-json\/wp\/v2\/tags?post=209695"}],"curies":[{"name":"wp","href":"https:\/\/api.w.org\/{rel}","templated":true}]}}