{"id":209605,"date":"2021-10-18T07:12:25","date_gmt":"2021-10-18T07:12:25","guid":{"rendered":"https:\/\/dimensionturistica.com\/es\/?p=209605"},"modified":"2021-10-18T07:12:26","modified_gmt":"2021-10-18T07:12:26","slug":"los-cruceros-opinion-18-10-2021","status":"publish","type":"post","link":"https:\/\/dimensionturistica.com\/es\/los-cruceros-opinion-18-10-2021\/","title":{"rendered":"Los cruceros &#8211; Opini\u00f3n &#8211; 18\/10\/2021"},"content":{"rendered":"<p> <br \/>\n<\/p>\n<div>\n<div class=\"contenido-exclusivo-nota\" style=\"display:none\">\n<div class=\"ico-text\">\n<img decoding=\"async\" src=\"https:\/\/dimensionturistica.com\/es\/wp-content\/uploads\/2021\/09\/Una-nueva-era-de-GWM-y-Haval-en-Uruguay.svg.svg+xml\" alt=\"Contenido exclusivo para suscriptores\" title=\"Contenido exclusivo para suscriptores\" border=\"0\"\/><\/p>\n<p>Contenido Exclusivo<\/p>\n<\/div>\n<p>La nota a la que intentas acceder es exclusiva para suscriptores<\/p>\n<div class=\"btn\">\n<a rel=\"nofollow noopener\" target=\"_blank\" class=\"suscribirme\" href=\"https:\/\/www.elpais.com.uy\/opinion\/ecos\/javascript:displayRequireEntitlementPaywall()\">Suscribirme<\/a> <\/p>\n<p><b>Conoc\u00e9 nuestros planes<\/b><br \/>y disfrut\u00e1 de El Pa\u00eds sin l\u00edmites.<\/p>\n<\/div>\n<div class=\"btn\">\n<a rel=\"nofollow noopener\" target=\"_blank\" class=\"ingresar\" href=\"https:\/\/www.elpais.com.uy\/opinion\/ecos\/javascript:displayRequireLoginPopupPaywall(true)\">Ingresar<\/a> <\/p>\n<p><b>Si ya sos suscriptor<\/b> pod\u00e9s<br \/>ingresar con tu usuario y contrase\u00f1a.<\/p>\n<\/div>\n<\/div>\n<p class=\"paragraph \" id=\"p306054-m95-94-96\">@|En todos estos a\u00f1os, excepto el verano 2021 por la pandemia, la compa\u00f1\u00eda de cruceros que m\u00e1s arribos tuvo al puerto de Montevideo fue la MSC. Esta compa\u00f1\u00eda sal\u00eda siempre de Brasil pasando por Montevideo, Buenos Aires, Punta del Este, volviendo a su destino de partida.<\/p>\n<p>Pero el pr\u00f3ximo verano, debido a los protocolos acordados, no llegar\u00e1n ni a Uruguay ni a Argentina. O sea que este a\u00f1o no tendremos cruceristas brasile\u00f1os.<\/p>\n<p>Si bien los cruceristas brasile\u00f1os no son de gastar mucho, la llegada de cada buque mueve una enorme cantidad de trabajo: transporte, gu\u00edas tur\u00edsticos, restaurantes, buque en el puerto, estad\u00eda, suministros, flamable y aprovisionamiento de comestibles. Lo que podemos esperar es que lleguen turistas europeos, pero en menor medida.<\/p>\n<p>La compa\u00f1\u00eda MSC ya avis\u00f3 que regresar\u00e1 a las costas uruguayas y argentinas en el verano 2023. \u00a1Que as\u00ed sea!<\/p>\n<\/div>\n<p><script>\n        (function(d, s, id) {\n         var js, fjs = d.getElementsByTagName(s)[0];\n         if (d.getElementById(id)) return;\n         js = d.createElement(s); js.id = id;\n         js.src = \"\/\/connect.facebook.net\/es_ES\/sdk.js#xfbml=1&version=v2.10\";\n         fjs.parentNode.insertBefore(js, fjs);\n         }(document, 'script', 'facebook-jssdk'));\n    <\/script><script>\n\tif(typeof(fbAccounts)==\"undefined\"){\n\t\tfbAccounts = {\n\t\t\t'www.elpais.com.uy':'1975946609143501',\n\t\t\t'www.ovaciondigital.com.uy':'1126084374135056'\n\t   }\n\t   if(fbAccounts[window.location.host]){\n\t\t  !function(f,b,e,v,n,t,s)\n\t\t  {if(f.fbq)return;n=f.fbq=function(){n.callMethod?\n\t\t  n.callMethod.apply(n,arguments):n.queue.push(arguments)};\n\t\t  if(!f._fbq)f._fbq=n;n.push=n;n.loaded=!0;n.version='2.0';\n\t\t  n.queue=[];t=b.createElement(e);t.async=!0;\n\t\t  t.src=v;s=b.getElementsByTagName(e)[0];\n\t\t  s.parentNode.insertBefore(t,s)}(window, document,'script',\n\t\t  'https:\/\/connect.facebook.net\/en_US\/fbevents.js');\n\t\t  fbq('init', fbAccounts[window.location.host]);\n\t\t  fbq('track', 'PageView');\n\t\t }\n\t}\n<\/script><br \/>\n<br \/><\/p>\n<p><em> &#8221; Fuentes www.elpais.com.uy &#8221; <\/em><\/p>\n","protected":false},"excerpt":{"rendered":"<p>Contenido Exclusivo La nota a la que intentas acceder es exclusiva para suscriptores Suscribirme Conoc\u00e9 nuestros planesy disfrut\u00e1 de El Pa\u00eds sin l\u00edmites. Ingresar Si ya sos suscriptor pod\u00e9singresar con tu usuario y contrase\u00f1a. @|En todos estos a\u00f1os, excepto el verano 2021 por la pandemia, la compa\u00f1\u00eda de cruceros que m\u00e1s arribos tuvo al puerto [&hellip;]<\/p>\n","protected":false},"author":4,"featured_media":209606,"comment_status":"open","ping_status":"closed","sticky":false,"template":"","format":"standard","meta":{"om_disable_all_campaigns":false,"jnews-multi-image_gallery":[],"jnews_single_post":[],"jnews_primary_category":[],"jnews_social_meta":[],"footnotes":""},"categories":[41],"tags":[543],"class_list":["post-209605","post","type-post","status-publish","format-standard","has-post-thumbnail","hentry","category-cruceros","tag-cruceros"],"_links":{"self":[{"href":"https:\/\/dimensionturistica.com\/es\/wp-json\/wp\/v2\/posts\/209605","targetHints":{"allow":["GET"]}}],"collection":[{"href":"https:\/\/dimensionturistica.com\/es\/wp-json\/wp\/v2\/posts"}],"about":[{"href":"https:\/\/dimensionturistica.com\/es\/wp-json\/wp\/v2\/types\/post"}],"author":[{"embeddable":true,"href":"https:\/\/dimensionturistica.com\/es\/wp-json\/wp\/v2\/users\/4"}],"replies":[{"embeddable":true,"href":"https:\/\/dimensionturistica.com\/es\/wp-json\/wp\/v2\/comments?post=209605"}],"version-history":[{"count":0,"href":"https:\/\/dimensionturistica.com\/es\/wp-json\/wp\/v2\/posts\/209605\/revisions"}],"wp:featuredmedia":[{"embeddable":true,"href":"https:\/\/dimensionturistica.com\/es\/wp-json\/wp\/v2\/media\/209606"}],"wp:attachment":[{"href":"https:\/\/dimensionturistica.com\/es\/wp-json\/wp\/v2\/media?parent=209605"}],"wp:term":[{"taxonomy":"category","embeddable":true,"href":"https:\/\/dimensionturistica.com\/es\/wp-json\/wp\/v2\/categories?post=209605"},{"taxonomy":"post_tag","embeddable":true,"href":"https:\/\/dimensionturistica.com\/es\/wp-json\/wp\/v2\/tags?post=209605"}],"curies":[{"name":"wp","href":"https:\/\/api.w.org\/{rel}","templated":true}]}}